{"id":161889,"date":"2025-10-08T01:54:11","date_gmt":"2025-10-08T01:54:11","guid":{"rendered":"https:\/\/www.europesays.com\/es\/161889\/"},"modified":"2025-10-08T01:54:11","modified_gmt":"2025-10-08T01:54:11","slug":"que-cantante-de-rock-sos-segun-tu-mes-de-nacimiento","status":"publish","type":"post","link":"https:\/\/www.europesays.com\/es\/161889\/","title":{"rendered":"Qu\u00e9 cantante de rock sos, seg\u00fan tu mes de nacimiento"},"content":{"rendered":"<p class=\"left paragraph font__body-regular\">El <b>rock <\/b>siempre fue mucho m\u00e1s que un g\u00e9nero musical: es una actitud, una manera de mirar el mundo y de expresarse. Por eso, relacionar el <b>mes de nacimiento<\/b> con un <b>cantante de rock <\/b>resulta una forma divertida de entender qu\u00e9 <b>rasgos de tu car\u00e1cter<\/b> se asemejan a los de grandes \u00edconos que marcaron generaciones.<\/p>\n<p class=\"left paragraph font__body-regular\"><b>Le\u00e9 tambi\u00e9n:<\/b><a href=\"https:\/\/tn.com.ar\/sociedad\/2025\/10\/06\/decile-adios-a-las-esponjas-de-cocina-la-alternativa-sustentable-que-arrasa-en-europa\/\" target=\"_blank\" rel=\"noreferrer nofollow noopener\" title=\"https:\/\/tn.com.ar\/sociedad\/2025\/10\/06\/decile-adios-a-las-esponjas-de-cocina-la-alternativa-sustentable-que-arrasa-en-europa\/\"><b> Decile adi\u00f3s a las esponjas de cocina: la alternativa sustentable que arrasa en Europa<\/b><\/a><\/p>\n<p>Enero \u2013 Energ\u00eda y decisi\u00f3n<\/p>\n<p class=\"left paragraph font__body-regular\">Quienes nacieron en este mes se identifican con <b>Elvis Presley<\/b>, pionero y revolucionario, siempre un paso adelante.<\/p>\n<p><img decoding=\"async\" loading=\"lazy\" fetchpriority=\"low\" data-testid=\"loading-testid\" class=\"image content-image image_placeholder\" alt=\"Elvis Presley, en 1968, en plena actuaci\u00f3n (Foto: AP).\" width=\"767\" height=\"431\" src=\"https:\/\/www.europesays.com\/es\/wp-content\/uploads\/2025\/10\/elvis-presley-en-1968-en-plena-actuacion-foto-ap-KLZJDZ6OIFGYJJ2TNF4S2NKVZI.jpg\"\/><\/p>\n<p>Elvis Presley, en 1968, en plena actuaci\u00f3n (Foto: AP).<\/p>\n<p>Febrero \u2013 Rebeld\u00eda creativa<\/p>\n<p class=\"left paragraph font__body-regular\">Los de este mes comparten esp\u00edritu con <b>Kurt Cobain<\/b>, alguien que rompi\u00f3 moldes y no se conform\u00f3 con lo establecido.<\/p>\n<p><img decoding=\"async\" loading=\"lazy\" fetchpriority=\"low\" data-testid=\"loading-testid\" class=\"image content-image image_placeholder\" alt=\"Kurt Cobain actuando con Nirvana, en diciembre de 1993 (Foto: AP).\" width=\"767\" height=\"431\" src=\"https:\/\/www.europesays.com\/es\/wp-content\/uploads\/2025\/10\/kurt-cobain-actuando-con-nirvana-en-diciembre-de-1993-foto-ap-AVQEY5CEFRB3TAJXUXID6OGBL4.jpg\"\/><\/p>\n<p>Kurt Cobain actuando con Nirvana, en diciembre de 1993 (Foto: AP).<\/p>\n<p>Marzo \u2013 Intensidad emocional<\/p>\n<p class=\"left paragraph font__body-regular\">Conectan con <b>Eric Clapton<\/b>, artista sensible, capaz de transmitir cada sentimiento a trav\u00e9s de su guitarra.<\/p>\n<p><img decoding=\"async\" loading=\"lazy\" fetchpriority=\"low\" data-testid=\"loading-testid\" class=\"image content-image image_placeholder\" alt=\"Eric Clapton confes\u00f3 que padece tinnitus y que se est\u00e1 quedando sordo (Foto: Web)\" width=\"767\" height=\"432\" src=\"https:\/\/www.europesays.com\/es\/wp-content\/uploads\/2025\/10\/eric-clapton-confeso-que-padece-tinnitus-y-que-se-esta-quedando-sordo-foto-web-5HY4FJJ4JZCCPB6VEAQA5.jpeg\"\/><\/p>\n<p>Eric Clapton confes\u00f3 que padece tinnitus y que se est\u00e1 quedando sordo (Foto: Web)<\/p>\n<p>Abril \u2013 Fuerza arrolladora<\/p>\n<p class=\"left paragraph font__body-regular\">Similares a <b>Robert Plant<\/b>, de Led Zeppelin, carism\u00e1ticos y con voz potente que no pasa desapercibida.<\/p>\n<p><img decoding=\"async\" loading=\"lazy\" fetchpriority=\"low\" data-testid=\"loading-testid\" class=\"image content-image image_placeholder\" alt=\"Robert Plant e hijo (Foto: Familia Plant)\" width=\"767\" height=\"431\" src=\"https:\/\/www.europesays.com\/es\/wp-content\/uploads\/2025\/10\/robert-plant-e-hijo-foto-familia-plant-O636T6LMYBHWBECFKMTYRRNJCQ.JPG\"\/><\/p>\n<p>Robert Plant e hijo (Foto: Familia Plant)<\/p>\n<p>Mayo \u2013 Personalidad magn\u00e9tica<\/p>\n<p class=\"left paragraph font__body-regular\">Representados por <b>Bono<\/b>, de U2, con un costado solidario y un mensaje que busca trascender.<\/p>\n<p><img decoding=\"async\" loading=\"lazy\" fetchpriority=\"low\" data-testid=\"loading-testid\" class=\"image content-image image_placeholder\" alt=\"Bono durante la presentaci\u00f3n de U2 en el festival de Glastonbury, en 2011 (Foto: Reuters).\" width=\"767\" height=\"431\" src=\"https:\/\/www.europesays.com\/es\/wp-content\/uploads\/2025\/10\/bono-durante-la-presentacion-de-u2-en-el-festival-de-glastonbury-en-2011-foto-reuters-R7PBUBIVRFCNLA.jpeg\"\/><\/p>\n<p>Bono durante la presentaci\u00f3n de U2 en el festival de Glastonbury, en 2011 (Foto: Reuters).<\/p>\n<p>Junio \u2013 Versatilidad y encanto<\/p>\n<p class=\"left paragraph font__body-regular\">Su equivalente es <b>Paul McCartney<\/b>, creativo, innovador y con facilidad para reinventarse en distintos escenarios.<\/p>\n<p><img decoding=\"async\" loading=\"lazy\" fetchpriority=\"low\" data-testid=\"loading-testid\" class=\"image content-image image_placeholder\" alt=\"Paul McCartney actuando en Inglewood, California, en 2022 (Foto:REUTERS\/Mario Anzuoni).\" width=\"767\" height=\"430\" src=\"https:\/\/www.europesays.com\/es\/wp-content\/uploads\/2025\/10\/paul-mccartney-actuando-en-inglewood-california-en-2022-fotoreutersmario-anzuoni-B6N6ZGTX7ZHEFEYB2L4.jpeg\"\/><\/p>\n<p>Paul McCartney actuando en Inglewood, California, en 2022 (Foto:REUTERS\/Mario Anzuoni).<\/p>\n<p>Julio \u2013 Pasi\u00f3n y fuego<\/p>\n<p class=\"left paragraph font__body-regular\">Cercanos a <b>Mick Jagger<\/b>, l\u00edder nato, extrovertido y due\u00f1o de una energ\u00eda que parece inagotable.<\/p>\n<p><img decoding=\"async\" loading=\"lazy\" fetchpriority=\"low\" data-testid=\"loading-testid\" class=\"image content-image image_placeholder\" alt=\"Mick Jagger hace deporte, baila y tiene una dieta estricta. (Foto: REUTERS\/Callaghan O'Hare\/File Photo). \" width=\"767\" height=\"431\" src=\"https:\/\/www.europesays.com\/es\/wp-content\/uploads\/2025\/10\/mick-jagger-hace-deporte-baila-y-tiene-una-dieta-estricta-foto-reuterscallaghan-oharefile-photo-GF4Z.jpeg\"\/><\/p>\n<p>Mick Jagger hace deporte, baila y tiene una dieta estricta. (Foto: REUTERS\/Callaghan O&#8217;Hare\/File Photo). <\/p>\n<p>Agosto \u2013 Intensos y provocadores<\/p>\n<p class=\"left paragraph font__body-regular\">Su reflejo es <b>Freddie Mercury<\/b>, con una presencia inigualable y un talento que rompi\u00f3 barreras.<\/p>\n<p><img decoding=\"async\" loading=\"lazy\" fetchpriority=\"low\" data-testid=\"loading-testid\" class=\"image content-image image_placeholder\" alt=\"Freddie Mercury, en un show de Queen, en Australia (Foto: archivo\/Gill Allen\/AP).\" width=\"767\" height=\"431\" src=\"https:\/\/www.europesays.com\/es\/wp-content\/uploads\/2025\/10\/freddie-mercury-en-un-show-de-queen-en-australia-foto-archivogill-allenap-2S7UHR6SORC5ZMAH6PJXKZOYWA.jpeg\"\/><\/p>\n<p>Freddie Mercury, en un show de Queen, en Australia (Foto: archivo\/Gill Allen\/AP).<\/p>\n<p>Septiembre \u2013 Anal\u00edticos y reflexivos<\/p>\n<p class=\"left paragraph font__body-regular\">Conectan con <b>Bruce Springsteen<\/b>, el \u201cBoss\u201d, alguien que canta historias reales con autenticidad.<\/p>\n<p><img decoding=\"async\" loading=\"lazy\" fetchpriority=\"low\" data-testid=\"loading-testid\" class=\"image content-image image_placeholder\" alt=\"Bruce Springsteen actuando en un evento de campa\u00f1a del partido Dem\u00f3crata, en octubre 2024 (Foto: REUTERS\/Kevin Lamarque).\" width=\"767\" height=\"431\" src=\"https:\/\/www.europesays.com\/es\/wp-content\/uploads\/2025\/10\/bruce-springsteen-actuando-en-un-evento-de-campana-del-partido-democrata-en-octubre-2024-foto-reuter.jpeg\"\/><\/p>\n<p>Bruce Springsteen actuando en un evento de campa\u00f1a del partido Dem\u00f3crata, en octubre 2024 (Foto: REUTERS\/Kevin Lamarque).<\/p>\n<p>Octubre \u2013 Creativos y so\u00f1adores<\/p>\n<p class=\"left paragraph font__body-regular\">Su equivalente es <b>John Lennon<\/b>, siempre en b\u00fasqueda de nuevos horizontes y con un mensaje de paz.<\/p>\n<p><img decoding=\"async\" loading=\"lazy\" fetchpriority=\"low\" data-testid=\"loading-testid\" class=\"image content-image image_placeholder\" alt=\"John Lennon actuando en el Madison  Square Garden, en 1972 (Foto: AP).\" width=\"767\" height=\"431\" src=\"https:\/\/www.europesays.com\/es\/wp-content\/uploads\/2025\/10\/john-lennon-actuando-en-el-madison-square-garden-en-1972-foto-ap-QG3XACPQG5FIFO5ZATJP4PDFEU.jpg\"\/><\/p>\n<p>John Lennon actuando en el Madison  Square Garden, en 1972 (Foto: AP).<\/p>\n<p>Noviembre \u2013 Misteriosos y profundos<\/p>\n<p class=\"left paragraph font__body-regular\">Se identifican con <b>Jim Morrison<\/b>, de The Doors, con una mirada po\u00e9tica y enigm\u00e1tica sobre la vida.<\/p>\n<p><img decoding=\"async\" loading=\"lazy\" fetchpriority=\"low\" data-testid=\"loading-testid\" class=\"image content-image image_placeholder\" alt=\"Jim Morrison muri\u00f3 el 3 de julio de 1971. Foto: AP. \" width=\"767\" height=\"431\" src=\"https:\/\/www.europesays.com\/es\/wp-content\/uploads\/2025\/10\/jim-morrison-murio-el-3-de-julio-de-1971-foto-ap-PTYVKW6ZK7DH4GAGF3ITDZV5TE.jpg\"\/><\/p>\n<p>Jim Morrison muri\u00f3 el 3 de julio de 1971. Foto: AP. <\/p>\n<p>Diciembre \u2013 Aventureros y libres<\/p>\n<p class=\"left paragraph font__body-regular\">Cercanos a <b>Keith Richards<\/b>, eterno explorador de sonidos y actitudes, sin miedo a los excesos.<\/p>\n<p><img decoding=\"async\" loading=\"lazy\" fetchpriority=\"low\" data-testid=\"loading-testid\" class=\"image content-image image_placeholder\" alt=\"Keith Richards durante un show de los Rolling Stones en Nueva York, en 2023 (Foto: Evan Agostini\/Invision\/AP).\" width=\"767\" height=\"431\" src=\"https:\/\/www.europesays.com\/es\/wp-content\/uploads\/2025\/10\/keith-richards-durante-un-show-de-los-rolling-stones-en-nueva-york-en-2023-foto-evan-agostiniinvisio.jpeg\"\/><\/p>\n<p>Keith Richards durante un show de los Rolling Stones en Nueva York, en 2023 (Foto: Evan Agostini\/Invision\/AP).<\/p>\n<p class=\"left paragraph font__body-regular\">Este juego no busca ser un an\u00e1lisis astrol\u00f3gico ni cient\u00edfico, sino una propuesta entretenida para descubrir qu\u00e9 <b>leyenda del rock<\/b> se acerca m\u00e1s a tu estilo de ser.<\/p>\n","protected":false},"excerpt":{"rendered":"El rock siempre fue mucho m\u00e1s que un g\u00e9nero musical: es una actitud, una manera de mirar el&hellip;\n","protected":false},"author":2,"featured_media":161890,"comment_status":"","ping_status":"","sticky":false,"template":"","format":"standard","meta":{"footnotes":""},"categories":[170],"tags":[47986,146,147,25,24,184,185,1273,23,11934],"class_list":{"0":"post-161889","1":"post","2":"type-post","3":"status-publish","4":"format-standard","5":"has-post-thumbnail","7":"category-musica","8":"tag-astrologia","9":"tag-entertainment","10":"tag-entretenimiento","11":"tag-es","12":"tag-espana","13":"tag-music","14":"tag-musica","15":"tag-rock","16":"tag-spain","17":"tag-tns"},"share_on_mastodon":{"url":"","error":""},"_links":{"self":[{"href":"https:\/\/www.europesays.com\/es\/wp-json\/wp\/v2\/posts\/161889","targetHints":{"allow":["GET"]}}],"collection":[{"href":"https:\/\/www.europesays.com\/es\/wp-json\/wp\/v2\/posts"}],"about":[{"href":"https:\/\/www.europesays.com\/es\/wp-json\/wp\/v2\/types\/post"}],"author":[{"embeddable":true,"href":"https:\/\/www.europesays.com\/es\/wp-json\/wp\/v2\/users\/2"}],"replies":[{"embeddable":true,"href":"https:\/\/www.europesays.com\/es\/wp-json\/wp\/v2\/comments?post=161889"}],"version-history":[{"count":0,"href":"https:\/\/www.europesays.com\/es\/wp-json\/wp\/v2\/posts\/161889\/revisions"}],"wp:featuredmedia":[{"embeddable":true,"href":"https:\/\/www.europesays.com\/es\/wp-json\/wp\/v2\/media\/161890"}],"wp:attachment":[{"href":"https:\/\/www.europesays.com\/es\/wp-json\/wp\/v2\/media?parent=161889"}],"wp:term":[{"taxonomy":"category","embeddable":true,"href":"https:\/\/www.europesays.com\/es\/wp-json\/wp\/v2\/categories?post=161889"},{"taxonomy":"post_tag","embeddable":true,"href":"https:\/\/www.europesays.com\/es\/wp-json\/wp\/v2\/tags?post=161889"}],"curies":[{"name":"wp","href":"https:\/\/api.w.org\/{rel}","templated":true}]}}