{"id":161910,"date":"2025-10-08T02:13:13","date_gmt":"2025-10-08T02:13:13","guid":{"rendered":"https:\/\/www.europesays.com\/es\/161910\/"},"modified":"2025-10-08T02:13:13","modified_gmt":"2025-10-08T02:13:13","slug":"emma-watson-despierta-sospechas-de-compromiso-con-misterioso-anillo","status":"publish","type":"post","link":"https:\/\/www.europesays.com\/es\/161910\/","title":{"rendered":"Emma Watson despierta sospechas de compromiso con misterioso anillo"},"content":{"rendered":"<p id=\"e1psshsoZL\" data-wc=\"82\">Este ha sido un gran a\u00f1o para el amor en el mundo de las celebridades. En los \u00faltimos meses se han comprometido famosos como <strong>Taylor Swift\u00a0<\/strong>con <strong>Travis Kelce\u00a0<\/strong>y <a class=\"hm-link ho-link\" href=\"https:\/\/www.hola.com\/us-es\/celebrities\/20250811849583\/georgina-rodriguez-anillo-de-compromiso-diamante-millones-dolares\/\" data-mrf-recirculation=\"article-body-link\" rel=\"nofollow noopener\" target=\"_blank\">Georgina Rodr\u00edguez con Cristiano Ronaldo<\/a>; adem\u00e1s, hace apenas unos d\u00edas <a class=\"hm-link ho-link\" href=\"https:\/\/www.hola.com\/us-es\/celebrities\/20251001859063\/selena-gomez-todos-los-vestidos-de-novia-que-uso-para-su-sonada-boda-con-benny-blanco\/\" data-mrf-recirculation=\"article-body-link\" rel=\"nofollow noopener\" target=\"_blank\">Selena Gomez celebr\u00f3 su boda con Benny Blanco<\/a>. Es por todo lo anterior que cuando <strong>Emma Watson\u00a0<\/strong>apareci\u00f3 en Par\u00eds luciendo un espectacular anillo no tardaron en surgir especulaciones de posible compromiso, pero \u00bfen verdad la actriz brit\u00e1nica est\u00e1 pensando en matrimonio?<\/p>\n<p> <img src=\"https:\/\/www.europesays.com\/es\/wp-content\/uploads\/2025\/10\/b15c58c761f1-gettyimages-2239789928.jpg\"   width=\"768\" height=\"1024\" loading=\"lazy\" decoding=\"async\" alt=\"Emma Watson acapar\u00f3 las miradas a su llegada al desfile de Miu Miu en la Semana de la Moda de Par\u00eds.\" fetchpriority=\"auto\" class=\"image ho-image\"\/>\u00a9 Getty ImagesEmma Watson acapar\u00f3 las miradas a su llegada al desfile de Miu Miu en la Semana de la Moda de Par\u00eds.<\/p>\n<p id=\"et63Wxo25Ga\" data-wc=\"85\">El pasado 6 de octubre, Emma asisti\u00f3 al desfile de\u00a0Miu Miu en el marco de la Semana de la Moda de Par\u00eds. La estrella de Harry Potter reafirm\u00f3 su elegancia y estilo femenino usando un vestido rosa satinado con un abrigo color camel, as\u00ed como unos kitten heels negros y un bolso a juego. Sin embargo, los fans m\u00e1s observadores centraron sus miradas en un accesorio en particular: una singular sortija en su mano izquierda que emulaba una flor con un diamante al centro.<\/p>\n<p> <img src=\"https:\/\/www.europesays.com\/es\/wp-content\/uploads\/2025\/10\/13e2dbd1afd3-gettyimages-2239180562.jpg\"   width=\"682\" height=\"1024\" loading=\"lazy\" decoding=\"async\" alt=\"Emma Watson luci\u00f3 un elegante y femenino atuendo a su paso por Par\u00eds.\" fetchpriority=\"auto\" class=\"image ho-image\"\/>\u00a9 WWD via Getty ImagesEmma Watson luci\u00f3 un elegante y femenino atuendo a su paso por Par\u00eds.<\/p>\n<p id=\"emCgvnHzyAR\" data-wc=\"79\">Inmediatamente comenzaron a circular rumores en redes sociales que apuntaban a un posible compromiso entre la int\u00e9rprete y su novio <strong>Kieran Brown<\/strong>, con quien tiene una discreta relaci\u00f3n. Emma siempre ha sido reservada en su vida amorosa y en su actual noviazgo no ha sido la excepci\u00f3n. Fue en julio de 2024 cuando se report\u00f3 que la actriz estaba saliendo con Brown, su compa\u00f1ero de clase de la Universidad de Oxford, luego de que fueran captados bes\u00e1ndose en Londres.<\/p>\n<p id=\"ewBFKsqsKY8\" data-wc=\"62\">Si bien la actriz no ha salido a confirmar ni a desmentir los reportes de supuesto compromiso, al parecer no ser\u00e1 necesario hacerlo, pues recientemente habl\u00f3 sobre el anillo que est\u00e1 despertado los rumores. El mes pasado, Emma estuvo como invitada en el podcast On Purpose de <strong>Jay Shetty<\/strong> y, entre otras cosas, habl\u00f3 sobre c\u00f3mo lleg\u00f3 aquella joya y otras parecidas.<\/p>\n<p> <img src=\"https:\/\/www.europesays.com\/es\/wp-content\/uploads\/2025\/10\/b112fb9bf770-gettyimages-2239798193.jpg\"   width=\"683\" height=\"1024\" loading=\"lazy\" decoding=\"async\" alt=\" Emma Watson luci\u00f3 un misterioso anillo que levant\u00f3 sospechas de compromiso.\" fetchpriority=\"auto\" class=\"image ho-image\"\/>\u00a9 GC Images Emma Watson luci\u00f3 un misterioso anillo que levant\u00f3 sospechas de compromiso.<\/p>\n<p id=\"evCA6C8-G9V\" data-wc=\"63\"><strong>\u201cHice un ritual, o mejor dicho, un d\u00eda de celebraci\u00f3n, con mis amigos y familiares elegidos, y cada uno me compr\u00f3 un anillo de 22 p\u00e9talos\u201d<\/strong>, cont\u00f3. \u201cNunca hab\u00eda tenido algo tan valioso en mi vida, porque <strong>para m\u00ed representa la vida que he construido, la que realmente deseaba. Una vida basada en la comunidad, mis ra\u00edces, la fe y la confianza<\/strong>\u201d, explic\u00f3.<\/p>\n<p> <img src=\"https:\/\/www.europesays.com\/es\/wp-content\/uploads\/2025\/10\/701cc3c587da-gettyimages-2239162848edited.jpg\"   width=\"817\" height=\"1024\" loading=\"lazy\" decoding=\"async\" alt=\"Emma Watson explic\u00f3 el origen del anillo que ahora ha despertado especulaciones.\" fetchpriority=\"auto\" class=\"image ho-image\"\/>\u00a9 WWD via Getty ImagesEmma Watson explic\u00f3 el origen del anillo que ahora ha despertado especulaciones.<\/p>\n<p id=\"equsagGvvhP\" data-wc=\"58\">Aunque todo parece indicar que no hay planes de boda por el momento, la relaci\u00f3n de Emma marcha viento en popa. \u201cCreo que lo bueno es que, como m\u00ednimo, las citas para todos son un completo desastre y una aut\u00e9ntica locura. <strong>En ese sentido, me siento bien acompa\u00f1ada<\/strong>\u201d, dijo en la charla con Shetty, confirmando su estatus amoroso.<\/p>\n<p>\u00bfQu\u00e9 ha dicho Emma sobre el matrimonio?<\/p>\n<p id=\"eNwt7H90bST\" data-wc=\"70\">En su conversaci\u00f3n con Jay Shetty, Emma Watson tambi\u00e9n se refiri\u00f3 al tema del matrimonio, se\u00f1alando el hecho de que las mujeres suelen cargar con cierta presi\u00f3n por dar ese paso. \u201cEstoy tan feliz de no estar divorciada todav\u00eda. Eso suena a una respuesta muy negativa\u00bb, dijo. \u201c<strong>Puede que nunca sea digna de ello. Ojal\u00e1 me pase, pero no me siento con derecho a ello<\/strong>\u201d, agreg\u00f3 sobre la vida conyugal.<\/p>\n<p> <img src=\"https:\/\/www.europesays.com\/es\/wp-content\/uploads\/2025\/10\/21dce208aa7b-gettyimages-2233974026.jpg\"   width=\"682\" height=\"1024\" loading=\"lazy\" decoding=\"async\" alt=\"Emma Watson ha compartido su postura respecto al matrimonio.\" fetchpriority=\"auto\" class=\"image ho-image\"\/>\u00a9 Getty ImagesEmma Watson ha compartido su postura respecto al matrimonio.<\/p>\n<p id=\"ehBCOa7s8u4\" data-wc=\"95\">En 2019, la actriz ahond\u00f3 en el panorama que enfrentan las mujeres solteras al llegar a determinada edad. \u201cDe repente hay una oleada de mensajes subliminales. <strong>Si no has construido un hogar, si no tienes marido, si no tienes un beb\u00e9, y est\u00e1s cumpliendo 30 a\u00f1os, y no te encuentras en una situaci\u00f3n incre\u00edblemente segura y estable en tu carrera hay una ansiedad incre\u00edble<\/strong>\u201d, declar\u00f3 entonces a British Vogue. \u201cNunca me cre\u00ed todo eso de \u2018soy feliz soltera\u2019. Me llev\u00f3 mucho tiempo, pero soy muy feliz (siendo soltera). Yo lo llamo tener pareja conmigo mismo\u201d.<\/p>\n<p id=\"ep5M5dzaCj_\" data-wc=\"0\">\u00a0<\/p>\n<p id=\"efDv27ACYmx\" data-wc=\"0\">\u00a0<\/p>\n<p id=\"ebOLdfQzgCu\" data-wc=\"0\">\u00a0<\/p>\n","protected":false},"excerpt":{"rendered":"Este ha sido un gran a\u00f1o para el amor en el mundo de las celebridades. En los \u00faltimos&hellip;\n","protected":false},"author":2,"featured_media":161911,"comment_status":"","ping_status":"","sticky":false,"template":"","format":"standard","meta":{"footnotes":""},"categories":[174],"tags":[517,3164,255,146,147,25,24,256,23],"class_list":{"0":"post-161910","1":"post","2":"type-post","3":"status-publish","4":"format-standard","5":"has-post-thumbnail","7":"category-famosos","8":"tag-actualidad","9":"tag-bodas","10":"tag-celebrities","11":"tag-entertainment","12":"tag-entretenimiento","13":"tag-es","14":"tag-espana","15":"tag-famosos","16":"tag-spain"},"share_on_mastodon":{"url":"","error":""},"_links":{"self":[{"href":"https:\/\/www.europesays.com\/es\/wp-json\/wp\/v2\/posts\/161910","targetHints":{"allow":["GET"]}}],"collection":[{"href":"https:\/\/www.europesays.com\/es\/wp-json\/wp\/v2\/posts"}],"about":[{"href":"https:\/\/www.europesays.com\/es\/wp-json\/wp\/v2\/types\/post"}],"author":[{"embeddable":true,"href":"https:\/\/www.europesays.com\/es\/wp-json\/wp\/v2\/users\/2"}],"replies":[{"embeddable":true,"href":"https:\/\/www.europesays.com\/es\/wp-json\/wp\/v2\/comments?post=161910"}],"version-history":[{"count":0,"href":"https:\/\/www.europesays.com\/es\/wp-json\/wp\/v2\/posts\/161910\/revisions"}],"wp:featuredmedia":[{"embeddable":true,"href":"https:\/\/www.europesays.com\/es\/wp-json\/wp\/v2\/media\/161911"}],"wp:attachment":[{"href":"https:\/\/www.europesays.com\/es\/wp-json\/wp\/v2\/media?parent=161910"}],"wp:term":[{"taxonomy":"category","embeddable":true,"href":"https:\/\/www.europesays.com\/es\/wp-json\/wp\/v2\/categories?post=161910"},{"taxonomy":"post_tag","embeddable":true,"href":"https:\/\/www.europesays.com\/es\/wp-json\/wp\/v2\/tags?post=161910"}],"curies":[{"name":"wp","href":"https:\/\/api.w.org\/{rel}","templated":true}]}}