{"id":161914,"date":"2025-10-08T02:16:14","date_gmt":"2025-10-08T02:16:14","guid":{"rendered":"https:\/\/www.europesays.com\/es\/161914\/"},"modified":"2025-10-08T02:16:14","modified_gmt":"2025-10-08T02:16:14","slug":"broncano-le-regala-en-la-revuelta-a-eva-soriano-y-anibal-gomez-un-pack-de-bienvenida-por-su-nuevo-programa-en-la-1","status":"publish","type":"post","link":"https:\/\/www.europesays.com\/es\/161914\/","title":{"rendered":"Broncano le regala en &#8216;La Revuelta&#8217; a Eva Soriano y An\u00edbal G\u00f3mez un &#8216;pack&#8217; de bienvenida por su nuevo programa en La 1"},"content":{"rendered":"<p class=\"c-paragraph\"><a href=\"https:\/\/www.20minutos.es\/tags\/temas\/la-revuelta.html\" title=\"La Revuelta\" rel=\"nofollow noopener\" target=\"_blank\">La Revuelta<\/a> ha contado este martes con <b>tres invitados<\/b>. En primer lugar ha entrado al plat\u00f3 <a href=\"https:\/\/www.20minutos.es\/deportes\/maria-perez-pone-fecha-final-su-carrera-revuelta-los-angeles-2028-son-los-ultimos-hay-que-dar-paso-juventud_6513253_0.html\" title=\"Mar\u00eda P\u00e9rez pone fecha al final de su carrera en &#039;La Revuelta&#039;: &quot;Los \u00c1ngeles 2028 son los \u00faltimos, hay que dar paso a la juventud&quot;\" rel=\"nofollow noopener\" target=\"_blank\">la atleta Mar\u00eda P\u00e9rez<\/a>, campeona ol\u00edmpica en Par\u00eds 2024 y cuatro veces campeona mundial en la especialidad de marcha.\u00a0<\/p>\n<p class=\"c-paragraph\">Una vez finalizada su entrevista, la deportista <b>se ha cruzado en el escenario con\u00a0<a href=\"https:\/\/www.20minutos.es\/tags\/personas\/eva-soriano.html\" title=\"Eva Soriano\" rel=\"nofollow noopener\" target=\"_blank\">Eva Soriano<\/a> y An\u00edbal G\u00f3mez, <\/b>que han acudido al programa de Broncano para presentar su nuevo programa, Cu\u00e1nto, cu\u00e1nto, cu\u00e1nto, que se estrena este s\u00e1bado 11 de octubre en La 1.<\/p>\n<p class=\"c-paragraph\">Nada m\u00e1s empezar la conversaci\u00f3n con sus invitados, Broncano le pregunt\u00f3 a la c\u00f3mica si estaba bien tras su bajada por el togob\u00e1n que tienen en las instalaciones.<b> \u00abNo he volcado, he entrado muy fuerte\u00bb,<\/b> asegur\u00f3 Eva Soriano. \u00abEs la mejor promoci\u00f3n, ya que has hecho el impuslo, haberte ca\u00eddo de morros\u00bb, brome\u00f3 su compa\u00f1ero.<\/p>\n<p class=\"c-paragraph\">El jiennense quiso tener <b>un detalle con sus nuevos compa\u00f1eros<\/b>\u00a0de cadena. Para ello, les regal\u00f3<b> <\/b>un pack de bienvenida a La 1. \u00abUn cartel que pone &#8216;Bienvenidos&#8217;, un ladrillo del Pirul\u00ed de cuando lo construyeron y el libro que sac\u00f3 Pedro S\u00e1nchez: Manual de resistencia\u00bb, enumer\u00f3 el presentador mientras iba sacando los obsequios de la cesta.\u00a0<\/p>\n<p class=\"c-paragraph\">\u00ab<b>Siempre he tenido curiosidad, \u00bftiene fotos de \u00e9l?<\/b>\u00ab, pregunt\u00f3 Eva Soriano sobre la obra del presidente de Espa\u00f1a. \u00abYa quisi\u00e9ramos\u00bb, le respondi\u00f3 Broncano \u00abLuego lo ojeamos\u00bb, asegur\u00f3 ella.<\/p>\n<p class=\"c-paragraph\">Por su parte, An\u00edbal G\u00f3mez sorprendi\u00f3 a Broncano y a su equipo con los regalos que les ha llevado: \u00abTraigo productos conquenses. He traido seis, para que lo repart\u00e1is. <b>Estos chorizos te pegan, Ricardo. Unas setas te pegan a ti, Grison. <\/b>Esta todo superbueno\u00bb, matiz\u00f3.<\/p>\n<p class=\"c-paragraph\">\u00abMi amigo Constan tiene setas y <b>os las he tra\u00eddo personalizadas<\/b>\u00ab, prosigui\u00f3 el humorista. \u00abBuenas setas, eh\u00bb, aleg\u00f3 Broncano. \u00abEst\u00e1n muy buenas revueltas\u00bb, brome\u00f3 Castella.\u00a0<\/p>\n<p class=\"c-paragraph\">Grison, plet\u00f3rico con el regal\u00f3, a\u00f1adi\u00f3: \u00ab<b>Son pleurotus ostreatus, soy un experto en setas\u00bb.<\/b> \u00abSi lo chequeamos, \u00bfTendr\u00e1s raz\u00f3n? No quiero hacerte quedar mal\u00bb, le dijo Broncano al respecto. Sin embargo, no les hizo falta buscarlo en internet, Finalmente, y para sorpresa de todos, el amigo de \u00c1nibal lo confirm\u00f3 con un pulgar hacia arriba.\u00a0<\/p>\n","protected":false},"excerpt":{"rendered":"La Revuelta ha contado este martes con tres invitados. En primer lugar ha entrado al plat\u00f3 la atleta&hellip;\n","protected":false},"author":2,"featured_media":161915,"comment_status":"","ping_status":"","sticky":false,"template":"","format":"standard","meta":{"footnotes":""},"categories":[171],"tags":[146,147,25,24,528,23,214],"class_list":{"0":"post-161914","1":"post","2":"type-post","3":"status-publish","4":"format-standard","5":"has-post-thumbnail","7":"category-tv","8":"tag-entertainment","9":"tag-entretenimiento","10":"tag-es","11":"tag-espana","12":"tag-revuelta","13":"tag-spain","14":"tag-tv"},"share_on_mastodon":{"url":"","error":""},"_links":{"self":[{"href":"https:\/\/www.europesays.com\/es\/wp-json\/wp\/v2\/posts\/161914","targetHints":{"allow":["GET"]}}],"collection":[{"href":"https:\/\/www.europesays.com\/es\/wp-json\/wp\/v2\/posts"}],"about":[{"href":"https:\/\/www.europesays.com\/es\/wp-json\/wp\/v2\/types\/post"}],"author":[{"embeddable":true,"href":"https:\/\/www.europesays.com\/es\/wp-json\/wp\/v2\/users\/2"}],"replies":[{"embeddable":true,"href":"https:\/\/www.europesays.com\/es\/wp-json\/wp\/v2\/comments?post=161914"}],"version-history":[{"count":0,"href":"https:\/\/www.europesays.com\/es\/wp-json\/wp\/v2\/posts\/161914\/revisions"}],"wp:featuredmedia":[{"embeddable":true,"href":"https:\/\/www.europesays.com\/es\/wp-json\/wp\/v2\/media\/161915"}],"wp:attachment":[{"href":"https:\/\/www.europesays.com\/es\/wp-json\/wp\/v2\/media?parent=161914"}],"wp:term":[{"taxonomy":"category","embeddable":true,"href":"https:\/\/www.europesays.com\/es\/wp-json\/wp\/v2\/categories?post=161914"},{"taxonomy":"post_tag","embeddable":true,"href":"https:\/\/www.europesays.com\/es\/wp-json\/wp\/v2\/tags?post=161914"}],"curies":[{"name":"wp","href":"https:\/\/api.w.org\/{rel}","templated":true}]}}