{"id":161938,"date":"2025-10-08T02:36:09","date_gmt":"2025-10-08T02:36:09","guid":{"rendered":"https:\/\/www.europesays.com\/es\/161938\/"},"modified":"2025-10-08T02:36:09","modified_gmt":"2025-10-08T02:36:09","slug":"victoria-ruffo-es-clara-sobre-eugenio-derbez-papa-nunca-ha-sabido-serlo","status":"publish","type":"post","link":"https:\/\/www.europesays.com\/es\/161938\/","title":{"rendered":"Victoria Ruffo es clara sobre Eugenio Derbez: &#8216;Pap\u00e1 nunca ha sabido serlo&#8217;"},"content":{"rendered":"<p id=\"eTP-VuszoD\" data-wc=\"98\">A\u00f1os atr\u00e1s, <strong>Victoria Ruffo<\/strong> y<strong>\u00a0Eugenio Derbez<\/strong> tuvieron una de las rupturas sentimentales m\u00e1s medi\u00e1ticas. Los actores no solo fueron tema de conversaci\u00f3n por sus diferencias, sino tambi\u00e9n por el <a class=\"hm-link ho-link\" href=\"https:\/\/www.hola.com\/us-es\/celebrities\/20250715844478\/jose-eduardo-habla-mayor-anhelo-crianza-hija-tessa-padre-presente\/\" data-mrf-recirculation=\"article-body-link\" rel=\"nofollow noopener\" target=\"_blank\">hijo que ambos tuvieron, Jos\u00e9 Eduardo Derbez<\/a>, quien ha logrado establecer un sano v\u00ednculo de convivencia con sus padres. Aunque mucho ha cambiado desde entonces, Victoria recuerda esos a\u00f1os en que, seg\u00fan afirma, debi\u00f3 asumir el cuidado de su hijo, pues Eugenio se enfoc\u00f3 m\u00e1s en los aspectos laborales que familiares. Contundente, la actriz habl\u00f3 de este tema, <a class=\"hm-link ho-link\" href=\"https:\/\/www.hola.com\/us-es\/celebrities\/20250617838705\/victoria-ruffo-responde-contundente-pregunta-eugenio-derbez-buen-padre\/\" data-mrf-recirculation=\"article-body-link\" rel=\"nofollow noopener\" target=\"_blank\">segura de sus opiniones<\/a>, pero muy respetuosa en todo momento.<\/p>\n<p> <img src=\"https:\/\/www.europesays.com\/es\/wp-content\/uploads\/2025\/10\/af5924942748-image-2073005.jpg\"   width=\"1024\" height=\"1024\" loading=\"lazy\" decoding=\"async\" alt=\"Victoria Ruffo y Jos\u00e9 Eduardo Derbez\" fetchpriority=\"auto\" class=\"image ho-image\"\/>\u00a9 @victoriaruffoVictoria Ruffo y Jos\u00e9 Eduardo Derbez<br \/>\n\u2018Me dediqu\u00e9 m\u00e1s a mi hijo\u2019<\/p>\n<p id=\"eFC5mLCrcLs\" data-wc=\"114\">Con total apertura, Victoria evoc\u00f3 esos a\u00f1os en que cuid\u00f3 de su hijo Jos\u00e9 Eduardo, esto tras hablar de Eugenio y su papel como padre. \u201cS\u00ed me dediqu\u00e9 yo m\u00e1s a mi hijo que \u00e9l\u2026\u201d, expres\u00f3, declaraciones retomadas por el programa televisivo Sale El Sol. En ese sentido, dej\u00f3 claro que al tocar el tema solo se refiere a su propia experiencia y no a la de los dem\u00e1s hijos del tambi\u00e9n cineasta y comediante. \u201cAhora que son grandes sus hijos se lleva muy bien con ellos, comparte m\u00e1s con ellos que cuando eran chicos, yo hablo de lo m\u00edo, de los dem\u00e1s ni\u00f1os yo no s\u00e9, ni me meto ni quiero problemas\u2026\u201d, expres\u00f3.<\/p>\n<p> <img src=\"https:\/\/www.europesays.com\/es\/wp-content\/uploads\/2025\/10\/b618f348b647-gettyimages-1152510051.jpg\"   width=\"682\" height=\"1024\" loading=\"lazy\" decoding=\"async\" alt=\"Victoria Ruffo\" fetchpriority=\"auto\" class=\"image ho-image\"\/>\u00a9 Medios y Media, Getty ImagesVictoria Ruffo<\/p>\n<p id=\"eqgfjEe1qJ1\" data-wc=\"99\">Victoria fue contundente en sus palabras, pues al referirse a la actual relaci\u00f3n de Eugenio con Jos\u00e9 Eduardo, expres\u00f3 lo que, en su opini\u00f3n, es claro a toda la luz. \u201cAhora es m\u00e1s compa\u00f1ero, m\u00e1s amigo, pap\u00e1 nunca ha sabido serlo, hasta ahora\u2026\u201d, dijo la actriz durante la charla, acaparando toda la atenci\u00f3n con sus declaraciones. De esta manera, Ruffo hace evidente su postura, aunque con el paso de los a\u00f1os ha preferido limar asperezas con su ex, sobre todo ahora que comparten la dicha de ser abuelos de la peque\u00f1a <strong>Tessa<\/strong>, hija de Jos\u00e9 Eduardo con <strong>Paola Dalay.<\/strong><\/p>\n<p> <img src=\"https:\/\/www.europesays.com\/es\/wp-content\/uploads\/2025\/10\/350e2fa28457-469797440184815464080371521680746589401676620nok.jpg\"   width=\"675\" height=\"1024\" loading=\"lazy\" decoding=\"async\" alt=\"Eugenio Derbez y Jos\u00e9 Eduardo Derbez \" fetchpriority=\"auto\" class=\"image ho-image\"\/>\u00a9 Instagram @ederbezEugenio Derbez y Jos\u00e9 Eduardo Derbez<br \/>\nEugenio prefiri\u00f3 el trabajo, dice Victoria<\/p>\n<p id=\"eq4wjAJ9kgO\" data-wc=\"88\">Atr\u00e1s quedaron esos a\u00f1os de sus diferencias con Eugenio Derbez. Sin embargo, Victoria fue clara al opinar luego de que se le preguntara sobre si cree que Derbez ha cambiado su manera de ser padre ahora que cuida a la peque\u00f1a Aitana, a quien el int\u00e9rprete tuvo de su matrimonio con <strong>Alessandra Rosaldo.<\/strong> \u201cOjal\u00e1 que s\u00ed porque de los errores se aprende y si tiene la oportunidad otra vez de tener alguien un hijo chiquito y aprovecharlo, pues ojal\u00e1\u2026\u201d, dijo la actriz de melodramas en la reveladora conversaci\u00f3n.<\/p>\n<p> <img src=\"https:\/\/www.europesays.com\/es\/wp-content\/uploads\/2025\/10\/3b1c45ab23d8-jos-eduardo-derbez-y-victoria-ruffo.jpg\"   width=\"614\" height=\"1024\" loading=\"lazy\" decoding=\"async\" alt=\"jos eduardo derbez y victoria ruffo\" fetchpriority=\"auto\" class=\"image ho-image\"\/>\u00a9 @jose_eduardo92Victoria Ruffo y Jos\u00e9 Eduardo Derbez<\/p>\n<p id=\"eWM63iy36pb\" data-wc=\"91\">A pregunta expresa sobre si Eugenio dedic\u00f3 m\u00e1s tiempo al trabajo que la familia durante el tiempo en que estuvieron juntos, Victoria fue directa al responder: \u201cTrabaj\u00f3 mucho, trabaj\u00f3 m\u00e1s que estar en familia\u2026\u201d, dijo la int\u00e9rprete en la conversaci\u00f3n. Por ahora, Ruffo est\u00e1 feliz por su etapa como abuela, orgullosa de ver a su hijo enfocarse en su faceta como pap\u00e1 y entusiasmado por ver crecer a su hija Tessa: \u201cCuando uno es pap\u00e1 ya tienes otra responsabilidad, entonces tienes que cambiar michas cosas\u201d, dijo la actriz en la pl\u00e1tica.<\/p>\n","protected":false},"excerpt":{"rendered":"A\u00f1os atr\u00e1s, Victoria Ruffo y\u00a0Eugenio Derbez tuvieron una de las rupturas sentimentales m\u00e1s medi\u00e1ticas. Los actores no solo&hellip;\n","protected":false},"author":2,"featured_media":161939,"comment_status":"","ping_status":"","sticky":false,"template":"","format":"standard","meta":{"footnotes":""},"categories":[174],"tags":[517,255,146,147,25,24,256,23,47996],"class_list":{"0":"post-161938","1":"post","2":"type-post","3":"status-publish","4":"format-standard","5":"has-post-thumbnail","7":"category-famosos","8":"tag-actualidad","9":"tag-celebrities","10":"tag-entertainment","11":"tag-entretenimiento","12":"tag-es","13":"tag-espana","14":"tag-famosos","15":"tag-spain","16":"tag-victoria-ruffo"},"share_on_mastodon":{"url":"","error":""},"_links":{"self":[{"href":"https:\/\/www.europesays.com\/es\/wp-json\/wp\/v2\/posts\/161938","targetHints":{"allow":["GET"]}}],"collection":[{"href":"https:\/\/www.europesays.com\/es\/wp-json\/wp\/v2\/posts"}],"about":[{"href":"https:\/\/www.europesays.com\/es\/wp-json\/wp\/v2\/types\/post"}],"author":[{"embeddable":true,"href":"https:\/\/www.europesays.com\/es\/wp-json\/wp\/v2\/users\/2"}],"replies":[{"embeddable":true,"href":"https:\/\/www.europesays.com\/es\/wp-json\/wp\/v2\/comments?post=161938"}],"version-history":[{"count":0,"href":"https:\/\/www.europesays.com\/es\/wp-json\/wp\/v2\/posts\/161938\/revisions"}],"wp:featuredmedia":[{"embeddable":true,"href":"https:\/\/www.europesays.com\/es\/wp-json\/wp\/v2\/media\/161939"}],"wp:attachment":[{"href":"https:\/\/www.europesays.com\/es\/wp-json\/wp\/v2\/media?parent=161938"}],"wp:term":[{"taxonomy":"category","embeddable":true,"href":"https:\/\/www.europesays.com\/es\/wp-json\/wp\/v2\/categories?post=161938"},{"taxonomy":"post_tag","embeddable":true,"href":"https:\/\/www.europesays.com\/es\/wp-json\/wp\/v2\/tags?post=161938"}],"curies":[{"name":"wp","href":"https:\/\/api.w.org\/{rel}","templated":true}]}}