{"id":161956,"date":"2025-10-08T02:48:12","date_gmt":"2025-10-08T02:48:12","guid":{"rendered":"https:\/\/www.europesays.com\/es\/161956\/"},"modified":"2025-10-08T02:48:12","modified_gmt":"2025-10-08T02:48:12","slug":"un-hombre-que-conducia-sin-permiso-muerde-a-un-policia-local-de-marchena-que-le-ordeno-parar-en-un-control-el-mundo","status":"publish","type":"post","link":"https:\/\/www.europesays.com\/es\/161956\/","title":{"rendered":"Un hombre que conduc\u00eda sin permiso muerde a un polic\u00eda local de Marchena que le orden\u00f3 parar en un control &#8211; El Mundo"},"content":{"rendered":"<ol>\n<li><a href=\"https:\/\/news.google.com\/rss\/articles\/CBMifkFVX3lxTE4tcG0za0VJN1dwS2I5cDNSTVBCWUxHbzk4Mzl3b1JyMGdpMU9qNk4ydkN4ZkVIYWV0c0FsRDFpZlhzTGM2U241M1pIWUdoSFUwNVFEaHBCREZ1dXBiT09KLURmMzdEVHRQenZocHpmenNzZFJXZUVxS0ZRQlB1Zw?oc=5\" target=\"_blank\" rel=\"nofollow noopener\">Un hombre que conduc\u00eda sin permiso muerde a un polic\u00eda local de Marchena que le orden\u00f3 parar en un control<\/a>&nbsp;&nbsp;El Mundo<\/li>\n<li><a href=\"https:\/\/news.google.com\/rss\/articles\/CBMidkFVX3lxTFBXWHNHc3VBSjREeGE3VkFzdm13UjhUdFRCU2pGU2ZXS00xLUtfWDE0QUE4Q3RPODlhUGhiU0J1U2pXd1FVcmtjQ1JEMTRYeFZWeVRoVDRybXhlU2NIRDZQM2hxZ0F3WG42XzBkRDk1X3FSZEtJMHc?oc=5\" target=\"_blank\" rel=\"nofollow noopener\">Muerde a un polic\u00eda local de Marchena tras ser detenido por conducir sin carnet y con una orden de ingreso en prisi\u00f3n<\/a>&nbsp;&nbsp;ABC<\/li>\n<li><a href=\"https:\/\/news.google.com\/rss\/articles\/CBMiqwFBVV95cUxNMnhRUy1mTkJxeDhEQzlkOERoLXIxWElvMmE3UnZaQkJaNnVDdlNFTnJJQk9lUHNueGEza0lsSVg3V2tsU241cXdxOWdDOXB2ektWeFlQT3pFVzVON0lOQnktMEc3aTF4ZTRlcFplSXBoOHk5T2sxdnRmOWdtYmc3N0QzeGxtOEpDQVJfa3NKaXFESl9ReEhYOXlpdmpUMldRYTdfTHY1dERmcnfSAbABQVVfeXFMTkRvVDE1ZndRLThxbzU1VVZKT2tRdTVxTG9wSXV5aTctVmMtaVhPYzlUNWZCUGs4SHN2U3g0Mmh4SU9WVU9RMzVET08yVFR3YW1aMWlYbS00b190dF9LWlpEdUcteTE4MThyOWtvVTdNTmVpbHk5UVJsdXVyLTNlQWVMSWFtUXFaY25JUmRtYVl0UG9oQjVHNE1LdXJ4ektpT1Z1WWlmTWh4RmlucE5BVVA?oc=5\" target=\"_blank\" rel=\"nofollow noopener\">Detenido por agredir a varios polic\u00edas y darle un \u00abbocado\u00bb a uno de ellos tras ser interceptado en un control de tr\u00e1fico en Marchena<\/a>&nbsp;&nbsp;Diario de Sevilla<\/li>\n<li><a href=\"https:\/\/news.google.com\/rss\/articles\/CBMizgFBVV95cUxPZnJFMDRnSi1SZHNPN0xXM3M5SW1vTGNmakQtbjd6cmxVZ0VGc05wNHBVaDFGYnFPSWI3cG5vWmpUWDFpZWhsRHRiNFFLanFrRURoTnlEU1FFNVNESkxWWlZsOER4WUxOYjFIZm1YZEhEOUlhOGw5Y3F3ZDBXRzZSNFFhWTV1b0d5Y2RXdXk5dXo1NzFIQWpUZllUNFBOM1VFNTFSU3RJNXJtUER1V01KUEszeXJsUVRxZFI1TkhYZ1BHeHJ4eTJTUkQ2a2xoZ9IB2gFBVV95cUxPS0dhRWhVUEtLRWJFVVBJUWNpTldVbmhTY0VBbHlha3ctSjlhcmFRODZRU2VGUHJ5SHJzX3c0OTdvYnRpR2ktMmE1Rjl5alpfU3FMV3BMV2FlNFp2SUtzWUp5WnRKNG9pNmNtamwzckhGV0F4Qk9EYU5vNkhWYjZIWTgxMUZtWnBKZmJyVGhsQmU0SjhZNnZuX3ZDcFR1RDMzbWNEZmZLT1pKcDVONUZwWXFkdVJ4aEdlc1dwaWpzU1FuMkY0dVRlU2tISVlRUnEycXVRYzFGNl94QQ?oc=5\" target=\"_blank\" rel=\"nofollow noopener\">Detienen a un hombre por agredir y morder a un agente en Sevilla<\/a>&nbsp;&nbsp;Telecinco<\/li>\n<li><a href=\"https:\/\/news.google.com\/rss\/articles\/CBMizwFBVV95cUxPaDJPSFd2Zy1VMU5LU0p4OHBzTVM2b0VPZ2pfRlhSQ2tzOVp6MzdQYlJMYmQ4aGJ1YTZjTzdCVzdZME1YaC1tUDhseU85b0hWTXdWTktZV2JmYWJ2R1FvMDJMTDlEN1poOXlMWkJGM01LSHozeFB0UFNMMi14WURBdE02alZXYWkwam1kc0IxaFRaNUFmMGhuNjNZYTdWazFMdGZjSFFOTEd1bmRxWjJwZTZzQnE1ZzVQVy1DaGVibEFYbUREdTVLYkZVSjVPYkU?oc=5\" target=\"_blank\" rel=\"nofollow noopener\">Detenido en Marchena un hombre tras morder a un agente durante un control policial<\/a>&nbsp;&nbsp;Sevilla Actualidad<\/li>\n<\/ol>\n","protected":false},"excerpt":{"rendered":"Un hombre que conduc\u00eda sin permiso muerde a un polic\u00eda local de Marchena que le orden\u00f3 parar en&hellip;\n","protected":false},"author":2,"featured_media":161957,"comment_status":"","ping_status":"","sticky":false,"template":"","format":"standard","meta":{"footnotes":""},"categories":[8],"tags":[259,17,18,25,24,13,14,11,19,20,9,10,15,16,1171,23,12,21,22],"class_list":{"0":"post-161956","1":"post","2":"type-post","3":"status-publish","4":"format-standard","5":"has-post-thumbnail","7":"category-espana","8":"tag-andalucia","9":"tag-breaking-news","10":"tag-breakingnews","11":"tag-es","12":"tag-espana","13":"tag-featured-news","14":"tag-featurednews","15":"tag-headlines","16":"tag-latest-news","17":"tag-latestnews","18":"tag-news","19":"tag-noticias","20":"tag-noticias-destacadas","21":"tag-noticiasdestacadas","22":"tag-sevilla","23":"tag-spain","24":"tag-titulares","25":"tag-ultimas-noticias","26":"tag-ultimasnoticias"},"share_on_mastodon":{"url":"","error":""},"_links":{"self":[{"href":"https:\/\/www.europesays.com\/es\/wp-json\/wp\/v2\/posts\/161956","targetHints":{"allow":["GET"]}}],"collection":[{"href":"https:\/\/www.europesays.com\/es\/wp-json\/wp\/v2\/posts"}],"about":[{"href":"https:\/\/www.europesays.com\/es\/wp-json\/wp\/v2\/types\/post"}],"author":[{"embeddable":true,"href":"https:\/\/www.europesays.com\/es\/wp-json\/wp\/v2\/users\/2"}],"replies":[{"embeddable":true,"href":"https:\/\/www.europesays.com\/es\/wp-json\/wp\/v2\/comments?post=161956"}],"version-history":[{"count":0,"href":"https:\/\/www.europesays.com\/es\/wp-json\/wp\/v2\/posts\/161956\/revisions"}],"wp:featuredmedia":[{"embeddable":true,"href":"https:\/\/www.europesays.com\/es\/wp-json\/wp\/v2\/media\/161957"}],"wp:attachment":[{"href":"https:\/\/www.europesays.com\/es\/wp-json\/wp\/v2\/media?parent=161956"}],"wp:term":[{"taxonomy":"category","embeddable":true,"href":"https:\/\/www.europesays.com\/es\/wp-json\/wp\/v2\/categories?post=161956"},{"taxonomy":"post_tag","embeddable":true,"href":"https:\/\/www.europesays.com\/es\/wp-json\/wp\/v2\/tags?post=161956"}],"curies":[{"name":"wp","href":"https:\/\/api.w.org\/{rel}","templated":true}]}}