{"id":161959,"date":"2025-10-08T02:52:13","date_gmt":"2025-10-08T02:52:13","guid":{"rendered":"https:\/\/www.europesays.com\/es\/161959\/"},"modified":"2025-10-08T02:52:13","modified_gmt":"2025-10-08T02:52:13","slug":"quien-gano-la-pelea-ufc-320-ankalaev-vs-pereira-2-resultado-oficial-y-nuevo-campeon-del-peso-semipesado-el-comercio-peru","status":"publish","type":"post","link":"https:\/\/www.europesays.com\/es\/161959\/","title":{"rendered":"\u00bfQui\u00e9n gan\u00f3 la pelea UFC 320: Ankalaev vs. Pereira 2? Resultado oficial y nuevo campe\u00f3n del peso semipesado &#8211; El Comercio Per\u00fa"},"content":{"rendered":"<ol>\n<li><a href=\"https:\/\/news.google.com\/rss\/articles\/CBMijgJBVV95cUxQTjRKazJWOG9jSTg1bmJBMFV0M2dudE9wZDJaXzRQVmN4blZ5dkxkaUR0LWhuUFJobXpvby02aWNYOEZrZkNrd0RHWlBONkZJN2xvMGVjZmhKRjMwWE5BbDdRMmFxN1lsWThSUjRaZmhXV055ZkJ2WnRTYVZUZFFLR1YtdVhyUVYydXZMVjg4ZFYwVGV5OTJPLUJHVTlsTUJtdFM2bEFBSVlidUlLeFFLTk84X3dSWnVLNkFUS0FZdU1CbkhPQktlMU5hWTBDTG5uNVpETG9id1EteklaTWdpTGJTT0x3ZzlVTkYzTmdtMThKRm9uSlA3WUlFQUs1dU1fODN1RVRSZ0RYZW0xaXc?oc=5\" target=\"_blank\" rel=\"nofollow noopener\">\u00bfQui\u00e9n gan\u00f3 la pelea UFC 320: Ankalaev vs. Pereira 2? Resultado oficial y nuevo campe\u00f3n del peso semipesado<\/a>&nbsp;&nbsp;El Comercio Per\u00fa<\/li>\n<li><a href=\"https:\/\/news.google.com\/rss\/articles\/CBMiuAFBVV95cUxOdFJQdEd4Zy0tTHl2VE5FNE9tUEZneDc2dW5CWVR6eHdlM2FFTldMbVJISExreHIwbFRvWDdRWldwaTBWZXRNdXdERGFGOG85ZjhFTkVQVm8wY00tUXA5WTh6cHN1NXhURERaRXlKUG5vRkFZN0VBT2pkaDhSZmZqN2xRODVtLUJDaVB4WElzX18tLVVxYzdoNE1yMFFUX1h4bGhwd09NNDFBVE9zbFZjZGJJc3dJUFZ10gHMAUFVX3lxTE14eVlKbVFyaElscFNQcUVRZ1VobkhoNFQtN2lRQ1Uzem4xdDlZNGtCOG42Ty1DZFBFczRnd0VBbUp0eTBjekdVT1BnQmZ5WnNramlfM2ZaaVBvWWpqRmxseEVMYlhXVWllZ1FwMDl6dkt5ZWNGZ2lrOHJVWmxWWEJNcllCblFqLWx1MGFybERYMURxWUVLOEVmblVVSW9xM1QzSnMwdm5iVVYtNlRHY2Jpb0ljc1d6Z01meTdtblJSSFBqd19yWFRKc19HYg?oc=5\" target=\"_blank\" rel=\"nofollow noopener\">Ankalaev se fractur\u00f3 una costilla antes de la revancha con Pereira<\/a>&nbsp;&nbsp;Diario AS<\/li>\n<li><a href=\"https:\/\/news.google.com\/rss\/articles\/CBMisAFBVV95cUxNQlUzbl9GYXhzSGE2dDJBemZ6YzREczRTZnVUSVYxVjF0NXhhRmJhX1NGaFdNVDd3X2xRa0U2R2l2akN0T2dKTU41WnJoSlN0dmZpNnYtanRCSFp2SktWWFk4YmdDdlVBMUVYTjRBRDVYSFdiNUNxZlNqaUc0dWdSNDRpSWN6RFZHQWk3Tm5DREJVS2RXRGV2QS1JdVJuUmpQMjVkQkwyNDFpMnNqZ01HRQ?oc=5\" target=\"_blank\" rel=\"nofollow noopener\">Alex Pereira vuelve a ser una superestrella: noquea en un minuto a Ankalaev y reclama el t\u00edtulo del peso pesado<\/a>&nbsp;&nbsp;ABC<\/li>\n<li><a href=\"https:\/\/news.google.com\/rss\/articles\/CBMitgFBVV95cUxQbHl1QjZLQWFPQU5TUTlrVkxPWUlVcGw3RFpCZ1hhd2FwUTl0SHc3Y1VQaGJQTDBmLVpia2dMYUpqNXVvUjVTRDIzdWFBNnpXdHRkYzZKcnRBeU82TkZodHRGOWo2N0cwOXhtV0RRR1h5eGl3eWotR1BHMDRvVlF4OFV5cmVpZHZlZTY4b2psbElpXzVTWVhfbzNlY3ZnVE1lLWlUT1VKRkhLcUV0VGNFV0gzdS0xZw?oc=5\" target=\"_blank\" rel=\"nofollow noopener\">La sublime actuaci\u00f3n de Pereira amenaza a Topuria en la carrera por lograr la deseada triple corona<\/a>&nbsp;&nbsp;Eurosport<\/li>\n<li><a href=\"https:\/\/news.google.com\/rss\/articles\/CBMizwFBVV95cUxNVmMtbE9UaVlaS1QxcElFWE5KeGdaMWhqeTJmVlRUbzFwRDhvUWNzbU5DUENGV2pzam5PR3JMU0NOQW8xV1lJNy1kUWk3SFBraGdpcHB6ODVtTHRtWjdrNFZpSU9YdENPNjN2NUE1SmIxRUtOUDJXSmdOQVU4NEdITmtvSElzcVpsVkV6VFF6aTBXYU1sSy0yZzJ4a2YybzltRklIQUtfMmFCSmc4aEJ1SVZZRV9GMXZOVGJsTnRINHlmMjRGX3ZOS3lsc1pxbnfSAdwBQVVfeXFMTi1rT19XME9HcWZvUVlRQmtzSHpBNWtNeE4ybnNvTUtmTFp4Y3NDXzQ5SWx1bE5ZWGxfeDVRNGYtTURKOWE2aXhucmk1bkdUREp1Zmhvc3RNTmVyZmJ4Xzg0cF95Z0NsTHdyMllMWGNIWHV6ZExQQnFFZVVhRkQtQTRnZGNvODVsMzdyN24ybGpCaERTcXRkYWdsZ3h2cTdxc1R1SnlHNFB2alVNbmpxUXNUNjdJZWdSWERXYXdONW5NSDVzYzRmdzdXU3FxRWxLVWpVVWw4bVhFRnk2VQ?oc=5\" target=\"_blank\" rel=\"nofollow noopener\">Estas son las modificaciones del ranking UFC tras la victoria de Alex Pereira sobre Magomed Ankalaev<\/a>&nbsp;&nbsp;Mundo Deportivo<\/li>\n<\/ol>\n","protected":false},"excerpt":{"rendered":"\u00bfQui\u00e9n gan\u00f3 la pelea UFC 320: Ankalaev vs. Pereira 2? Resultado oficial y nuevo campe\u00f3n del peso semipesado&nbsp;&nbsp;El&hellip;\n","protected":false},"author":2,"featured_media":161960,"comment_status":"","ping_status":"","sticky":false,"template":"","format":"standard","meta":{"footnotes":""},"categories":[276],"tags":[168,25,24,47999,48000,47997,48001,47998,48002,48003,48004,48005,23,167,343],"class_list":{"0":"post-161959","1":"post","2":"type-post","3":"status-publish","4":"format-standard","5":"has-post-thumbnail","7":"category-ufc","8":"tag-deportes","9":"tag-es","10":"tag-espana","11":"tag-quien-gano-ankalaev-vs-pereira-2","12":"tag-quien-gano-ankalaev-vs-pereira-en-vivo","13":"tag-quien-gano-el-ufc-320","14":"tag-quien-gano-el-ufc-320-ankalaev-vs-pereira-en-vivo","15":"tag-quien-gano-el-ufc-320-ankalaev-vs-pereira-2","16":"tag-resultados-ankalaev-vs-pereira-2","17":"tag-resultados-ufc-320","18":"tag-resultados-ufc-320-en-vivo","19":"tag-resultados-ufc-320-ankalaev-vs-pereira","20":"tag-spain","21":"tag-sports","22":"tag-ufc"},"share_on_mastodon":{"url":"","error":""},"_links":{"self":[{"href":"https:\/\/www.europesays.com\/es\/wp-json\/wp\/v2\/posts\/161959","targetHints":{"allow":["GET"]}}],"collection":[{"href":"https:\/\/www.europesays.com\/es\/wp-json\/wp\/v2\/posts"}],"about":[{"href":"https:\/\/www.europesays.com\/es\/wp-json\/wp\/v2\/types\/post"}],"author":[{"embeddable":true,"href":"https:\/\/www.europesays.com\/es\/wp-json\/wp\/v2\/users\/2"}],"replies":[{"embeddable":true,"href":"https:\/\/www.europesays.com\/es\/wp-json\/wp\/v2\/comments?post=161959"}],"version-history":[{"count":0,"href":"https:\/\/www.europesays.com\/es\/wp-json\/wp\/v2\/posts\/161959\/revisions"}],"wp:featuredmedia":[{"embeddable":true,"href":"https:\/\/www.europesays.com\/es\/wp-json\/wp\/v2\/media\/161960"}],"wp:attachment":[{"href":"https:\/\/www.europesays.com\/es\/wp-json\/wp\/v2\/media?parent=161959"}],"wp:term":[{"taxonomy":"category","embeddable":true,"href":"https:\/\/www.europesays.com\/es\/wp-json\/wp\/v2\/categories?post=161959"},{"taxonomy":"post_tag","embeddable":true,"href":"https:\/\/www.europesays.com\/es\/wp-json\/wp\/v2\/tags?post=161959"}],"curies":[{"name":"wp","href":"https:\/\/api.w.org\/{rel}","templated":true}]}}