{"id":161961,"date":"2025-10-08T02:54:07","date_gmt":"2025-10-08T02:54:07","guid":{"rendered":"https:\/\/www.europesays.com\/es\/161961\/"},"modified":"2025-10-08T02:54:07","modified_gmt":"2025-10-08T02:54:07","slug":"un-millon-por-ganarle-un-punto-a-carlos-alcaraz-en-melbourne","status":"publish","type":"post","link":"https:\/\/www.europesays.com\/es\/161961\/","title":{"rendered":"Un mill\u00f3n por ganarle un punto a Carlos Alcaraz en Melbourne"},"content":{"rendered":"<p>El Open de Australia, que se disputar\u00e1 del 12 de enero al 1 de febrero de 2026, revel\u00f3 este martes sus planes para la semana  &#8230; inaugural de la edici\u00f3n de 2026, que ha sido modificada por completo y que pretende llenar las instalaciones de Melbourne Park antes de que la competici\u00f3n se ponga en marcha en la Rod Laver Arena. As\u00ed, estos d\u00edas previos tendr\u00e1n como evento m\u00e1s destacado el &#8216;Million Dollar 1 Point Slam&#8217;. Ser\u00e1 un gran reclamo para los aficionados australianos, sin duda. <\/p>\n<p class=\"v-p\">Se trata de un minitorneo en el que 22 profesionales que est\u00e9n inscritos en el torneo competir\u00e1n contra diez aficionados de todo el pa\u00eds por un mill\u00f3n de d\u00f3lares australianos, que son 564.870 euros. Y en esta iniciativa completamente novedosa en el mundo del tenis participar\u00e1 <a href=\"https:\/\/www.laverdad.es\/carlos-alcaraz\/\" title=\"www.laverdad.es\" data-voc-vtm-id=\"in-text-traffic\" data-mrf-link=\"www.laverdad.es\" rel=\"nofollow noopener\" target=\"_blank\">Carlos Alcaraz<\/a>. \u00abPuedo revelar hoy que el n\u00famero uno del mundo encabezar\u00e1 la alineaci\u00f3n de jugadores\u00bb, asegur\u00f3 Craig Tiley, director del torneo.<\/p>\n<p class=\"v-p\">\u00abYa sea aficionado o profesional, el ganador final se llevar\u00e1 el premio, que estar\u00e1 dotado con un mill\u00f3n de d\u00f3lares australianos. Las inscripciones se abrir\u00e1n pronto en clubes de todo el pa\u00eds, y durante la semana inaugural, los finalistas competir\u00e1n por la oportunidad de enfrentarse a los profesionales en el Rod Laver Arena\u00bb, adelant\u00f3 Tiley. \u00abCon m\u00e1s nombres importantes que se anunciar\u00e1n pronto, ahora tienes un mill\u00f3n de razones para tomar una raqueta y prepararte para enero\u00bb, dijo el director del primer Grand Slam del a\u00f1o.<\/p>\n<p>\u00abCinco puntos bastan\u00bb<\/p>\n<p class=\"v-p\">\u00bfY c\u00f3mo funcionar\u00e1 este minitorneo? Pues est\u00e1 previsto que lo haga como un cuadro de eliminaci\u00f3n regular, con el juego de &#8216;piedra, papel o tijera&#8217; para determinar qui\u00e9n saca o resta. Quien consiga el punto gana el partido y avanza a la siguiente ronda, mientras que el perdedor del punto es eliminado del evento. El ganador del partido final gana el premio del mill\u00f3n. La clasificaci\u00f3n se llevar\u00e1 a cabo en toda Australia en diciembre y en el Open de Australia se llevar\u00e1 a cabo durante la semana previa al inicio del torneo. La final, por supuesto, se jugar\u00e1 en el Rod Laver Arena.<\/p>\n<p class=\"v-p\">\u00abNunca se puso tanto dinero en juego a cambio de tan poco. \u00bfQuieres ganar un mill\u00f3n de euros? Basta con ganar cinco puntos\u00bb, recordaron desde la cuenta oficial del Open de Australia para que la gente se anime a participar en esta curiosa y pionera iniciativa.<\/p>\n<p>El n\u00famero uno, atado<\/p>\n<p class=\"v-p\">Mientras tanto, a Carlos Alcaraz se le ha puesto muy de cara el cerrar este a\u00f1o en lo m\u00e1s <a href=\"https:\/\/www.laverdad.es\/carlos-alcaraz\/alcaraz-tiro-numero-mundo-final-ano-20251006125450-nt.html\" title=\"www.laverdad.es\" data-voc-vtm-id=\"in-text-traffic\" data-mrf-link=\"www.laverdad.es\" rel=\"nofollow noopener\" target=\"_blank\">alto del ranking mundial<\/a>. Y es que son ya 1.340 puntos los que tiene el murciano de ventaja con respecto a Sinner. El tenista de El Palmar tan solo defiende 300 puntos de los 2.500 que pondr\u00e1 en juego en lo que resta de a\u00f1o, con el Masters 1000 de Par\u00eds Bercy y las ATP Finals de Tur\u00edn. Por su parte, Sinner solamente podr\u00e1 sumar puntos en Par\u00eds y Viena, ya que defiende el t\u00edtulo en Tur\u00edn. <\/p>\n<p class=\"v-p\">Este escenario ser\u00e1 muy parecido en el inicio de 2026, puesto que el transalpino defiende los 2.000 puntos que obtuvo tras ganar la \u00faltima edici\u00f3n del Open de Australia. Mientras tanto, Alcaraz solo defender\u00e1 en Melbourne los 400 de los cuartos de final alcanzados el pasado a\u00f1o.<\/p>\n","protected":false},"excerpt":{"rendered":"El Open de Australia, que se disputar\u00e1 del 12 de enero al 1 de febrero de 2026, revel\u00f3&hellip;\n","protected":false},"author":2,"featured_media":161962,"comment_status":"","ping_status":"","sticky":false,"template":"","format":"standard","meta":{"footnotes":""},"categories":[274],"tags":[4736,415,168,25,24,26878,48006,7818,2320,23,167,327,326],"class_list":{"0":"post-161961","1":"post","2":"type-post","3":"status-publish","4":"format-standard","5":"has-post-thumbnail","7":"category-tenis","8":"tag-alcaraz","9":"tag-carlos","10":"tag-deportes","11":"tag-es","12":"tag-espana","13":"tag-ganarle","14":"tag-melbourne","15":"tag-millon","16":"tag-punto","17":"tag-spain","18":"tag-sports","19":"tag-tenis","20":"tag-tennis"},"share_on_mastodon":{"url":"","error":""},"_links":{"self":[{"href":"https:\/\/www.europesays.com\/es\/wp-json\/wp\/v2\/posts\/161961","targetHints":{"allow":["GET"]}}],"collection":[{"href":"https:\/\/www.europesays.com\/es\/wp-json\/wp\/v2\/posts"}],"about":[{"href":"https:\/\/www.europesays.com\/es\/wp-json\/wp\/v2\/types\/post"}],"author":[{"embeddable":true,"href":"https:\/\/www.europesays.com\/es\/wp-json\/wp\/v2\/users\/2"}],"replies":[{"embeddable":true,"href":"https:\/\/www.europesays.com\/es\/wp-json\/wp\/v2\/comments?post=161961"}],"version-history":[{"count":0,"href":"https:\/\/www.europesays.com\/es\/wp-json\/wp\/v2\/posts\/161961\/revisions"}],"wp:featuredmedia":[{"embeddable":true,"href":"https:\/\/www.europesays.com\/es\/wp-json\/wp\/v2\/media\/161962"}],"wp:attachment":[{"href":"https:\/\/www.europesays.com\/es\/wp-json\/wp\/v2\/media?parent=161961"}],"wp:term":[{"taxonomy":"category","embeddable":true,"href":"https:\/\/www.europesays.com\/es\/wp-json\/wp\/v2\/categories?post=161961"},{"taxonomy":"post_tag","embeddable":true,"href":"https:\/\/www.europesays.com\/es\/wp-json\/wp\/v2\/tags?post=161961"}],"curies":[{"name":"wp","href":"https:\/\/api.w.org\/{rel}","templated":true}]}}