{"id":161967,"date":"2025-10-08T02:58:09","date_gmt":"2025-10-08T02:58:09","guid":{"rendered":"https:\/\/www.europesays.com\/es\/161967\/"},"modified":"2025-10-08T02:58:09","modified_gmt":"2025-10-08T02:58:09","slug":"el-mas-dificil-para-el-malaga-cf-tumbar-al-unico-invicto-profesional-de-espana","status":"publish","type":"post","link":"https:\/\/www.europesays.com\/es\/161967\/","title":{"rendered":"El m\u00e1s dif\u00edcil para el M\u00e1laga CF: tumbar al \u00fanico invicto profesional de Espa\u00f1a"},"content":{"rendered":"<p><a href=\"https:\/\/www.merchanendirecto.es\/wp-content\/uploads\/2025\/10\/DEPORTIVO-DE-LA-CORUNA-INVICTO.webp\" data-caption=\"Foto: LaLiga Hypermotion\" rel=\"nofollow noopener\" target=\"_blank\"><img loading=\"lazy\" decoding=\"async\" width=\"696\" height=\"464\" class=\"entry-thumb td-modal-image\" src=\"https:\/\/www.europesays.com\/es\/wp-content\/uploads\/2025\/10\/DEPORTIVO-DE-LA-CORUNA-INVICTO-696x464.webp.webp\"   alt=\"DEPORTIVO DE LA CORU\u00d1A INVICTO\" title=\"DEPORTIVO DE LA CORU\u00d1A INVICTO\"\/><\/a>Foto: LaLiga Hypermotion<\/p>\n<p>El <strong><a href=\"https:\/\/www.merchanendirecto.es\/category\/malaga-cf\/\" target=\"_blank\" rel=\"noreferrer noopener nofollow\">M\u00e1laga CF<\/a> <\/strong>atraviesa la peor racha de resultados con <strong>Pellicer<\/strong> en el banquillo. El t\u00e9cnico de <strong>Nules<\/strong> nunca hab\u00eda perdido <strong>cuatro partidos de forma consecutiva<\/strong>. Ahora s\u00ed ha tenido esa situaci\u00f3n tras caer ante <strong>Huesca<\/strong>, <strong>C\u00e1diz<\/strong>, <strong>Burgos<\/strong> y <strong>Racing de Santander<\/strong>. Una serie de marcadores que le llevan a ocupar posiciones de descenso. Para salir de ah\u00ed abajo deben llegar los <strong>puntos<\/strong> y las <strong>victorias<\/strong>. Y el primer reto para ello es derrotar al <strong>actual l\u00edder<\/strong> de <strong>Segunda Divisi\u00f3n<\/strong>: el <strong><a href=\"https:\/\/www.merchanendirecto.es\/malaga-cf\/el-malaga-depor-marcado-por-el-pasado-violento\/\" target=\"_blank\" rel=\"noreferrer noopener nofollow\">RC Deportivo de la Coru\u00f1a<\/a><\/strong> de <strong><a href=\"https:\/\/www.merchanendirecto.es\/malaga-cf\/antonio-hidalgo-sobre-entrenar-al-malaga-cuando-se-canse-pellicer-que-me-llamen\/\" target=\"_blank\" rel=\"noreferrer noopener nofollow\">Antonio Hidalgo<\/a><\/strong> y <strong><a href=\"https:\/\/www.merchanendirecto.es\/futbol\/yeremay-puede-dejar-30-millones-de-euros-en-el-deportivo-de-la-coruna\/\" target=\"_blank\" rel=\"noreferrer noopener nofollow\">Yeremay<\/a><\/strong>. El \u00fanico equipo invicto del <strong>f\u00fatbol profesional espa\u00f1ol<\/strong>. <\/p>\n<p>Hasta este \u00faltimo fin de semana eran <strong>cuatro <\/strong>los equipos entre <strong>Primera <\/strong>y <strong>Segunda Divisi\u00f3n<\/strong> que no hab\u00edan perdido ning\u00fan partido. El <strong>FC Barcelona<\/strong> y el <strong>Elche CF<\/strong> en la categor\u00eda de oro y el <strong>Deportivo<\/strong> y el <strong>C\u00e1diz <\/strong>en la plata. El <strong>Bar\u00e7a<\/strong> cay\u00f3 con estr\u00e9pito en el <strong>Pizju\u00e1n<\/strong> (<strong>4-1<\/strong>) ante el <strong>Sevilla FC<\/strong>. El <strong>Elche<\/strong> cay\u00f3 en su visita ante el <strong>Alav\u00e9s<\/strong> en <strong>Mendizorroza<\/strong> (<strong>3-1<\/strong>) mientras que el <strong>C\u00e1diz<\/strong> perdi\u00f3 en los \u00faltimos minutos ante la<strong> UD Las Palmas<\/strong> (<strong>1-0<\/strong>). En el caso del conjunto gallego, no logr\u00f3 la victoria, pero s\u00ed salv\u00f3 un punto. Lo hizo tras comenzar perdiendo ante el <strong>Almer\u00eda<\/strong> con un <strong>golazo<\/strong> de <strong>Yeremay<\/strong>. Actualmente, el cuadro de <strong>Antonio Hidalgo<\/strong> es <strong>l\u00edder<\/strong> de <strong>LaLiga Hypermotion<\/strong> con <strong>16 puntos<\/strong> (<strong>4 victorias y 4 empates<\/strong> en las primeras ocho jornadas). <\/p>\n<p>Si miramos m\u00e1s hacia abajo en el <strong>f\u00fatbol espa\u00f1ol<\/strong>, ya fuera de las categor\u00edas profesionales, el <strong>Tenerife<\/strong> s\u00ed ha hecho un arranque inmaculado en el <strong>grupo 1 <\/strong>de la <strong>Primera RFEF<\/strong>. Pleno de <strong>puntos<\/strong> en las seis primeras jornadas para el equipo de <strong>Cervera<\/strong>. En el grupo <strong>2<\/strong>, con el <strong>empate<\/strong> como resultado m\u00e1s habitual, el <strong>Atl\u00e9tico Sanluque\u00f1o<\/strong> y el <strong>Sabadell<\/strong> se mantienen invictos. <strong>10 puntos<\/strong> en <strong>seis jornadas <\/strong>(<strong>2 victorias y 4 empates<\/strong>). De ese grupo de invictos sali\u00f3 el <strong>Marbella<\/strong> que perdi\u00f3 por <strong>2-1<\/strong> en el campo del <strong>Europa<\/strong>. <\/p>\n<p>En <strong>Segunda RFEF<\/strong> se da una gran curiosidad para el equipo de <strong>A Coru\u00f1a<\/strong>. Su filial tambi\u00e9n es <strong>l\u00edder<\/strong> del <strong>grupo 1<\/strong>. Lo est\u00e1 dominando con pu\u00f1o de hierro. <strong>Pleno al 15<\/strong> en el arranque liguero. <strong>14 goles a favor<\/strong> y s\u00f3lo <strong>3 tantos en contra<\/strong>. De momento, entre el primer equipo deportivista y su filial no conocen la derrota. Un inicio de temporada para ilusionarse. Con el regreso a <strong>Primera Divisi\u00f3n<\/strong> y con la posibilidad de ascenso a la <strong>Primera RFEF<\/strong>. En el caso del primer equipo de <strong>La Coru\u00f1a<\/strong>, no pisa la \u00e9lite del f\u00fatbol espa\u00f1ol desde la campa\u00f1a <strong>2017\/18<\/strong>. Misma temporada en la que el <strong>M\u00e1laga CF<\/strong> se despidi\u00f3 de <strong>Primera<\/strong>. Adem\u00e1s, los dos equipos est\u00e1n en <strong>Segunda<\/strong> despu\u00e9s de haber descendido a la categor\u00eda de bronce. <\/p>\n<p>Este <strong>domingo<\/strong> llega a <strong>La Rosaleda<\/strong> el <strong>Deportivo de la Coru\u00f1a<\/strong>. <strong>El m\u00e1s dif\u00edcil para el M\u00e1laga CF: tumbar al \u00fanico invicto profesional de Espa\u00f1a<\/strong>. <\/p>\n","protected":false},"excerpt":{"rendered":"Foto: LaLiga Hypermotion El M\u00e1laga CF atraviesa la peor racha de resultados con Pellicer en el banquillo. El&hellip;\n","protected":false},"author":2,"featured_media":161968,"comment_status":"","ping_status":"","sticky":false,"template":"","format":"standard","meta":{"footnotes":""},"categories":[268],"tags":[168,25,24,280,282,48008,4174,1963,48009,281,23,167],"class_list":{"0":"post-161967","1":"post","2":"type-post","3":"status-publish","4":"format-standard","5":"has-post-thumbnail","7":"category-futbol","8":"tag-deportes","9":"tag-es","10":"tag-espana","11":"tag-football","12":"tag-futbol","13":"tag-jornada-9","14":"tag-laliga-hypermotion","15":"tag-malaga-cf","16":"tag-rc-deportivo-de-la-coruna","17":"tag-soccer","18":"tag-spain","19":"tag-sports"},"share_on_mastodon":{"url":"","error":""},"_links":{"self":[{"href":"https:\/\/www.europesays.com\/es\/wp-json\/wp\/v2\/posts\/161967","targetHints":{"allow":["GET"]}}],"collection":[{"href":"https:\/\/www.europesays.com\/es\/wp-json\/wp\/v2\/posts"}],"about":[{"href":"https:\/\/www.europesays.com\/es\/wp-json\/wp\/v2\/types\/post"}],"author":[{"embeddable":true,"href":"https:\/\/www.europesays.com\/es\/wp-json\/wp\/v2\/users\/2"}],"replies":[{"embeddable":true,"href":"https:\/\/www.europesays.com\/es\/wp-json\/wp\/v2\/comments?post=161967"}],"version-history":[{"count":0,"href":"https:\/\/www.europesays.com\/es\/wp-json\/wp\/v2\/posts\/161967\/revisions"}],"wp:featuredmedia":[{"embeddable":true,"href":"https:\/\/www.europesays.com\/es\/wp-json\/wp\/v2\/media\/161968"}],"wp:attachment":[{"href":"https:\/\/www.europesays.com\/es\/wp-json\/wp\/v2\/media?parent=161967"}],"wp:term":[{"taxonomy":"category","embeddable":true,"href":"https:\/\/www.europesays.com\/es\/wp-json\/wp\/v2\/categories?post=161967"},{"taxonomy":"post_tag","embeddable":true,"href":"https:\/\/www.europesays.com\/es\/wp-json\/wp\/v2\/tags?post=161967"}],"curies":[{"name":"wp","href":"https:\/\/api.w.org\/{rel}","templated":true}]}}