{"id":161971,"date":"2025-10-08T03:00:15","date_gmt":"2025-10-08T03:00:15","guid":{"rendered":"https:\/\/www.europesays.com\/es\/161971\/"},"modified":"2025-10-08T03:00:15","modified_gmt":"2025-10-08T03:00:15","slug":"velazquez-anuncia-una-gran-zona-peatonal-en-via-tarpeya-durante-la-visita-de-la-infanta-elena-a-toledo","status":"publish","type":"post","link":"https:\/\/www.europesays.com\/es\/161971\/","title":{"rendered":"Vel\u00e1zquez anuncia una gran zona peatonal en V\u00eda Tarpeya durante la visita de la infanta Elena a Toledo"},"content":{"rendered":"<p class=\"paragraph\" id=\"paragraph_1\"><strong>Elena de Borb\u00f3n<\/strong> ha asistido este martes en Toledo a la <strong>Jornada de <a href=\"https:\/\/www.elespanol.com\/eldigitalcastillalamancha\/region\/20250808\/ccoo-castilla-la-mancha-exige-ley-autonomica-fomentar-movilidad-sostenible-trabajo\/1003743879899_0.html?utm_cmp_rs=linksinline\" rel=\"nofollow noopener\" target=\"_blank\">Movilidad<\/a> Segura<\/strong> organizada por la <strong>Fundaci\u00f3n Mapfre<\/strong> en colaboraci\u00f3n con el Ayuntamiento, un acto enmarcado en el 50 aniversario de la fundaci\u00f3n, a la que el alcalde, Carlos Vel\u00e1zquez, ha felicitado por su \u00abejemplo para toda la sociedad\u00bb durante medio siglo de trabajo.<\/p>\n<p class=\"paragraph\" id=\"paragraph_2\">En el marco de esta jornada, que incluye la iniciativa educativa <strong>Caravana de Movilidad Segura<\/strong> para escolares, el alcalde <strong>Carlos Vel\u00e1zquez<\/strong> ha anunciado una actuaci\u00f3n en materia de movilidad: la recuperaci\u00f3n de una <strong>zona de cerca de cuatro kil\u00f3metros en V\u00eda Tarpeya<\/strong> para uso exclusivo de <strong>peatones y ciclistas<\/strong> en el barrio de Santa Mar\u00eda de Benquerencia.<\/p>\n<p class=\"paragraph\" id=\"paragraph_3\"><strong>\u00abEsta intervenci\u00f3n responde a una demanda vecinal muy importante<\/strong> y permitir\u00e1 recuperar un espacio muy utilizado por quienes salen a pasear, caminar o practicar deporte,\u00bb afirma el regidor, a\u00f1adiendo que el tramo quedar\u00e1 en condiciones \u00f3ptimas para el disfrute de los vecinos, \u00abespecialmente los del barrio del Pol\u00edgono\u00bb.<\/p>\n<p><img decoding=\"async\" alt=\"La infanta junto al alcalde de Toledo y el concejal del \u00e1rea de Educaci\u00f3n.\" data-imgm=\"true\" height=\"180\" loading=\"lazy\"  src=\"https:\/\/www.europesays.com\/es\/wp-content\/uploads\/2025\/10\/1003743958722_259225552_1024x576.jpg\"  width=\"320\"\/><\/p>\n<p>                                                            La infanta junto al alcalde de Toledo y el concejal del \u00e1rea de Educaci\u00f3n.<\/p>\n<p><img decoding=\"async\" alt=\"Elena de Borb\u00f3n se ha fotografiado con varios ni\u00f1os que han participado en esta iniciativa de seguridad vial.\" data-imgm=\"true\" height=\"180\" loading=\"lazy\"  src=\"https:\/\/www.europesays.com\/es\/wp-content\/uploads\/2025\/10\/1003743958734_259225685_1024x576.jpg\"  width=\"320\"\/><\/p>\n<p>                                                            Elena de Borb\u00f3n se ha fotografiado con varios ni\u00f1os que han participado en esta iniciativa de seguridad vial.<\/p>\n<p>Compromiso con la seguridad vial<\/p>\n<p class=\"paragraph\" id=\"paragraph_4\">Durante su intervenci\u00f3n, Vel\u00e1zquez ha subrayado la relevancia de la educaci\u00f3n vial, que \u00absalva vidas\u00bb, y recuerda las recientes mejoras en seguridad vial ya implementadas en el barrio de Santa Mar\u00eda de Benquerencia, como la <strong>iluminaci\u00f3n especial en pasos de cebra<\/strong> y la instalaci\u00f3n de <strong>nuevos resaltos<\/strong> para reducir la velocidad de los veh\u00edculos dentro de la legalidad.<\/p>\n<p class=\"paragraph\" id=\"paragraph_5\">Adem\u00e1s, el alcalde ha avanzado otro proyecto clave para la formaci\u00f3n de los m\u00e1s peque\u00f1os: la recuperaci\u00f3n del <strong>Parque de Educaci\u00f3n Vial<\/strong>. Esta instalaci\u00f3n, considerada \u00abesencial para la formaci\u00f3n en seguridad vial de los m\u00e1s peque\u00f1os\u00bb, espera poder anunciar su apertura \u00abantes de que termine el a\u00f1o\u00bb.<\/p>\n<p><img decoding=\"async\" alt=\"Se han interesado por todas las propuestas de la actividad.\" data-imgm=\"true\" height=\"180\" loading=\"lazy\"  src=\"https:\/\/www.europesays.com\/es\/wp-content\/uploads\/2025\/10\/1003743958736_259225730_1024x576.jpg\"  width=\"320\"\/><\/p>\n<p>                                                            Se han interesado por todas las propuestas de la actividad.<\/p>\n<p><img decoding=\"async\" alt=\"La iniciativa promueve la educaci\u00f3n vial entre escolares de 8 a 12 a\u00f1os.\" data-imgm=\"true\" height=\"180\" loading=\"lazy\"  src=\"https:\/\/www.europesays.com\/es\/wp-content\/uploads\/2025\/10\/1003743958724_259225597_1024x576.jpg\"  width=\"320\"\/><\/p>\n<p>                                                            La iniciativa promueve la educaci\u00f3n vial entre escolares de 8 a 12 a\u00f1os.<\/p>\n<p>Fundaci\u00f3n Mapfre: 50 A\u00f1os de servicio<\/p>\n<p class=\"paragraph\" id=\"paragraph_6\">Por su parte, <strong>Elvira Vega<\/strong>, directora general de la Fundaci\u00f3n Mapfre, ha agradecido la colaboraci\u00f3n del Ayuntamiento y la Polic\u00eda Local, destacando que el objetivo de la Caravana es acercar la educaci\u00f3n vial a escolares de 8 a 12 a\u00f1os \u00aba trav\u00e9s de la experiencia y el juego\u00bb, ense\u00f1\u00e1ndoles a prevenir lesiones y a desplazarse de forma segura.<\/p>\n<p class=\"paragraph\" id=\"paragraph_7\">Vega hizo hincapi\u00e9 en el 50 aniversario de la instituci\u00f3n, que desde 1975 trabaja en 30 pa\u00edses con la misi\u00f3n de mejorar la calidad de vida de las personas. No obstante, ha compartido datos preocupantes: en 2024, 1.642 personas fallecieron en siniestros de tr\u00e1fico, de las cuales 488 lo hicieron en v\u00edas urbanas, adem\u00e1s de 9.677 heridos graves.<\/p>\n<p class=\"paragraph\" id=\"paragraph_8\">Ante estas cifras, la directora general ha reafirmado el compromiso de la Fundaci\u00f3n de seguir impulsando la formaci\u00f3n y sensibilizaci\u00f3n en movilidad segura con el fin de <strong>\u00abreducir a cero las v\u00edctimas mortales y los lesionados graves\u00bb<\/strong>.<\/p>\n","protected":false},"excerpt":{"rendered":"Elena de Borb\u00f3n ha asistido este martes en Toledo a la Jornada de Movilidad Segura organizada por la&hellip;\n","protected":false},"author":2,"featured_media":161972,"comment_status":"","ping_status":"","sticky":false,"template":"","format":"standard","meta":{"footnotes":""},"categories":[173],"tags":[229,233,231,230,39412,232,234,48011,146,147,25,24,44000,23,1952],"class_list":{"0":"post-161971","1":"post","2":"type-post","3":"status-publish","4":"format-standard","5":"has-post-thumbnail","7":"category-arte-y-diseno","8":"tag-arte","9":"tag-arte-y-diseno","10":"tag-arts","11":"tag-arts-and-design","12":"tag-carlos-velazquez-romo","13":"tag-design","14":"tag-diseno","15":"tag-elena-de-borbon-y-grecia","16":"tag-entertainment","17":"tag-entretenimiento","18":"tag-es","19":"tag-espana","20":"tag-fundacion-mapfre","21":"tag-spain","22":"tag-toledo"},"share_on_mastodon":{"url":"","error":""},"_links":{"self":[{"href":"https:\/\/www.europesays.com\/es\/wp-json\/wp\/v2\/posts\/161971","targetHints":{"allow":["GET"]}}],"collection":[{"href":"https:\/\/www.europesays.com\/es\/wp-json\/wp\/v2\/posts"}],"about":[{"href":"https:\/\/www.europesays.com\/es\/wp-json\/wp\/v2\/types\/post"}],"author":[{"embeddable":true,"href":"https:\/\/www.europesays.com\/es\/wp-json\/wp\/v2\/users\/2"}],"replies":[{"embeddable":true,"href":"https:\/\/www.europesays.com\/es\/wp-json\/wp\/v2\/comments?post=161971"}],"version-history":[{"count":0,"href":"https:\/\/www.europesays.com\/es\/wp-json\/wp\/v2\/posts\/161971\/revisions"}],"wp:featuredmedia":[{"embeddable":true,"href":"https:\/\/www.europesays.com\/es\/wp-json\/wp\/v2\/media\/161972"}],"wp:attachment":[{"href":"https:\/\/www.europesays.com\/es\/wp-json\/wp\/v2\/media?parent=161971"}],"wp:term":[{"taxonomy":"category","embeddable":true,"href":"https:\/\/www.europesays.com\/es\/wp-json\/wp\/v2\/categories?post=161971"},{"taxonomy":"post_tag","embeddable":true,"href":"https:\/\/www.europesays.com\/es\/wp-json\/wp\/v2\/tags?post=161971"}],"curies":[{"name":"wp","href":"https:\/\/api.w.org\/{rel}","templated":true}]}}