{"id":161977,"date":"2025-10-08T03:04:14","date_gmt":"2025-10-08T03:04:14","guid":{"rendered":"https:\/\/www.europesays.com\/es\/161977\/"},"modified":"2025-10-08T03:04:14","modified_gmt":"2025-10-08T03:04:14","slug":"bruce-springsteen-pelicula-jeremy-allen-white-y-scott-cooper-ante-el-reto-de-entrar-en-la-mente-de-springsteen-en-su-biopic-de-los-dias-de-nebraska","status":"publish","type":"post","link":"https:\/\/www.europesays.com\/es\/161977\/","title":{"rendered":"BRUCE SPRINGSTEEN PEL\u00cdCULA | Jeremy Allen White y Scott Cooper, ante el reto de \u201centrar en la mente de Springsteen\u201d en su \u2018biopic\u2019 de los d\u00edas de \u2018Nebraska\u2019"},"content":{"rendered":"<p class=\"ft-text\">Un tipo que sufre una depresi\u00f3n sin saberlo, una casa rural alquilada y una habitaci\u00f3n de moqueta naranja, en la que grabar\u00e1, en casete y en solo cuatro pistas, las desoladas canciones a voz, guitarra ac\u00fastica y arm\u00f3nica de<strong> \u2018Nebraska\u2019 (1982). Ese sombr\u00edo \u00e1lbum de Bruce Springsteen alzado en pieza de culto. Ah\u00ed est\u00e1 el n\u00facleo de \u2018Springsteen: Deliver me from nowhere\u2019, <\/strong>la pel\u00edcula, basada en el libro de Warren Zanes, en la que Scott Cooper se rompi\u00f3 los cuernos para \u201clograr que la introspecci\u00f3n fuera un material cinematogr\u00e1fico\u201d, explica el realizador<strong>. \u201c\u00bfC\u00f3mo hacer una pel\u00edcula sobre un hombre en una habitaci\u00f3n y darle todo lo que una pel\u00edcula necesita: movimiento, ritmo, conflicto y empuje? \u00bfC\u00f3mo filmar lo que no se dice?\u201d. <\/strong><\/p>\n<p><img decoding=\"async\" src=\"https:\/\/www.europesays.com\/es\/wp-content\/uploads\/2025\/10\/593dd0be-133b-4078-aafd-ca50af3b3a54_alta-libre-aspect-ratio_default_0.jpg\" width=\"1200\" height=\"800\" alt=\"El director de cine Scott Cooper posa durante la presentaci\u00f3n de la pel\u00edcula \u201cSpringsteen: Deliver Me from Nowhere\u201d en Madrid, este martes. EFE\/ Zipi\" class=\"ft-helper-img-rd\" loading=\"lazy\" hasdataaida=\"true\"\/><\/p>\n<p class=\"ft-helper-fontColor-quaternary ft-helper-fontSize-body-S ft-helper-spacer-t-xxs\">El director de cine Scott Cooper posa durante la presentaci\u00f3n de la pel\u00edcula \u201cSpringsteen: Deliver Me from Nowhere\u201d en Madrid, este martes. EFE\/ Zipi  \/ ZIPI \/ EFE<\/p>\n<p class=\"ft-text\">Algunas de las respuestas est\u00e1n en<strong> Jeremy Allen White, \u201cun gran actor que puede hacer todo eso incluso de forma no verbal\u201d, <\/strong>a\u00f1ade. A su lado, este coincide en calificar de \u201creto\u201d el reflejo de \u201caquella vida interior\u201d de Springsteen en un momento de crisis, cumplidos los 32 a\u00f1os. \u201cLo vemos tratar a la gente con amabilidad\u201d, pero tambi\u00e9n \u201ccon una actitud evasiva hacia quienes lo quieren y consigo mismo\u201d. Ah\u00ed, el actor cree que \u201cla direcci\u00f3n, edici\u00f3n y trabajo de c\u00e1mara de Scott te permiten <strong>a veces llegar a entrar en la mente de Bruce y otras lo percibes distante y fr\u00edo\u201d.<\/strong> Ambos lo explican a este diario, este martes, calentando el estreno de la producci\u00f3n (el 24 de octubre en los cines) en una suite del hotel Mandarin Oriental Ritz, de Madrid, donde conceden sus entrevistas limitadas a 14 minutos y cronometradas (por un marcador colgado en la pared que va informando de la cuenta atr\u00e1s).<\/p>\n<p><img decoding=\"async\" src=\"https:\/\/www.europesays.com\/es\/wp-content\/uploads\/2025\/10\/323c495d-c7c3-4876-b5ef-2b33500faa0a_alta-libre-aspect-ratio_default_0.jpg\" width=\"1200\" height=\"842\" alt=\"Jeremy Allen White, Bruce Springsteen y Jon Landau en el estreno de la pel\u00edcula.\" class=\"ft-helper-img-rd\" loading=\"lazy\" hasdataaida=\"true\"\/><\/p>\n<p class=\"ft-helper-fontColor-quaternary ft-helper-fontSize-body-S ft-helper-spacer-t-xxs\">Jeremy Allen White, Bruce Springsteen y Jon Landau en el estreno de la pel\u00edcula.  \/ CHARLY TRIBALLEAU \/ AFP<\/p>\n<p>La \u201cpuerta de acceso\u201d a Bruce<\/p>\n<p class=\"ft-text\"><strong>\u00bfCreen ellos que \u2018Nebraska\u2019 es el mejor disco de Springsteen? Hay un clich\u00e9 en la adoraci\u00f3n de los discos m\u00e1s oscuros y anticomerciales, \u00bfno es cierto? <\/strong>Ni uno ni otro llegan a mojarse. \u201cLo veo como el m\u00e1s personal, \u00edntimo y el que a m\u00ed m\u00e1s me toca\u201d, precisa Jeremy Allen White, mientras que el director sit\u00faa en<strong> \u2018Nebraska\u2019 su \u201cpuerta de acceso a Bruce\u201d, a trav\u00e9s de su padre. \u201cMe lo dio a conocer cuando yo era un adolescente. \u00c9poca en la que est\u00e1s desencantado, no sabes qui\u00e9n eres ni ad\u00f3nde vas\u201d.<\/strong><\/p>\n<p class=\"ft-text\">Ambos destacan el papel crucial del propio Springsteen y de <strong>su m\u00e1nager, Jon Landau<\/strong>, en la confecci\u00f3n del puzle. Su v\u00ednculo es \u201cel pilar del filme\u201d, destaca del director, \u201cla historia de amor central\u201d. El apoyo de Landau en<strong> el choque con la discogr\u00e1fica, Columbia, que deseaba un apote\u00f3sico disco de rock para relevar a \u2018The river\u2019<\/strong> (y que terminar\u00eda siendo \u2018Born in the USA\u2019, dos a\u00f1os m\u00e1s tarde), contrasta con \u201cla incapacidad de Bruce de conectar con su pareja de ese tiempo\u201d, apunta Cooper refiri\u00e9ndose a un personaje, Faye, que es el \u00fanico que no se corresponde literalmente con una figura real. Springsteen fue \u201cgeneroso, sincero y comunicativo\u201d y \u201cest\u00e1 claro que esta pel\u00edcula era importante para \u00e9l\u201d, a\u00f1ade. <strong>\u201cY tenerlo a \u00e9l y a Landau en el \u2018set\u2019, aunque sintieras que te estaban escudri\u00f1ando, fue un regalo, porque, \u00bfqui\u00e9n mejor que ellos para darte acceso al estado mental de Bruce en esa \u00e9poca?\u201d<\/strong>.<\/p>\n<p><img decoding=\"async\" src=\"https:\/\/www.europesays.com\/es\/wp-content\/uploads\/2025\/10\/652dbebc-3fa2-4950-a5a3-e2397af44c8c_alta-libre-aspect-ratio_default_0.jpg\" width=\"1200\" height=\"885\" alt=\"Harrison Sloan Gilbertson, Odessa Young, Jeremy Allen White y Jeremy Scott en la premiere de  &quot;Springsteen: Deliver Me From Nowhere&quot; en Nueva York.\" class=\"ft-helper-img-rd\" loading=\"lazy\" hasdataaida=\"true\"\/><\/p>\n<p class=\"ft-helper-fontColor-quaternary ft-helper-fontSize-body-S ft-helper-spacer-t-xxs\">Harrison Sloan Gilbertson, Odessa Young, Jeremy Allen White y Jeremy Scott en la premiere de \u00abSpringsteen: Deliver Me From Nowhere\u00bb en Nueva York.  \/ Associated Press\/LaPresse \/ LAP<\/p>\n<p>El estigma de la depresi\u00f3n<\/p>\n<p class=\"ft-text\"><strong>La depresi\u00f3n no era, en 1981 y 1982, una materia que formara parte de la conversaci\u00f3n p\u00fablica, a diferencia del tiempo actual<\/strong>. \u201cExist\u00eda un estigma sobre la salud mental. Los hombres no hablaban de ello. No sab\u00edan expresar su dolor. Ser vulnerable te hac\u00eda parecer d\u00e9bil\u201d, razona Scott Cooper. \u201cAfortunadamente, Bruce contaba con Landau, que hab\u00eda recibido terapia y que le consigui\u00f3 la ayuda que necesitaba\u201d. Ese trasfondo har\u00e1, estima, que \u201cla pel\u00edcula resulte cercana a quienes sufren\u201d.<\/p>\n<p><img decoding=\"async\" src=\"https:\/\/www.europesays.com\/es\/wp-content\/uploads\/2025\/10\/06a2d7df-1c80-4ba3-908c-1d7109f458d1_alta-libre-aspect-ratio_default_0.jpg\" width=\"1200\" height=\"800\" alt=\"El actor Jeremy Allen White y el director de cine Scott Cooper posan durante la presentaci\u00f3n de la pel\u00edcula 'Springsteen: Deliver Me from Nowhere', este martes en Madrid.\" class=\"ft-helper-img-rd\" loading=\"lazy\" hasdataaida=\"true\"\/><\/p>\n<p class=\"ft-helper-fontColor-quaternary ft-helper-fontSize-body-S ft-helper-spacer-t-xxs\">El actor Jeremy Allen White y el director de cine Scott Cooper posan durante la presentaci\u00f3n de la pel\u00edcula &#8216;Springsteen: Deliver Me from Nowhere&#8217;, este martes en Madrid.  \/ ZIPI \/ EFE<\/p>\n<p class=\"ft-text\">En el camino, muestra a Jeremy Allen White convertido en cantante y guitarrista. <strong>\u201cCuesti\u00f3n de cientos de horas de preparaci\u00f3n para escenas de 30 o 45 segundos\u201d, revela. Trabaj\u00f3 con Erik Vetro, \u2018coacher\u2019 de Timothee Chalamet (el Dylan de James Mangold) y de Austin Butler (\u2018Elvis\u2019)<\/strong>, y con este \u00faltimo lleg\u00f3 a \u201chablar mucho\u201d, pero \u201cuna vez hecha ya la pel\u00edcula\u201d, asegura. Tal vez no necesitaba m\u00e1s consejos. \u201cSent\u00eda que ten\u00eda una posici\u00f3n privilegiada porque durante todo el tiempo sentimos que ten\u00edamos a Bruce muy cerca\u201d.<\/p>\n<p data-close=\"closedContent\" class=\"subscribeHideForDisplay\">Suscr\u00edbete para seguir leyendo<\/p>\n","protected":false},"excerpt":{"rendered":"Un tipo que sufre una depresi\u00f3n sin saberlo, una casa rural alquilada y una habitaci\u00f3n de moqueta naranja,&hellip;\n","protected":false},"author":2,"featured_media":161978,"comment_status":"","ping_status":"","sticky":false,"template":"","format":"standard","meta":{"footnotes":""},"categories":[169],"tags":[23475,22714,177,4170,2378,146,5996,147,25,24,3220,176,16249,24989,175,185,5575,23,3797],"class_list":{"0":"post-161977","1":"post","2":"type-post","3":"status-publish","4":"format-standard","5":"has-post-thumbnail","7":"category-cine","8":"tag-allen","9":"tag-bruce-springsteen","10":"tag-cine","11":"tag-crisis","12":"tag-depresion","13":"tag-entertainment","14":"tag-entrar","15":"tag-entretenimiento","16":"tag-es","17":"tag-espana","18":"tag-estrenos-de-cine","19":"tag-film","20":"tag-frio","21":"tag-jeremy","22":"tag-movies","23":"tag-musica","24":"tag-reto","25":"tag-spain","26":"tag-white"},"share_on_mastodon":{"url":"","error":""},"_links":{"self":[{"href":"https:\/\/www.europesays.com\/es\/wp-json\/wp\/v2\/posts\/161977","targetHints":{"allow":["GET"]}}],"collection":[{"href":"https:\/\/www.europesays.com\/es\/wp-json\/wp\/v2\/posts"}],"about":[{"href":"https:\/\/www.europesays.com\/es\/wp-json\/wp\/v2\/types\/post"}],"author":[{"embeddable":true,"href":"https:\/\/www.europesays.com\/es\/wp-json\/wp\/v2\/users\/2"}],"replies":[{"embeddable":true,"href":"https:\/\/www.europesays.com\/es\/wp-json\/wp\/v2\/comments?post=161977"}],"version-history":[{"count":0,"href":"https:\/\/www.europesays.com\/es\/wp-json\/wp\/v2\/posts\/161977\/revisions"}],"wp:featuredmedia":[{"embeddable":true,"href":"https:\/\/www.europesays.com\/es\/wp-json\/wp\/v2\/media\/161978"}],"wp:attachment":[{"href":"https:\/\/www.europesays.com\/es\/wp-json\/wp\/v2\/media?parent=161977"}],"wp:term":[{"taxonomy":"category","embeddable":true,"href":"https:\/\/www.europesays.com\/es\/wp-json\/wp\/v2\/categories?post=161977"},{"taxonomy":"post_tag","embeddable":true,"href":"https:\/\/www.europesays.com\/es\/wp-json\/wp\/v2\/tags?post=161977"}],"curies":[{"name":"wp","href":"https:\/\/api.w.org\/{rel}","templated":true}]}}