{"id":161993,"date":"2025-10-08T03:18:10","date_gmt":"2025-10-08T03:18:10","guid":{"rendered":"https:\/\/www.europesays.com\/es\/161993\/"},"modified":"2025-10-08T03:18:10","modified_gmt":"2025-10-08T03:18:10","slug":"la-vuelta-a-murcia-pasa-de-una-a-dos-etapas-y-se-celebrara-los-dias-13-y-14-de-febrero-de-2026-esciclismo","status":"publish","type":"post","link":"https:\/\/www.europesays.com\/es\/161993\/","title":{"rendered":"La Vuelta a Murcia pasa de una a dos etapas y se celebrar\u00e1 los d\u00edas 13 y 14 de febrero de 2026 &#8211; Esciclismo"},"content":{"rendered":"<ol>\n<li><a href=\"https:\/\/news.google.com\/rss\/articles\/CBMiakFVX3lxTFBJN2J6aGFDTkZZVm40YnAxTm44NnVDU0w5V3ZRbXdMTXZwTFVYZmx3S2lYdE9LZW9GWFRaOE5rUkRhV1ZNSGdrZTc5Y3dxSW81ckg5RU90dWM2RFZLUFJnOGJWc2pQYjVOaHc?oc=5\" target=\"_blank\" rel=\"nofollow noopener\">La Vuelta a Murcia pasa de una a dos etapas y se celebrar\u00e1 los d\u00edas 13 y 14 de febrero de 2026<\/a>&nbsp;&nbsp;Esciclismo<\/li>\n<li><a href=\"https:\/\/news.google.com\/rss\/articles\/CBMisAFBVV95cUxNZGJBRks5UmlxeU9Lbk50clR1bUo2Y1VCZHVyckFoMHJ6SG5yRm4tUU1lUE01dzJuY0hCZXA1TzNzZDZZYl9tcDZ5cjBuRmw4RTJSUFljai1yTkRSdXYxZncyeWlvMjZOUFlQOTRfS0k5NUQ0VlJZQ3RhNkJlOVhZbk5FZVUwel93bUZHNC1NV0pYVHI5S3QyRDQtREhfSENYQTE4X21ucEhRYzBsLXh5eA?oc=5\" target=\"_blank\" rel=\"nofollow noopener\">La Vuelta a la Regi\u00f3n de Murcia dobla su apuesta y contar\u00e1 con dos jornadas<\/a>&nbsp;&nbsp;La Verdad<\/li>\n<li><a href=\"https:\/\/news.google.com\/rss\/articles\/CBMi7AFBVV95cUxNUUZpbEw3aC1OYS16WGI0QmZzX0YxcVVvZTdpWmpiMjdZaWs1YmRBbjBxVURURG5WNkRVZ2swMW9yYVdmdjFBT01XN3dSb2pDcF9xaU1JaTdQYm1DNEgyVEkxbFZhd2FFNDhha19vU3dlb1pfYnc4d3M2a2NUVm1KUUdKNWtjOXowYzJqbk0wT0JOeFZBdDhGMGdkeGRCTGw1dDFHbVRXRThBaTdKMnlhTFg3ZUoyQ0VtOTUzYzJPd2NNRlU2ZmlrUk5EUDRKTktORWVYLTcxLXpKQkxHMldYUEEtYjY1STlZZW1wOQ?oc=5\" target=\"_blank\" rel=\"nofollow noopener\">La Vuelta a Murcia pasa de una a dos etapas y se celebrar\u00e1 los d\u00edas 13 y 14 de febrero<\/a>&nbsp;&nbsp;Plaza Deportiva<\/li>\n<li><a href=\"https:\/\/news.google.com\/rss\/articles\/CBMipgFBVV95cUxOWnVxMGp6ZDlldGNXV1RzbWg5aF9sVGJZS2F4ZFFjLXF1QW8xZklnaXd5b0plMjBOMmEwNDBHbWY5bUVzeW0wUWF0T0xLYnJnZGhnVHhjSWZPT091WEwxaHRaQXVERk1XdktSV1JpZ1dGbDgyY2RUcnVHQU1tQk1FQnY2R2JzckczQmtrYWNDTFBZNGR3OVMyWkV3YWF5WGpYajFRQkZn0gGrAUFVX3lxTE1rZm96d2pkZTltMVB1UzlSc05aZXNuSjB0R0NaM2RONG9WQXZ0b0hZOFFmcVhlVGt6aTVSZEhCWk9KZVBwNF9vY2NpbXVSYmdIY3FFN1VRM21vLUt4MV9hSTB5M052NUFHZTIyeEJoYVRHQUo2VG1rcVhVRUdnOWl4MDRJaXY4R1BiM1BINXB2b1RwUnpzamkxTVFXbjV5b1FtSFdBbE9mbVBlZw?oc=5\" target=\"_blank\" rel=\"nofollow noopener\">La Vuelta a Murcia tendr\u00e1 dos etapas en la edici\u00f3n de 2026<\/a>&nbsp;&nbsp;La Opini\u00f3n de Murcia<\/li>\n<li><a href=\"https:\/\/news.google.com\/rss\/articles\/CBMirgFBVV95cUxNbDJINmVjNlozTEFCWGQzUHJSWk1QYS1RVGNUT3Fxd3dEU1NHM0FnSmh6NmdDUmtEbHQtdVFsOVRIQmFDLVF5RzJDTUp1eFNmZDJ1a2RMWW1oRndTT1czdUxORE9yM0RDN0hVQURlUE1rSHctQVN1M01xQWdFNVZ4cDMwLUx3aHhoaHE5VTQ0blJtSmppSkNmbDFFOFd0aUZkWktyQ2tZU1prSlpZa2c?oc=5\" target=\"_blank\" rel=\"nofollow noopener\">La Vuelta Ciclista a la Regi\u00f3n de Murcia volver\u00e1 a tener dos d\u00edas de competici\u00f3n<\/a>&nbsp;&nbsp;Onda Regional de Murcia | ORM<\/li>\n<\/ol>\n","protected":false},"excerpt":{"rendered":"La Vuelta a Murcia pasa de una a dos etapas y se celebrar\u00e1 los d\u00edas 13 y 14&hellip;\n","protected":false},"author":2,"featured_media":161994,"comment_status":"","ping_status":"","sticky":false,"template":"","format":"standard","meta":{"footnotes":""},"categories":[273],"tags":[313,312,168,25,24,1783,23,167],"class_list":{"0":"post-161993","1":"post","2":"type-post","3":"status-publish","4":"format-standard","5":"has-post-thumbnail","7":"category-ciclismo","8":"tag-ciclismo","9":"tag-cycling","10":"tag-deportes","11":"tag-es","12":"tag-espana","13":"tag-la","14":"tag-spain","15":"tag-sports"},"share_on_mastodon":{"url":"","error":""},"_links":{"self":[{"href":"https:\/\/www.europesays.com\/es\/wp-json\/wp\/v2\/posts\/161993","targetHints":{"allow":["GET"]}}],"collection":[{"href":"https:\/\/www.europesays.com\/es\/wp-json\/wp\/v2\/posts"}],"about":[{"href":"https:\/\/www.europesays.com\/es\/wp-json\/wp\/v2\/types\/post"}],"author":[{"embeddable":true,"href":"https:\/\/www.europesays.com\/es\/wp-json\/wp\/v2\/users\/2"}],"replies":[{"embeddable":true,"href":"https:\/\/www.europesays.com\/es\/wp-json\/wp\/v2\/comments?post=161993"}],"version-history":[{"count":0,"href":"https:\/\/www.europesays.com\/es\/wp-json\/wp\/v2\/posts\/161993\/revisions"}],"wp:featuredmedia":[{"embeddable":true,"href":"https:\/\/www.europesays.com\/es\/wp-json\/wp\/v2\/media\/161994"}],"wp:attachment":[{"href":"https:\/\/www.europesays.com\/es\/wp-json\/wp\/v2\/media?parent=161993"}],"wp:term":[{"taxonomy":"category","embeddable":true,"href":"https:\/\/www.europesays.com\/es\/wp-json\/wp\/v2\/categories?post=161993"},{"taxonomy":"post_tag","embeddable":true,"href":"https:\/\/www.europesays.com\/es\/wp-json\/wp\/v2\/tags?post=161993"}],"curies":[{"name":"wp","href":"https:\/\/api.w.org\/{rel}","templated":true}]}}