{"id":161999,"date":"2025-10-08T03:22:09","date_gmt":"2025-10-08T03:22:09","guid":{"rendered":"https:\/\/www.europesays.com\/es\/161999\/"},"modified":"2025-10-08T03:22:09","modified_gmt":"2025-10-08T03:22:09","slug":"a-veces-no-me-se-explicar","status":"publish","type":"post","link":"https:\/\/www.europesays.com\/es\/161999\/","title":{"rendered":"A veces no me s\u00e9 explicar"},"content":{"rendered":"<p class=\"paragraph\">\u00abMe muero por contarte cosas que no le he dicho a nadie\u00bb. Con estos versos el artista Dani Fern\u00e1ndez se sinceraba con todos sus seres queridos para anunciar un important\u00edsimo cambio en su vida: que <b>estaba a punto de ser padre<\/b>. Ha sido este martes tambi\u00e9n la canci\u00f3n que ha elegido el de Ciudad Real para abrirse frente a su publico en el Espacio Zity de Zaragoza, durante el abarrotado <a href=\"https:\/\/www.heraldo.es\/noticias\/aragon\/zaragoza\/fiestas-del-pilar\/2025\/10\/07\/lori-meyers-vuelve-zaragoza-todo-alto-concierto-fiestas-pilar-2025-1860004.html\" title=\"Llenazo en el concierto de Lori Meyers en Zaragoza: &quot;Hace mucho que no nos vemos en unas Fiestas del Pilar&quot;\" rel=\"nofollow noopener\" target=\"_blank\">concierto que ha ofrecido como parte de la programaci\u00f3n de las Fiestas del Pilar.\u00a0<\/a><\/p>\n<p class=\"paragraph\">Antes de comenzar a cantar &#8216;Solo tienes que avisar&#8217;, Dani Fern\u00e1ndez ha rememorado el momento en el que escribi\u00f3 la canci\u00f3n, que iba a formar parte del disco pero que finalmente no lo hizo. Ha explicado que <b>la eligi\u00f3 para contar la feliz noticia<\/b>. \u00abMuchas veces en las redes sociales no me s\u00e9 explicar bien, o hay cosas que las digo mejor cuando lo hago cantando\u00bb, ha expresado.\u00a0<\/p>\n<p class=\"paragraph\">\u00abEra una forma de decirle a la gente que me quiere que <b>iba a ser pap\u00e1, escribiendo una canci\u00f3n<\/b> a mi hija cuando estaba en la tripa\u00bb, ha asegurado, explicando que los versos hablan de \u00abpersonas que aunque ni siquiera has visto todav\u00eda te amarran, te dan esa mano para seguir en los momentos dif\u00edciles\u00bb.<\/p>\n<p class=\"paragraph\">Fern\u00e1ndez, que en su momento form\u00f3 parte de la boy band Auryn, se ha mostrado tambi\u00e9n entusiasmado de tocar en las Fiestas del Pilar y en el Espacio Zity como escenario. \u00ab<b>Estaba deseando venir a tocar aqu\u00ed<\/b>, a Pilares, es verdad que ya tocamos en la plaza del Pilar pero todo el mundo nos dec\u00eda que ten\u00edamos que venir aqu\u00ed\u00bb, ha asegurado. A su p\u00fablico, le ha agradecido todo el calor. \u00abHay una energ\u00eda incre\u00edble, sois gente incre\u00edble\u00bb, ha expresado.\u00a0<\/p>\n","protected":false},"excerpt":{"rendered":"\u00abMe muero por contarte cosas que no le he dicho a nadie\u00bb. Con estos versos el artista Dani&hellip;\n","protected":false},"author":2,"featured_media":162000,"comment_status":"","ping_status":"","sticky":false,"template":"","format":"standard","meta":{"footnotes":""},"categories":[174],"tags":[255,2339,11766,146,147,25,48013,24,256,14524,23,491],"class_list":{"0":"post-161999","1":"post","2":"type-post","3":"status-publish","4":"format-standard","5":"has-post-thumbnail","7":"category-famosos","8":"tag-celebrities","9":"tag-concierto","10":"tag-dani-fernandez","11":"tag-entertainment","12":"tag-entretenimiento","13":"tag-es","14":"tag-espacio-zity","15":"tag-espana","16":"tag-famosos","17":"tag-fiestas-del-pilar","18":"tag-spain","19":"tag-zaragoza"},"share_on_mastodon":{"url":"","error":""},"_links":{"self":[{"href":"https:\/\/www.europesays.com\/es\/wp-json\/wp\/v2\/posts\/161999","targetHints":{"allow":["GET"]}}],"collection":[{"href":"https:\/\/www.europesays.com\/es\/wp-json\/wp\/v2\/posts"}],"about":[{"href":"https:\/\/www.europesays.com\/es\/wp-json\/wp\/v2\/types\/post"}],"author":[{"embeddable":true,"href":"https:\/\/www.europesays.com\/es\/wp-json\/wp\/v2\/users\/2"}],"replies":[{"embeddable":true,"href":"https:\/\/www.europesays.com\/es\/wp-json\/wp\/v2\/comments?post=161999"}],"version-history":[{"count":0,"href":"https:\/\/www.europesays.com\/es\/wp-json\/wp\/v2\/posts\/161999\/revisions"}],"wp:featuredmedia":[{"embeddable":true,"href":"https:\/\/www.europesays.com\/es\/wp-json\/wp\/v2\/media\/162000"}],"wp:attachment":[{"href":"https:\/\/www.europesays.com\/es\/wp-json\/wp\/v2\/media?parent=161999"}],"wp:term":[{"taxonomy":"category","embeddable":true,"href":"https:\/\/www.europesays.com\/es\/wp-json\/wp\/v2\/categories?post=161999"},{"taxonomy":"post_tag","embeddable":true,"href":"https:\/\/www.europesays.com\/es\/wp-json\/wp\/v2\/tags?post=161999"}],"curies":[{"name":"wp","href":"https:\/\/api.w.org\/{rel}","templated":true}]}}