{"id":162021,"date":"2025-10-08T03:43:04","date_gmt":"2025-10-08T03:43:04","guid":{"rendered":"https:\/\/www.europesays.com\/es\/162021\/"},"modified":"2025-10-08T03:43:04","modified_gmt":"2025-10-08T03:43:04","slug":"el-reto-a-superar-por-el-valencia-basket-en-su-visita-al-palau-en-la-euroliga","status":"publish","type":"post","link":"https:\/\/www.europesays.com\/es\/162021\/","title":{"rendered":"El reto a superar por el Valencia Basket en su visita al Palau en la Euroliga"},"content":{"rendered":"<p class=\"ft-text\"><strong>Los caprichos del calendario han hecho que el Valencia Basket tenga que jugar dos partidos contra el FC Barcelona en apenas cinco d\u00edas<\/strong>. El primero, en la Liga Endesa, se sald\u00f3 con una <a class=\"ft-link ft-link--decoration\" href=\"https:\/\/www.superdeporte.es\/valencia-basket\/2025\/10\/05\/valencia-basket-saca-rodillo-barca-en-estreno-liga-roig-arena-122302969.html\" rel=\"nofollow noopener\" target=\"_blank\">clara victoria de los taronja<\/a> (<a class=\"ft-link ft-link--decoration\" href=\"https:\/\/acb.com\/partido\/estadisticas\/id\/104467\" rel=\"nofollow noopener\" target=\"_blank\">93-81<\/a>) en el estreno liguero del Roig Arena, y el segundo se disputar\u00e1 este viernes en el Palau Blaugrana, en la tercera jornadada de la m\u00e1xima competici\u00f3n europea.<\/p>\n<p class=\"ft-text\">Un partido que, pese a la contudente victoria del pasado domingo, se presenta como todo un reto para el Valencia Basket, ya que los taronja nunca han ganado en el Palau en competiciones europeas y son el rival ante el que tienen peor balance de victorias en el c\u00f3mputo total de partidos en Europa, incluyendo los jugados en La Fonteta.<\/p>\n<p class=\"ft-text\">De hecho,<strong> el FC Barcerlona es el rival contra el que tiene el Valencia Basket el peor balance hist\u00f3rico entre los oponentes de este curso en la m\u00e1xima competici\u00f3n continental<\/strong> (solo un 20% de victorias ante el cuadro azulgrana en torneos europeos).<\/p>\n<p class=\"ft-text\"><strong>FC Barcelona (balance de 2-8) 20% de victorias<\/strong><\/p>\n<p class=\"ft-text\">Olympiacos (balance 4-12) 25% de victorias<\/p>\n<p class=\"ft-text\">Maccabi (balance 3-9) 25% de victorias<\/p>\n<p><img decoding=\"async\" src=\"https:\/\/www.europesays.com\/es\/wp-content\/uploads\/2025\/10\/5d4df578-fa0d-4a6c-aee9-faa3bf4776d2_alta-libre-aspect-ratio_default_0.jpg\" width=\"1200\" height=\"865\" alt=\"Brancou Badio, ya recuperado y listo para repetir partido contra el Bar\u00e7a.\" class=\"ft-helper-img-rd\" loading=\"lazy\" hasdataaida=\"true\"\/><\/p>\n<p class=\"ft-helper-fontColor-quaternary ft-helper-fontSize-body-S ft-helper-spacer-t-xxs\">Brancou Badio, ya recuperado y listo para repetir partido contra el Bar\u00e7a.  \/ Eduardo Ripoll<\/p>\n<p>Precedentes de Euroliga contra el Barcelona<\/p>\n<p class=\"ft-text\">Euroliga 2017-18. Fase Regular. 89-71. Oriola (14) \/ Pleiss (13)<\/p>\n<p class=\"ft-text\">Euroliga 2019-20. Fase Regular. 83-77. Higgins (20) \/ Loyd (17)<\/p>\n<p class=\"ft-text\">Euroliga 2020-21. Fase Regular. 89-72. Abrines (16) \/ Labeyrie (17)<\/p>\n<p class=\"ft-text\">Euroliga 2022-23. Fase Regular. 85-71. Mirotic (18) \/ Harper (14)<\/p>\n<p class=\"ft-text\">Euroliga 2023-24. Fase Regular. 74-70. Vesely (17)\/ Jones (15)<\/p>\n<p>Otras pistas que se resisten<\/p>\n<p class=\"ft-text\"><strong>Hay seis pistas de los actuales participantes en la Euroliga en las que Valencia Basket no ha conseguido sumar la victoria en competici\u00f3n continental<\/strong>. Aunque dos de ellas, las de Paris Basketball y Dubai Basketball, las visitar\u00e1 por primera vez esta temporada. La pista del FC Barcelona es, por tanto, la cancha que m\u00e1s veces ha visitado en torneos europeos sin conseguir sacar algo positivo, con un balance de 0-5.<\/p>\n<p class=\"ft-text\"><strong>El equipo taronja solamente tiene peor balance en la m\u00e1xima competici\u00f3n continental ante el <\/strong><a class=\"ft-link ft-link--decoration\" href=\"https:\/\/www.superdeporte.es\/valencia-basket\/2025\/06\/29\/ojeleye-posa-colores-estrella-roja-119185744.html\" rel=\"nofollow noopener\" target=\"_blank\"><strong>Crvena Zvezda Meridianbet Belgrade<\/strong><\/a><strong> (2-9)<\/strong>. Un rival al que nunca ha podido ganar en su pista en la m\u00e1xima competici\u00f3n continental. Aunque se impuso en sus dos visitas a Belgrado en la EuroCup y siempre le gan\u00f3 en la segunda competici\u00f3n europea, lo que deja el hist\u00f3rico total entre estos dos equipos en un balance m\u00e1s equilibrado de 6-9.<\/p>\n<p class=\"ft-text\"><strong>Ante otros equipos espa\u00f1oles s\u00ed que ha logrado ganar a domicilio el Valencia Basket en la Euroliga<\/strong>. Dos veces contra el Real Madrid y otras tantas ante el Baskonia en Vitoria, adem\u00e1s de una ante el Unicaja en M\u00e1laga.<\/p>\n","protected":false},"excerpt":{"rendered":"Los caprichos del calendario han hecho que el Valencia Basket tenga que jugar dos partidos contra el FC&hellip;\n","protected":false},"author":2,"featured_media":162022,"comment_status":"","ping_status":"","sticky":false,"template":"","format":"standard","meta":{"footnotes":""},"categories":[269],"tags":[299,1918,298,168,420,25,24,833,881,1783,3294,15060,5575,23,167,235,2916],"class_list":{"0":"post-162021","1":"post","2":"type-post","3":"status-publish","4":"format-standard","5":"has-post-thumbnail","7":"category-baloncesto","8":"tag-baloncesto","9":"tag-basket","10":"tag-basketball","11":"tag-deportes","12":"tag-en","13":"tag-es","14":"tag-espana","15":"tag-euroliga","16":"tag-fc-barcelona","17":"tag-la","18":"tag-le","19":"tag-resiste","20":"tag-reto","21":"tag-spain","22":"tag-sports","23":"tag-valencia","24":"tag-valencia-basket"},"share_on_mastodon":{"url":"","error":""},"_links":{"self":[{"href":"https:\/\/www.europesays.com\/es\/wp-json\/wp\/v2\/posts\/162021","targetHints":{"allow":["GET"]}}],"collection":[{"href":"https:\/\/www.europesays.com\/es\/wp-json\/wp\/v2\/posts"}],"about":[{"href":"https:\/\/www.europesays.com\/es\/wp-json\/wp\/v2\/types\/post"}],"author":[{"embeddable":true,"href":"https:\/\/www.europesays.com\/es\/wp-json\/wp\/v2\/users\/2"}],"replies":[{"embeddable":true,"href":"https:\/\/www.europesays.com\/es\/wp-json\/wp\/v2\/comments?post=162021"}],"version-history":[{"count":0,"href":"https:\/\/www.europesays.com\/es\/wp-json\/wp\/v2\/posts\/162021\/revisions"}],"wp:featuredmedia":[{"embeddable":true,"href":"https:\/\/www.europesays.com\/es\/wp-json\/wp\/v2\/media\/162022"}],"wp:attachment":[{"href":"https:\/\/www.europesays.com\/es\/wp-json\/wp\/v2\/media?parent=162021"}],"wp:term":[{"taxonomy":"category","embeddable":true,"href":"https:\/\/www.europesays.com\/es\/wp-json\/wp\/v2\/categories?post=162021"},{"taxonomy":"post_tag","embeddable":true,"href":"https:\/\/www.europesays.com\/es\/wp-json\/wp\/v2\/tags?post=162021"}],"curies":[{"name":"wp","href":"https:\/\/api.w.org\/{rel}","templated":true}]}}