{"id":162025,"date":"2025-10-08T03:45:17","date_gmt":"2025-10-08T03:45:17","guid":{"rendered":"https:\/\/www.europesays.com\/es\/162025\/"},"modified":"2025-10-08T03:45:17","modified_gmt":"2025-10-08T03:45:17","slug":"demi-moore-sorprende-con-un-radical-cambio-de-look-que-la-hace-lucir-mas-joven-que-nunca","status":"publish","type":"post","link":"https:\/\/www.europesays.com\/es\/162025\/","title":{"rendered":"Demi Moore sorprende con un radical cambio de &#8216;look&#8217; que la hace lucir m\u00e1s joven que nunca"},"content":{"rendered":"<p id=\"e_Ha-BmJz9\" data-wc=\"94\">Despu\u00e9s del a\u00f1o m\u00e1s importante de su carrera,<strong>\u00a0Demi Moore sigue demostrando que su nueva era como actriz est\u00e1 apenas comenzando.\u00a0<\/strong>Luego de haber sido galardonada con diversos premios por su papel en \u201cLa Sustancia\u201d, la actriz est\u00e1 m\u00e1s que lista para comenzar nuevos proyectos \u2013entre los cuales se incluye su pr\u00f3xima participaci\u00f3n en la cinta\u00a0\u201cStrange Arrivals\u201d junto a Colman Domingo\u2013. Mientras esto sucede,<strong>\u00a0Moore confirma que, adem\u00e1s de tener un talento nato para la actuaci\u00f3n y el mundo del entretenimiento, se ha convertido tambi\u00e9n en un referente ic\u00f3nico de moda y belleza.<\/strong><\/p>\n<p id=\"eZ9aOXD5wu\" data-wc=\"68\">Una de las recientes sorpresas que mostr\u00f3 la actriz fue su participaci\u00f3n en el nuevo\u00a0short film<strong>\u00a0producido por\u00a0<\/strong><a class=\"hm-link ho-link\" href=\"https:\/\/www.hola.com\/us-es\/moda\/20250922857242\/debut-demna-gvasalia-gucci\/\" rel=\"noopener nofollow\" target=\"_blank\" data-mrf-recirculation=\"article-body-link\">Gucci<\/a><strong>\u00a0bajo el nombre de \u201cThe Tiger\u201d.\u00a0<\/strong>En este proyecto, dirigido y escrito por <strong>Spike Jonze y Halina Reijn<\/strong>, se presentan looks de la nueva colecci\u00f3n en un ambiente cinematogr\u00e1fico y elegante. Para la ocasi\u00f3n, <strong>Demi deslumbr\u00f3 al elegir un radical cambio de look que la hace lucir irreconocible.<\/strong><\/p>\n<p> <img src=\"https:\/\/www.europesays.com\/es\/wp-content\/uploads\/2025\/10\/9af054f88a87-gettyimages-2202420252.jpg\"   width=\"819\" height=\"1024\" loading=\"lazy\" decoding=\"async\" alt=\"Demi Moore ha llevado su melena larga por a\u00f1os. \" fetchpriority=\"auto\" class=\"image ho-image\"\/>\u00a9 Disney via Getty ImagesDemi Moore ha llevado su melena larga por a\u00f1os.<br \/>\nAs\u00ed es el cambio de look de Demi Moore<br \/>\n <img src=\"https:\/\/www.europesays.com\/es\/wp-content\/uploads\/2025\/10\/17e87ed8fa58-snapinstato553755486185340447460129288161766477252266543n.jpg\"   width=\"1080\" height=\"1080\" loading=\"lazy\" decoding=\"async\" alt=\"Demi Moore presume nuevo cambio de look con flequillo.\" fetchpriority=\"auto\" class=\"image ho-image\"\/>\u00a9 InstagramDemi Moore presume nuevo cambio de look con flequillo.<\/p>\n<p id=\"e2kH2JA1R2\" data-wc=\"82\">Las sorpresas no parecen terminar para la actriz, quien, despu\u00e9s de haberse consolidado como un nuevo referente de la moda <a class=\"hm-link ho-link\" href=\"https:\/\/www.hola.com\/us-es\/moda\/20251006860003\/carolina-herrera-disenadora-lecciones-edad\/\" rel=\"noopener nofollow\" target=\"_blank\" data-mrf-recirculation=\"article-body-link\">sin importar la edad o el paso del tiempo<\/a>, dio un giro inesperado a su apariencia al aparecer con un nuevo corte de cabello a manos del estilista <strong>Dimitris Giannetos<\/strong> \u2013quien se encarga de la cabellera de<a class=\"hm-link ho-link\" href=\"https:\/\/www.hola.com\/us-es\/belleza\/20251007860257\/amal-clooney-nuevo-corte-look-elegante-otono\/\" rel=\"noopener nofollow\" target=\"_blank\" data-mrf-recirculation=\"article-body-link\">\u00a0Amal Clooney\u00a0<\/a>y Kim Kardashian\u2013. Moore decidi\u00f3 mantener su cabellera tan larga como siempre, pero con el giro de agregar un flequillo largo y degrafilado.<\/p>\n<p> <img src=\"https:\/\/www.europesays.com\/es\/wp-content\/uploads\/2025\/10\/2f0bcbd2efec-gettyimages-1352851152.jpg\"   width=\"1080\" height=\"1440\" loading=\"lazy\" decoding=\"async\" alt=\"As\u00ed luc\u00eda Demi Moore en los noventas.\" fetchpriority=\"auto\" class=\"image ho-image\"\/>\u00a9 Getty ImagesAs\u00ed luc\u00eda Demi Moore en los noventas.<\/p>\n<p id=\"eLNVDFFYsc\" data-wc=\"86\">Este corte le da un nuevo aire a la actriz y cambia radicalmente su apariencia, haci\u00e9ndola lucir mucho m\u00e1s joven. Lo impresionante y nost\u00e1lgico de esta decisi\u00f3n es que esta<strong>\u00a0es la primera vez que Demi luce un flequillo desde los noventa, cuando debut\u00f3 en su papel de \u201cStriptease\u201d.<\/strong> Despu\u00e9s de convertirse en una estrella con este corte de cabello, Demi se despidi\u00f3 del flequillo para transicionar a su cl\u00e1sica cabellera larga, que la ha distinguido hasta el momento como un icono de la salud capilar.<\/p>\n<p> <img src=\"https:\/\/www.europesays.com\/es\/wp-content\/uploads\/2025\/10\/a94cebd4b6c9-gettyimages-125625943.jpg\"   width=\"1080\" height=\"1440\" loading=\"lazy\" decoding=\"async\" alt=\"Demi Moore dej\u00f3 el flequillo y comenz\u00f3 a optar por un look m\u00e1s relajado.\" fetchpriority=\"auto\" class=\"image ho-image\"\/>\u00a9 Getty ImagesDemi Moore dej\u00f3 el flequillo y comenz\u00f3 a optar por un look m\u00e1s relajado.<\/p>\n<p id=\"eOHajd9Y-t\" data-wc=\"42\">Para anunciar su cambio de look, la actriz comparti\u00f3 unas fotograf\u00edas del antes y el despu\u00e9s con el flequillo, escribiendo: \u201cFlequillo \u2013ahora y antes. \u00a1Gracias, Gucci, por permitirme traer de regreso este estilo por primera vez desde Striptease!\u201d, comparti\u00f3 con sus seguidores.<\/p>\n<p> <img src=\"https:\/\/www.europesays.com\/es\/wp-content\/uploads\/2025\/10\/66d34beffdcc-gettyimages-1518803362.jpg\"   width=\"1080\" height=\"1440\" loading=\"lazy\" decoding=\"async\" alt=\"Demi Moore con flequillo\" fetchpriority=\"auto\" class=\"image ho-image\"\/>\u00a9 Getty ImagesDemi Moore con flequillo<\/p>\n","protected":false},"excerpt":{"rendered":"Despu\u00e9s del a\u00f1o m\u00e1s importante de su carrera,\u00a0Demi Moore sigue demostrando que su nueva era como actriz est\u00e1&hellip;\n","protected":false},"author":2,"featured_media":162026,"comment_status":"","ping_status":"","sticky":false,"template":"","format":"standard","meta":{"footnotes":""},"categories":[174],"tags":[3451,16885,255,4490,146,147,25,24,256,23],"class_list":{"0":"post-162025","1":"post","2":"type-post","3":"status-publish","4":"format-standard","5":"has-post-thumbnail","7":"category-famosos","8":"tag-belleza","9":"tag-cabello","10":"tag-celebrities","11":"tag-demi-moore","12":"tag-entertainment","13":"tag-entretenimiento","14":"tag-es","15":"tag-espana","16":"tag-famosos","17":"tag-spain"},"share_on_mastodon":{"url":"","error":""},"_links":{"self":[{"href":"https:\/\/www.europesays.com\/es\/wp-json\/wp\/v2\/posts\/162025","targetHints":{"allow":["GET"]}}],"collection":[{"href":"https:\/\/www.europesays.com\/es\/wp-json\/wp\/v2\/posts"}],"about":[{"href":"https:\/\/www.europesays.com\/es\/wp-json\/wp\/v2\/types\/post"}],"author":[{"embeddable":true,"href":"https:\/\/www.europesays.com\/es\/wp-json\/wp\/v2\/users\/2"}],"replies":[{"embeddable":true,"href":"https:\/\/www.europesays.com\/es\/wp-json\/wp\/v2\/comments?post=162025"}],"version-history":[{"count":0,"href":"https:\/\/www.europesays.com\/es\/wp-json\/wp\/v2\/posts\/162025\/revisions"}],"wp:featuredmedia":[{"embeddable":true,"href":"https:\/\/www.europesays.com\/es\/wp-json\/wp\/v2\/media\/162026"}],"wp:attachment":[{"href":"https:\/\/www.europesays.com\/es\/wp-json\/wp\/v2\/media?parent=162025"}],"wp:term":[{"taxonomy":"category","embeddable":true,"href":"https:\/\/www.europesays.com\/es\/wp-json\/wp\/v2\/categories?post=162025"},{"taxonomy":"post_tag","embeddable":true,"href":"https:\/\/www.europesays.com\/es\/wp-json\/wp\/v2\/tags?post=162025"}],"curies":[{"name":"wp","href":"https:\/\/api.w.org\/{rel}","templated":true}]}}