{"id":162027,"date":"2025-10-08T03:46:16","date_gmt":"2025-10-08T03:46:16","guid":{"rendered":"https:\/\/www.europesays.com\/es\/162027\/"},"modified":"2025-10-08T03:46:16","modified_gmt":"2025-10-08T03:46:16","slug":"la-monumental-obra-record-de-mondongo-comienza-una-inedita-gira-federal","status":"publish","type":"post","link":"https:\/\/www.europesays.com\/es\/162027\/","title":{"rendered":"La monumental obra r\u00e9cord de Mondongo comienza una in\u00e9dita gira federal"},"content":{"rendered":"<p><img alt=\"\" class=\"global-image\" decoding=\"async\" fetchpriority=\"high\" height=\"525\" loading=\"eager\" src=\"https:\/\/www.europesays.com\/es\/wp-content\/uploads\/2025\/10\/QNCVVO72GFBKFIPZDNPZGTVMUQ.jpg\" width=\"1000\"\/><\/p>\n<p class=\"paragraph\">Desde hace un tiempo ya, el colectivo <b>Mondongo<\/b>, integrado por <b>Juliana Laffitte<\/b> (Buenos Aires, 1974) y <b>Manuel Mendanha <\/b>(Buenos Aires, 1976), alcanz\u00f3 reconocimiento internacional por generar escenas, ricas en simbolismo y de compleja factura, a partir del uso de materiales poco convencionales.<\/p>\n<p class=\"paragraph\">Durante 2024, tuvieron un regreso en grande a la escena art\u00edstica del pa\u00eds, con su <a href=\"https:\/\/www.infobae.com\/cultura\/2024\/06\/16\/mondongo-en-el-malba-la-vigencia-de-berni-y-del-conflicto-social\/\" target=\"_blank\" rel=\"noreferrer nofollow noopener\" title=\"https:\/\/www.infobae.com\/cultura\/2024\/06\/16\/mondongo-en-el-malba-la-vigencia-de-berni-y-del-conflicto-social\/\"><b>Manifestaci\u00f3n de Berni<\/b> en el <b>Malba<\/b><\/a>, una muestra de <a href=\"https:\/\/www.infobae.com\/cultura\/2024\/10\/08\/mondongo-en-torre-macro-una-retrospectiva-de-dos-decadas-reune-sus-originales-retratos\/\" target=\"_blank\" rel=\"noreferrer nofollow noopener\" title=\"https:\/\/www.infobae.com\/cultura\/2024\/10\/08\/mondongo-en-torre-macro-una-retrospectiva-de-dos-decadas-reune-sus-originales-retratos\/\">retratos en <b>Torre Macro<\/b><\/a>, la muestra <a href=\"https:\/\/www.infobae.com\/cultura\/2024\/11\/21\/mondongo-y-la-sociedad-del-espectaculo-en-arthaus\/\" target=\"_blank\" rel=\"noreferrer nofollow noopener\" title=\"https:\/\/www.infobae.com\/cultura\/2024\/11\/21\/mondongo-y-la-sociedad-del-espectaculo-en-arthaus\/\"><b>Sin t\u00edtulo<\/b> en <b>Arthaus Central<\/b><\/a><b> <\/b>y siendo los artistas inaugurales de <a href=\"https:\/\/www.infobae.com\/cultura\/2024\/09\/22\/malba-inaugura-nueva-sede-en-escobar-una-apuesta-por-el-arte-integrado-al-paisaje-natural\/\" target=\"_blank\" rel=\"noreferrer nofollow noopener\" title=\"https:\/\/www.infobae.com\/cultura\/2024\/09\/22\/malba-inaugura-nueva-sede-en-escobar-una-apuesta-por-el-arte-integrado-al-paisaje-natural\/\"><b>Malba Puertos<\/b><\/a>.<\/p>\n<p class=\"paragraph\">Ahora, con la instalaci\u00f3n monumental <b>Argentina (paisajes) <\/b>extender\u00e1n su cartograf\u00eda expositiva, ya que a lo largo de los pr\u00f3ximos a\u00f1os ser\u00e1 mostrada en diferentes museos del pa\u00eds. <\/p>\n<p class=\"paragraph\">La obra, que<b> <\/b>ser\u00e1 central en un nuevo proyecto cultural de <b>ArtHaus <\/b>en Puerto Madero a partir de 2027, comenzar\u00e1 una peregrinaci\u00f3n antes de su localizaci\u00f3n definitiva que la llevar\u00e1 por distintos rincones del pa\u00eds.<\/p>\n<p><img alt=\"Mondongo, integrado por Manuel Mendanha\" class=\"global-image\" decoding=\"async\" fetchpriority=\"low\" height=\"1080\" loading=\"lazy\" src=\"https:\/\/www.europesays.com\/es\/wp-content\/uploads\/2025\/10\/PQMRANKRSFGPLMFKSUYCHNSBPE.jpg\" width=\"1620\"\/>Mondongo, integrado por Manuel Mendanha y  Juliana Laffitte <\/p>\n<p class=\"paragraph\">El 6 de noviembre de 2025 tendr\u00e1 su debut en el <b>Museo Municipal de Bellas Artes Juan B. Castagnino<\/b> de <b>Rosario<\/b>, para luego exhibirse en abril de 2026 en el <b>Museo Provincial Franklin Rawson<\/b> de <b>San Juan<\/b> y en agosto en el <b>Museo Superior de Bellas Artes Evita Palacio Ferreyra<\/b> de <b>C\u00f3rdoba<\/b>. Posteriormente, el recorrido continuar\u00e1 hacia el norte y el sur, buscando abarcar todas las direcciones que la rosa de las vientos, y las agendas, permitan.<\/p>\n<p class=\"paragraph\">La gran pieza, adquirida por m\u00e1s de USD 1,2 mill\u00f3n en diciembre de 2024 por <b>Andr\u00e9s Buhar<\/b>, fundador y director de <b>ArtHaus<\/b>, en lo que fue <a href=\"https:\/\/www.infobae.com\/cultura\/2024\/11\/29\/record-una-obra-del-colectivo-mondongo-se-vendio-a-1270000-dolares-y-es-la-mas-cara-de-la-historia-del-arte-argentino\/\" target=\"_blank\" rel=\"noreferrer nofollow noopener\" title=\"https:\/\/www.infobae.com\/cultura\/2024\/11\/29\/record-una-obra-del-colectivo-mondongo-se-vendio-a-1270000-dolares-y-es-la-mas-cara-de-la-historia-del-arte-argentino\/\">un r\u00e9cord para el mercado nacional<\/a>, est\u00e1 compuesta por 15 paneles (3 x 2 m), que alineados conforman un paisaje de 45 metros lineales.<\/p>\n<p class=\"paragraph\">Concebida entre 2009 y 2013, la obra fue realizada \u00edntegramente en plastilina y surgi\u00f3, cuentan los artistas, tras haber visitado Entre R\u00edos, en una experiencia donde la naturaleza y las inundaciones de la regi\u00f3n marcaron el proceso creativo. <\/p>\n<p class=\"paragraph\">La pieza se presenta as\u00ed como una experiencia de tipo inmersiva, que dialoga desde lo est\u00edlistico con la largu\u00edsima tradici\u00f3n del paisaje litorale\u00f1o, como <b>Juan Suhr<\/b> o <b>Ra\u00fal Dom\u00ednguez<\/b>, pero lo hace desde la contemporaneidad mat\u00e9tica.<\/p>\n<p><img alt=\"La gran pieza fue adquirida\" class=\"global-image\" decoding=\"async\" fetchpriority=\"low\" height=\"4284\" loading=\"lazy\" src=\"https:\/\/www.europesays.com\/es\/wp-content\/uploads\/2025\/10\/CEUMSFUC3NECHMVGUWRJTMOFYI.JPG\" width=\"5712\"\/>La gran pieza fue adquirida por m\u00e1s de USD 1,2 mill\u00f3n en diciembre de 2024 por Andr\u00e9s Buhar, fundador y director de ArtHaus<\/p>\n<p class=\"paragraph\">Presentada por primera vez en el <b>Museo Moderno<\/b> en 2013, <b>Argentina (paisajes)<\/b> ha sido exhibida en diversas instituciones, como el<b> MAXXI<\/b> de Roma en 2016 y el<b> Museo Provincial de Arte Contempor\u00e1neo<\/b> en Mar del Plata en 2022. Durante el 2024, form\u00f3 parte de la ya nombrada muestra inaugural de <b>Malba Puertos<\/b> en Escobar.<\/p>\n<p class=\"paragraph\">Entre abril y octubre de 2025, la instalaci\u00f3n se exhibi\u00f3 en la terraza de <b>ArtHaus<\/b>, coincidiendo con el cierre de <a href=\"https:\/\/www.infobae.com\/cultura\/2024\/11\/21\/mondongo-y-la-sociedad-del-espectaculo-en-arthaus\/\" target=\"_blank\" rel=\"noreferrer nofollow noopener\" title=\"https:\/\/www.infobae.com\/cultura\/2024\/11\/21\/mondongo-y-la-sociedad-del-espectaculo-en-arthaus\/\">la exposici\u00f3n <b>Sin t\u00edtulo<\/b><\/a>, que super\u00f3 los <b>60.000 visitantes<\/b>.<\/p>\n<p class=\"paragraph\">Durante la mayor parte de su existencia, la instalaci\u00f3n permaneci\u00f3 almacenada, ya que los artistas rechazaron ofertas de museos internacionales y se negaron a fragmentarla para su venta, con la convicci\u00f3n de que deb\u00eda exhibirse \u00edntegra y en territorio argentino.<\/p>\n<p class=\"paragraph\">\u201cDesde el momento de su creaci\u00f3n, la obra estuvo la mayor parte del tiempo en un dep\u00f3sito. Supe que Mondongo hab\u00eda rechazado importantes ofertas de museos internacionales, porque siempre quisieron que permaneciera en nuestro pa\u00eds. Tampoco aceptaron fragmentarla y venderla en partes. Decidieron guardarla, con la esperanza de que alg\u00fan d\u00eda pudiera ser exhibida como fue concebida: entera, monumental y accesible al p\u00fablico. Eso me impuls\u00f3 a acompa\u00f1ar este prop\u00f3sito y a proyectar su circulaci\u00f3n nacional\u201d, dijo Buhar durante el lanzamiento.<\/p>\n<p><img alt=\"Los artistas y Buhar junto\" class=\"global-image\" decoding=\"async\" fetchpriority=\"low\" height=\"4000\" loading=\"lazy\" src=\"https:\/\/www.europesays.com\/es\/wp-content\/uploads\/2025\/10\/Z56NJL5L6ZEO7KJMRKC7WVVGLA.jpg\" width=\"6000\"\/>Los artistas y Buhar junto a directores de los museos de Rosario, San Juan y C\u00f3rdoba durante el lanzamiento<\/p>\n<p class=\"paragraph\">Y agreg\u00f3: \u201cEstamos muy orgullosos de iniciar esta gira federal, que esperamos marque el comienzo de una colaboraci\u00f3n fruct\u00edfera con museos del interior. Es una gran oportunidad para generar v\u00ednculos entre instituciones p\u00fablicas y privadas, y para fortalecer el tejido cultural en todo el pa\u00eds\u201d.<\/p>\n<p class=\"paragraph\">La gira federal incluir\u00e1 una novedad para el p\u00fablico argentino: la exhibici\u00f3n de la <b>Calavera 3<\/b>, una pieza in\u00e9dita en el pa\u00eds y \u00faltima adquisici\u00f3n de Buhar, que forma parte de la serie de <b>doce Calaveras<\/b> que Mondongo realiz\u00f3 en paralelo a la creaci\u00f3n de <b>Argentina (paisajes)<\/b>. <\/p>\n<p class=\"paragraph\">Las calaveras, por otra parte, aparecen ocultas en el follaje del Panel 9 de la instalaci\u00f3n, ampliando el universo simb\u00f3lico de la obra mediante un juego de autorreferencias.<\/p>\n<p class=\"paragraph\">El colectivo de artistas <b>Mondongo <\/b>comenz\u00f3 a trabajar como un tr\u00edo -formaba parte <b>Agustina Picasso<\/b>&#8211; en 1999. En sus trabajos exploran la relaci\u00f3n entre la materialidad y la imagen, abordando temas como el poder, la econom\u00eda, la sexualidad y el trabajo mediante el uso de materiales como espejitos de colores, galletitas dulces, pan, carne, hilos o plastilina, seleccionados seg\u00fan el contenido de cada pieza.<\/p>\n<p><img alt=\"La gira federal incluir\u00e1 una\" class=\"global-image\" decoding=\"async\" fetchpriority=\"low\" height=\"4000\" loading=\"lazy\" src=\"https:\/\/www.europesays.com\/es\/wp-content\/uploads\/2025\/10\/TMM6HBXO35GCFCTZNY3PW6543A.jpg\" width=\"6000\"\/>La gira federal incluir\u00e1 una novedad para el p\u00fablico argentino: la exhibici\u00f3n de la \u00abCalavera 3\u00bb<\/p>\n<p class=\"paragraph\">Sus obras han sido exhibidas en instituciones como el Museum of Fine Arts (Houston, Texas), el Museo Moderno de Buenos Aires y la Colecci\u00f3n Amalia Lacroze, adem\u00e1s de integrar colecciones privadas en Z\u00farich, Londres, Bruselas y Dub\u00e1i. Entre sus proyectos recientes destacan Conejos Blancos (Barro, Buenos Aires, 2021), Tres (Barro, Buenos Aires, 2017), Home &#8211; So different so appealing (LACMA, Los \u00c1ngeles, 2017) y How to read el Pato Pascual: Disney\u2019s Latin American y Latin American Disney\u2019s (Mak Center, California, 2017).<\/p>\n<p class=\"paragraph\">El colectivo tambi\u00e9n ha desarrollado actividades perform\u00e1ticas, como Aut\u00f3mata (Track 16, Los \u00c1ngeles, 2018) y No soy tan joven como para saberlo todo (ARCOmadrid, Madrid, 2017; Bienal de Performance BP 15, Buenos Aires, 2015).<\/p>\n<p class=\"paragraph\">obras han sido exhibidas en instituciones como el <b>Malba<\/b>, el <b>Museo de Arte Moderno de Buenos Aires<\/b>, el <b>LACMA<\/b> de <b>Los \u00c1ngeles<\/b> y el <b>MAXXI<\/b> de <b>Roma<\/b>, y forman parte de colecciones en Am\u00e9rica, Europa y Medio Oriente.<\/p>\n<p class=\"paragraph\">Fotos: Gentileza Arthaus <\/p>\n","protected":false},"excerpt":{"rendered":"Desde hace un tiempo ya, el colectivo Mondongo, integrado por Juliana Laffitte (Buenos Aires, 1974) y Manuel Mendanha&hellip;\n","protected":false},"author":2,"featured_media":162028,"comment_status":"","ping_status":"","sticky":false,"template":"","format":"standard","meta":{"footnotes":""},"categories":[173],"tags":[229,233,231,230,232,234,146,147,25,24,23],"class_list":{"0":"post-162027","1":"post","2":"type-post","3":"status-publish","4":"format-standard","5":"has-post-thumbnail","7":"category-arte-y-diseno","8":"tag-arte","9":"tag-arte-y-diseno","10":"tag-arts","11":"tag-arts-and-design","12":"tag-design","13":"tag-diseno","14":"tag-entertainment","15":"tag-entretenimiento","16":"tag-es","17":"tag-espana","18":"tag-spain"},"share_on_mastodon":{"url":"","error":""},"_links":{"self":[{"href":"https:\/\/www.europesays.com\/es\/wp-json\/wp\/v2\/posts\/162027","targetHints":{"allow":["GET"]}}],"collection":[{"href":"https:\/\/www.europesays.com\/es\/wp-json\/wp\/v2\/posts"}],"about":[{"href":"https:\/\/www.europesays.com\/es\/wp-json\/wp\/v2\/types\/post"}],"author":[{"embeddable":true,"href":"https:\/\/www.europesays.com\/es\/wp-json\/wp\/v2\/users\/2"}],"replies":[{"embeddable":true,"href":"https:\/\/www.europesays.com\/es\/wp-json\/wp\/v2\/comments?post=162027"}],"version-history":[{"count":0,"href":"https:\/\/www.europesays.com\/es\/wp-json\/wp\/v2\/posts\/162027\/revisions"}],"wp:featuredmedia":[{"embeddable":true,"href":"https:\/\/www.europesays.com\/es\/wp-json\/wp\/v2\/media\/162028"}],"wp:attachment":[{"href":"https:\/\/www.europesays.com\/es\/wp-json\/wp\/v2\/media?parent=162027"}],"wp:term":[{"taxonomy":"category","embeddable":true,"href":"https:\/\/www.europesays.com\/es\/wp-json\/wp\/v2\/categories?post=162027"},{"taxonomy":"post_tag","embeddable":true,"href":"https:\/\/www.europesays.com\/es\/wp-json\/wp\/v2\/tags?post=162027"}],"curies":[{"name":"wp","href":"https:\/\/api.w.org\/{rel}","templated":true}]}}