{"id":162031,"date":"2025-10-08T03:48:09","date_gmt":"2025-10-08T03:48:09","guid":{"rendered":"https:\/\/www.europesays.com\/es\/162031\/"},"modified":"2025-10-08T03:48:09","modified_gmt":"2025-10-08T03:48:09","slug":"supervivientes-all-stars-2-celebro-la-boda-de-marta-pena-y-tony-con-una-mala-noticia-y-una-nominada-salvada","status":"publish","type":"post","link":"https:\/\/www.europesays.com\/es\/162031\/","title":{"rendered":"&#8216;Supervivientes All Stars 2&#8217; celebr\u00f3 la boda de Marta Pe\u00f1a y Tony, con una \u00abmala noticia\u00bb, y una nominada salvada"},"content":{"rendered":"<p class=\"article-text\">\n        La quinta entrega de<strong> Supervivientes All Stars 2: Tierra de Nadie<\/strong> fue una de las m\u00e1s llenas de contenido de la edici\u00f3n. En ella celebraron la boda real de <strong>Marta Pe\u00f1ate y Tony Spina. <\/strong>\n    <\/p>\n<p>    <a href=\"https:\/\/www.eldiario.es\/vertele\/videos\/actualidad\/sandra-barneda-celebro-supervivientes-all-stars-50-cumpleanos-llenita-amor-construyendo-futuro-telecinco_7_12660758.html\" data-mrf-recirculation=\"saber-mas\" data-dl-event=\"saber-mas\" rel=\"nofollow noopener\" target=\"_blank\"><\/p>\n<p class=\"know-more__title\">Sandra Barneda celebr\u00f3 en &#8216;Supervivientes All Stars&#8217; su 50 cumplea\u00f1os \u00abllenita de amor\u00bb: \u00abConstruyendo futuro\u00bb<\/p>\n<p>            <img decoding=\"async\" class=\"lazy\" loading=\"lazy\" data-src=\"https:\/\/static.eldiario.es\/clip\/5bfa8436-eb8c-456e-996f-08a7e7710839_16-9-aspect-ratio_default_0.jpg\" src=\"data:image\/svg+xml,%3Csvg xmlns=\" http:=\"\" viewbox=\"0 0 880 495\" alt=\"Sandra Barneda celebr\u00f3 en 'Supervivientes All Stars' su 50 cumplea\u00f1os &quot;llenita de amor&quot;: &quot;Construyendo futuro&quot;\"\/><\/p>\n<p>                            <img decoding=\"async\" class=\"ni-multimedia\" src=\"https:\/\/www.eldiario.es\/assets\/img\/svg\/icons\/gallery-video.h-2e826467718e0ad0cb33a0bdb174f603.svg\" alt=\"Sandra Barneda celebr\u00f3 en 'Supervivientes All Stars' su 50 cumplea\u00f1os &quot;llenita de amor&quot;: &quot;Construyendo futuro&quot;\"\/><br \/>\n                        <\/a><\/p>\n<p class=\"article-text\">\n        En el evento, la novia se arrepinti\u00f3 de invitar a <strong>Noel Bayarri <\/strong>y le retir\u00f3 la invitaci\u00f3n, recibi\u00f3 un mensaje de<strong> Oriana Marzoli <\/strong>y lanz\u00f3 el ramo a los invitados.\n    <\/p>\n<p class=\"article-text\">\n        Adem\u00e1s, vivieron la salvaci\u00f3n de una de las nominadas de la semana, <strong>Adara Molinero<\/strong> tuvo un ataque de p\u00e1nico en plena prueba y  hasta Sonia Monroy lleg\u00f3 al plat\u00f3, como la nueva expulsada de la edici\u00f3n.\n    <\/p>\n<p>    Los remordimientos de Marta con Noel y el mensaje de Oriana<\/p>\n<p class=\"article-text\">\n        Aunque el pasado domingo, entre Marta y Tony escogieron a los invitados a su enlace, que fueron: <strong>Adara, Torres, Noel, Jessica e Iv\u00e1n, dos d\u00edas despu\u00e9s la novia se mostraba arrepentida de su elecci\u00f3n.  <\/strong>\n    <\/p>\n<p class=\"article-text\">\n        \u201cEn el momento que invit\u00e9 a Noel fue por el cari\u00f1o que he vivido fuera de aqu\u00ed, me dej\u00e9 llevar por el impuslo, luego me qued\u00e9 pensando toda la noche y me sent\u00ed mal porque le ha dicho cosas que no me gustaban a mi novio. <strong>Me he sentido traidora a mi futuro marido<\/strong>\u201d, confes\u00f3.\n    <\/p>\n<p class=\"article-text\">\n        Por lo que pidi\u00f3 verle y le comunic\u00f3 su decisi\u00f3n de retirarle la invitaci\u00f3n. Algo que \u00e9l entendi\u00f3: \u201cTony me cae bien, pero aqu\u00ed tenemos nuestras diferencias.<strong> Si crees que le incomoda que est\u00e9 en vuestra boda, no tengo ningun problema en apartarme.<\/strong> Es un d\u00eda especial y no pasar\u00eda nada\u201d. En su lugar sentaron a Gloria Camila.\n    <\/p>\n<p class=\"article-text\">\n        Minutos despu\u00e9s, Pe\u00f1ate recib\u00eda un<strong> mensaje de Oriana<\/strong> &#8211; la ex de Tony y su archienemiga-: \u201cA mi me da igual si os casais o no, pero es todo un circo. Os deseo una vida llena de amistades, de gimnasio&#8230; de cosas que hacer para que no tengais que estar criticando al resto de mortales\u201d, solt\u00f3.\n    <\/p>\n<blockquote class=\"twitter-tweet\" data-lang=\"es\"><p><a href=\"https:\/\/twitter.com\/X\/status\/1975685220776222886?ref_src=twsrc%5Etfw\" rel=\"nofollow noopener\" target=\"_blank\"><\/p><\/blockquote>\n<p class=\"article-text\">\n        Y Marta respondi\u00f3 a Oriana: \u201cA m\u00ed ella me produc\u00eda mucha rabia, pero despu\u00e9s de esto me produce pena. Que env\u00edes este mensaje de reventada y envidiosa, porque ningun hombre se ha casado contigo&#8230;\u201d\n    <\/p>\n<p>    Boda de Marta Pe\u00f1ate y Tony Spina: \u201cTe he elegido como compa\u00f1era de vida\u201d<\/p>\n<p class=\"article-text\">\n        Para que el enlace fuera real acudi\u00f3 \u201cel excelent\u00edsimo alcalde de la Ceiba\u201d y poder oficiar y firmar el documento. Tambi\u00e9n llegaron los invitados:  <strong>Adara, Torres, Gloria Camila, Jessica e Iv\u00e1n. <\/strong>Dejando a los otros cuatro sin comer y viendo la celebraci\u00f3n desde otra playa.\n    <\/p>\n<p class=\"article-text\">\n        Tony entr\u00f3 de la mano de Adara y Marta de la de Torres. Se abrazaron entre l\u00e1grimas y sonrisas, y ante la emoci\u00f3n de sus compa\u00f1eros.\n    <\/p>\n<blockquote class=\"twitter-tweet\" data-lang=\"es\"><p><a href=\"https:\/\/twitter.com\/X\/status\/1975693129732006201?ref_src=twsrc%5Etfw\" rel=\"nofollow noopener\" target=\"_blank\"><\/p><\/blockquote>\n<p class=\"article-text\">\n        Los dos se dedicaron unas palabras. Tony fue el primero: \u201c<strong>Eres la mujer de mi vida, mi amiga, mi confidente, te admiro<\/strong> y s\u00e9 que contigo va a ser para siempre porque te he elegido como compa\u00f1era de vida\u201d.\n    <\/p>\n<p class=\"article-text\">\n        Y Marta explic\u00f3 su decisi\u00f3n de casarse all\u00ed: \u201cMe caso no por el dinero, si no por otras cosas.<strong> Estoy en un proceso muy costoso por el tema del embarazo y me enfoco mucho en eso, y no tengo tiempo<\/strong>. Los nervios de una boda pueden hacerme salir mal lo otro, que he priorizado, pero a \u00e9l le hace mucha ilusi\u00f3n esto y es el amor de mi vida\u201d.\n    <\/p>\n<blockquote class=\"twitter-tweet\" data-lang=\"es\"><p><a href=\"https:\/\/twitter.com\/X\/status\/1975696347593384312?ref_src=twsrc%5Etfw\" rel=\"nofollow noopener\" target=\"_blank\"><\/p><\/blockquote>\n<p class=\"article-text\">\n        Finalmente se dieron el \u201cs\u00ed, quiero\u201d y ella tir\u00f3 el ramo a los invitados. El primero en cogerlo fue Torres, pero Marta no se qued\u00f3 contenta, se lo quit\u00f3 y se lo volvi\u00f3 a tirar hasta que lo cogi\u00f3 Gloria. <strong>La \u00fanica mala noticia: el reality no les permiti\u00f3 tener una noche de bodas. <\/strong>\n    <\/p>\n<p>    Salvaci\u00f3n de Jessica Bueno: \u201c\u00a1Gracias Espa\u00f1a!\u201d<\/p>\n<p class=\"article-text\">\n        Gloria Camila, <strong>Miri, Alejandro Albal\u00e1 y Jessica Bueno<\/strong> eran los nominados de la semana. Los cuatro se situaron en la plataforma de salvaci\u00f3n para descubrir qui\u00e9nes se manchaban de barro y quien se salvaba.\n    <\/p>\n<p class=\"article-text\">\n        La primera en embadurnarse fue Gloria Camila. Seguidamente, el desafortunado fue Alejandro Albal\u00e1. Y para acabar, Laura Madrue\u00f1o desvel\u00f3 que la<strong> salvada de la semana era Jessica<\/strong>. Una noticia que asombr\u00f3 a la modelo que agradeci\u00f3 los votos, entre gritos.\n    <\/p>\n<p>    <a href=\"https:\/\/www.eldiario.es\/vertele\/noticias\/belen-esteban-advierte-toni-moreno-ultima-entrevista-jesulin-canal-sur-sea-ultima-vez_1_12663170.html\" data-mrf-recirculation=\"saber-mas-abajo\" data-dl-event=\"saber-mas-abajo\" rel=\"nofollow noopener\" target=\"_blank\"><\/p>\n<p class=\"know-more__title\">Bel\u00e9n Esteban advierte a To\u00f1i Moreno tras su \u00faltima entrevista a Jesul\u00edn en Canal Sur: \u201cQue sea la \u00faltima vez\u201d<\/p>\n<p>            <img decoding=\"async\" class=\"lazy\" loading=\"lazy\" data-src=\"https:\/\/static.eldiario.es\/clip\/dc82f19f-b56c-4a71-ba4b-d1e09d0f2bf0_16-9-aspect-ratio_default_0.jpg\" src=\"data:image\/svg+xml,%3Csvg xmlns=\" http:=\"\" viewbox=\"0 0 880 495\" alt=\"Bel\u00e9n Esteban advierte a To\u00f1i Moreno tras su \u00faltima entrevista a Jesul\u00edn en Canal Sur: &quot;Que sea la \u00faltima vez&quot;\"\/><\/p>\n<p>                        <\/a><\/p>\n<blockquote class=\"twitter-tweet\" data-lang=\"es\"><p><a href=\"https:\/\/twitter.com\/X\/status\/1975711351197818970?ref_src=twsrc%5Etfw\" rel=\"nofollow noopener\" target=\"_blank\"><\/p><\/blockquote>\n<p class=\"article-text\">\n        Por lo que Gloria, Miri y Albal\u00e1 contin\u00faan en la lista negra de la semana.\n    <\/p>\n<p>                                    <script async src=\"https:\/\/platform.twitter.com\/widgets.js\" charset=\"utf-8\"><\/script><\/p>\n","protected":false},"excerpt":{"rendered":"La quinta entrega de Supervivientes All Stars 2: Tierra de Nadie fue una de las m\u00e1s llenas de&hellip;\n","protected":false},"author":2,"featured_media":162032,"comment_status":"","ping_status":"","sticky":false,"template":"","format":"standard","meta":{"footnotes":""},"categories":[171],"tags":[10903,11286,3158,32329,146,147,25,24,4879,14494,48016,7080,4877,16781,23,11287,3947,31410,214],"class_list":{"0":"post-162031","1":"post","2":"type-post","3":"status-publish","4":"format-standard","5":"has-post-thumbnail","7":"category-tv","8":"tag-10903","9":"tag-all","10":"tag-boda","11":"tag-celebro","12":"tag-entertainment","13":"tag-entretenimiento","14":"tag-es","15":"tag-espana","16":"tag-mala","17":"tag-marta","18":"tag-nominada","19":"tag-noticia","20":"tag-pena","21":"tag-salvada","22":"tag-spain","23":"tag-stars","24":"tag-supervivientes","25":"tag-tony","26":"tag-tv"},"share_on_mastodon":{"url":"","error":""},"_links":{"self":[{"href":"https:\/\/www.europesays.com\/es\/wp-json\/wp\/v2\/posts\/162031","targetHints":{"allow":["GET"]}}],"collection":[{"href":"https:\/\/www.europesays.com\/es\/wp-json\/wp\/v2\/posts"}],"about":[{"href":"https:\/\/www.europesays.com\/es\/wp-json\/wp\/v2\/types\/post"}],"author":[{"embeddable":true,"href":"https:\/\/www.europesays.com\/es\/wp-json\/wp\/v2\/users\/2"}],"replies":[{"embeddable":true,"href":"https:\/\/www.europesays.com\/es\/wp-json\/wp\/v2\/comments?post=162031"}],"version-history":[{"count":0,"href":"https:\/\/www.europesays.com\/es\/wp-json\/wp\/v2\/posts\/162031\/revisions"}],"wp:featuredmedia":[{"embeddable":true,"href":"https:\/\/www.europesays.com\/es\/wp-json\/wp\/v2\/media\/162032"}],"wp:attachment":[{"href":"https:\/\/www.europesays.com\/es\/wp-json\/wp\/v2\/media?parent=162031"}],"wp:term":[{"taxonomy":"category","embeddable":true,"href":"https:\/\/www.europesays.com\/es\/wp-json\/wp\/v2\/categories?post=162031"},{"taxonomy":"post_tag","embeddable":true,"href":"https:\/\/www.europesays.com\/es\/wp-json\/wp\/v2\/tags?post=162031"}],"curies":[{"name":"wp","href":"https:\/\/api.w.org\/{rel}","templated":true}]}}