{"id":162037,"date":"2025-10-08T03:51:10","date_gmt":"2025-10-08T03:51:10","guid":{"rendered":"https:\/\/www.europesays.com\/es\/162037\/"},"modified":"2025-10-08T03:51:10","modified_gmt":"2025-10-08T03:51:10","slug":"un-gol-de-pablo-garcia-mete-a-espana-en-los-cuartos-de-final-del-mundial-sub-20","status":"publish","type":"post","link":"https:\/\/www.europesays.com\/es\/162037\/","title":{"rendered":"Un gol de Pablo Garc\u00eda mete a Espa\u00f1a en los cuartos de final del Mundial sub 20"},"content":{"rendered":"<p style=\"\">Si las actuaciones de <strong>Pablo Garc\u00eda<\/strong> ya fueron decisivas para que la Selecci\u00f3n espa\u00f1ola sub 20 acabara llegando a los octavos de final del Mundial, en el duelo de eliminatorias de nuevo ha brillado con luz propia. El atacante del Betis ha sido<strong> <\/strong> &#8230; <strong>el autor del gol<\/strong> que sirve para que el equipo dirigido por Paco Gallardo haya derrotado a Ucrania para <strong>meterse en los cuartos de final<\/strong> del torneo (0-1).<\/p>\n<p class=\"voc-p\" style=\"\"><strong>El gol lleg\u00f3 en un gran remate con la zurda de Pablo Garc\u00eda desde dentro del \u00e1rea<\/strong>. Tras botar \u00e9l mismo un saque de esquina en corto, el b\u00e9tico se desmarc\u00f3 con rapidez para evitar el fuera de juego, hasta recibir una gran asistencia de Rodrigo Mendoza, el talentoso centrocampista del Elche. Un toquecito para amortiguar la pelota, un bote y remate acrob\u00e1tico con la zurda para superar al meta ucraniano Krapyvtsov.<\/p>\n<p class=\"voc-p\" style=\"\"><strong>La brillante actuaci\u00f3n de Pablo continu\u00f3 en el segundo tiempo<\/strong>. Muy activo desde la banda derecha, el atacante prob\u00f3 fortuna de nuevo en el 61&#8242;, aunque su disparo con la zurda se march\u00f3 desviado. Luego se invent\u00f3 un taconazo, rodeado de contrarios, para asistir a Iker Bravo, aunque el delantero no pudo finalizar la jugada. Y tambi\u00e9n con un enorme trabajo defensivo en los minutos finales, en los que la Selecci\u00f3n supo defender la ventaja obtenida.<\/p>\n<p class=\"voc-p\" style=\"\"><strong>Hasta la \u00faltima acci\u00f3n de ataque llev\u00f3 el sello de Pablo Garc\u00eda<\/strong>. Un pase en profundidad a Iker Bravo, que no pudo superar al defensa, y el rebote le lleg\u00f3 al b\u00e9tico, que busc\u00f3 el uno contra uno, aunque la acci\u00f3n acab\u00f3 en saque de esquina. Ah\u00ed el propio Pablo retuvo la pelota para consumir los \u00faltimos segundos y certificar la clasificaci\u00f3n de la Selecci\u00f3n para los cuartos de final del Mundial.<\/p>\n","protected":false},"excerpt":{"rendered":"Si las actuaciones de Pablo Garc\u00eda ya fueron decisivas para que la Selecci\u00f3n espa\u00f1ola sub 20 acabara llegando&hellip;\n","protected":false},"author":2,"featured_media":162038,"comment_status":"","ping_status":"","sticky":false,"template":"","format":"standard","meta":{"footnotes":""},"categories":[93],"tags":[294,1575,168,25,24,1058,3142,3689,1070,20828,618,23,167,4039,7081],"class_list":{"0":"post-162037","1":"post","2":"type-post","3":"status-publish","4":"format-standard","5":"has-post-thumbnail","7":"category-deportes","8":"tag-adelanta","9":"tag-ante","10":"tag-deportes","11":"tag-es","12":"tag-espana","13":"tag-final","14":"tag-garcia","15":"tag-gol","16":"tag-mundial","17":"tag-octavos","18":"tag-pablo","19":"tag-spain","20":"tag-sports","21":"tag-sub","22":"tag-ucrania"},"share_on_mastodon":{"url":"","error":""},"_links":{"self":[{"href":"https:\/\/www.europesays.com\/es\/wp-json\/wp\/v2\/posts\/162037","targetHints":{"allow":["GET"]}}],"collection":[{"href":"https:\/\/www.europesays.com\/es\/wp-json\/wp\/v2\/posts"}],"about":[{"href":"https:\/\/www.europesays.com\/es\/wp-json\/wp\/v2\/types\/post"}],"author":[{"embeddable":true,"href":"https:\/\/www.europesays.com\/es\/wp-json\/wp\/v2\/users\/2"}],"replies":[{"embeddable":true,"href":"https:\/\/www.europesays.com\/es\/wp-json\/wp\/v2\/comments?post=162037"}],"version-history":[{"count":0,"href":"https:\/\/www.europesays.com\/es\/wp-json\/wp\/v2\/posts\/162037\/revisions"}],"wp:featuredmedia":[{"embeddable":true,"href":"https:\/\/www.europesays.com\/es\/wp-json\/wp\/v2\/media\/162038"}],"wp:attachment":[{"href":"https:\/\/www.europesays.com\/es\/wp-json\/wp\/v2\/media?parent=162037"}],"wp:term":[{"taxonomy":"category","embeddable":true,"href":"https:\/\/www.europesays.com\/es\/wp-json\/wp\/v2\/categories?post=162037"},{"taxonomy":"post_tag","embeddable":true,"href":"https:\/\/www.europesays.com\/es\/wp-json\/wp\/v2\/tags?post=162037"}],"curies":[{"name":"wp","href":"https:\/\/api.w.org\/{rel}","templated":true}]}}