{"id":162039,"date":"2025-10-08T03:53:13","date_gmt":"2025-10-08T03:53:13","guid":{"rendered":"https:\/\/www.europesays.com\/es\/162039\/"},"modified":"2025-10-08T03:53:13","modified_gmt":"2025-10-08T03:53:13","slug":"belen-esteban-recibe-el-mutis-absoluto-de-toni-moreno-en-no-somos-nadie-tras-su-duro-reproche-a-la-presentadora-de-canal-sur","status":"publish","type":"post","link":"https:\/\/www.europesays.com\/es\/162039\/","title":{"rendered":"Bel\u00e9n Esteban recibe el &#8216;mutis&#8217; absoluto de To\u00f1i Moreno en &#8216;No somos nadie&#8217; tras su duro reproche a la presentadora de Canal Sur"},"content":{"rendered":"\n<p> Una de las \u00faltimas tramas m\u00e1s sonadas de <a href=\"https:\/\/www.elconfidencial.com\/television\/programas-tv\/2025-10-07\/no-somos-nadie-belen-esteban-bronca-toni-moreno_4223644\/\" target=\"_self\" rel=\"nofollow noopener\">No somos nadie<\/a> se desataba por sorpresa este mismo lunes, 6 de octubre. El regreso de los colaboradores de S\u00e1lvame al \u2018pisito\u2019 de Ten y <a href=\"https:\/\/www.youtube.com\/@CanalQuickie\" target=\"_blank\" rel=\"nofollow noopener\">Canal Quickie<\/a><strong> vivi\u00f3 un inesperado reproche de <a href=\"https:\/\/www.elconfidencial.com\/television\/programas-tv\/2025-09-19\/belen-esteban-amenazas-carlo-costanzia-advierte-hablad_4212719\/\" target=\"_self\" rel=\"nofollow noopener\">Bel\u00e9n Esteban<\/a> contra To\u00f1i Moreno, <\/strong>despu\u00e9s de su entrevista a Jesul\u00edn de Ubrique en el programa de Canal Sur <a href=\"https:\/\/www.elconfidencial.com\/television\/programas-tv\/2025-07-03\/el-fenomeno-gente-maravillosa-canal-sur-un-coctel-viral-de-camaras-ocultas-emocion-y-servicio-publico_4162964\/\" target=\"_self\" rel=\"nofollow noopener\">Gente maravillosa<\/a>. <\/p>\n<p> En ella, la presentadora no dud\u00f3 en recalcar \u00ablo buen padre\u00bb que es el exdiestro con sus hijos. Unas palabras que dolieron a la excolaboradora de Mediaset, tras un encuentro que mantuvieron Bel\u00e9n y su hija con To\u00f1i en una peluquer\u00eda en el pasado. <strong>\u00abT\u00fa sabes por qu\u00e9 estoy enfadada contigo.<\/strong> Por lo que pas\u00f3 en la peluquer\u00eda de Zamorano\u00bb, comenz\u00f3 a revelar Esteban, muy decepcionada con la andaluza. <\/p>\n<p> \u00abVen\u00edamos de Estados Unidos por Netflix y me dejaron ropa. Una persona muy allegada a m\u00ed fue a llevarla a la peluquer\u00eda de Zamorano, estaba To\u00f1i y le hizo un comentario: &#8216;Ya me ha dicho tu padre que queda mucho contigo&#8217;; y esa persona le dijo<strong> &#8216;Dile a mi padre que no ha venido a verme ni un d\u00eda\u00bb, <\/strong>a\u00f1adi\u00f3 Bel\u00e9n Esteban, advirtiendo que esperaba que fuese \u00abla \u00faltima vez\u00bb que ocurra un episodio as\u00ed. <\/p>\n<p> 24 horas m\u00e1s tarde, el programa dedic\u00f3 gran parte de su emisi\u00f3n a cebar \u201cla reacci\u00f3n de To\u00f1i Moreno\u201d a las palabras de Bel\u00e9n Esteban. Y es que, nada m\u00e1s se produc\u00eda la controversia en el \u2018pisito\u2019, el equipo del formato presentado por Mar\u00eda Pati\u00f1o <strong>trat\u00f3 de ponerse en contacto en numerosas ocasiones, sin \u00e9xito, con To\u00f1i Moreno<\/strong> para que contase su versi\u00f3n de lo ocurrido. <\/p>\n<p>               &#8216;No somos nadie&#8217;. (Ten\/Canal Quickie)             <\/p>\n<p> No obstante, Bel\u00e9n Esteban aprovech\u00f3 el tema para desvelar algunos detalles m\u00e1s sobre su conflicto con la presentadora. \u00abYo la bloque\u00e9\u00bb, revel\u00f3 la de Paracuellos sobre la decisi\u00f3n que tom\u00f3 despu\u00e9s de ver la entrevista de Canal Sur y enterarse de que la presentadora \u00abiba diciendo que yo estaba enfadada con ella porque es amiga de Jesul\u00edn y Campanario\u00bb. <strong>\u00abPor eso quise ayer aclarar por qu\u00e9 estaba enfada\u00bb,<\/strong> matiz\u00f3. <\/p>\n<p>              <img decoding=\"async\" class=\"inTextNews__img\" alt=\"Foto: no-somos-nadie-belen-esteban-bronca-toni-moreno\" src=\"https:\/\/www.europesays.com\/es\/wp-content\/uploads\/2025\/10\/f.elconfidencial.com\/original\/c03\/e61\/43b\/c03e6143b3cbb9b874428eb1cce07b4b.jpg\"  \/>     <\/p>\n<p>TE PUEDE INTERESAR<\/p>\n<p>      <a class=\"inTextNews__title\" href=\"https:\/\/www.elconfidencial.com\/television\/programas-tv\/2025-10-07\/no-somos-nadie-belen-esteban-bronca-toni-moreno_4223644\/\" onclick=\"window.ECCO.emit(&#039;amplitude&#039;, { dataEventName: &#039;click_related_article_module&#039;, data: { related_article_url: &#039;https:\/\/www.elconfidencial.com\/television\/programas-tv\/2025-10-07\/no-somos-nadie-belen-esteban-bronca-toni-moreno_4223644\/&#039;, related_article_author: &#039;Nay\u00edn Costas&#039;, related_article_section: &#039;programas-tv&#039; } })\" rel=\"nofollow noopener\" target=\"_blank\"> \u00ab\u00a1Que sea la \u00faltima vez!\u00bb: el dur\u00edsimo mensaje de Bel\u00e9n Esteban a To\u00f1i Moreno tras su entrevista a Jesul\u00edn de Ubrique <\/a>   <\/p>\n<p>    Nay\u00edn Costas   <\/p>\n<p> No obstante, en d\u00edas posteriores ambas vivieron una conversaci\u00f3n telef\u00f3nica. \u00abQuedamos en que ten\u00edamos que quedar, <strong>pero yo ya no quiero quedar con nadie,<\/strong> porque estoy muy cansada\u00bb, sentenci\u00f3 Bel\u00e9n Esteban, quien reconoc\u00eda sentirse \u00abextra\u00f1ada\u00bb por el silencio de To\u00f1i. \u00abEs muy buena periodista y un buen periodista siempre tiene que dar su versi\u00f3n tambi\u00e9n\u00bb, zanj\u00f3 en el programa de Ten y Canal Quickie. <\/p>\n<p> Una de las \u00faltimas tramas m\u00e1s sonadas de <a href=\"https:\/\/www.elconfidencial.com\/television\/programas-tv\/2025-10-07\/no-somos-nadie-belen-esteban-bronca-toni-moreno_4223644\/\" target=\"_self\" rel=\"nofollow noopener\">No somos nadie<\/a> se desataba por sorpresa este mismo lunes, 6 de octubre. El regreso de los colaboradores de S\u00e1lvame al \u2018pisito\u2019 de Ten y <a href=\"https:\/\/www.youtube.com\/@CanalQuickie\" target=\"_blank\" rel=\"nofollow noopener\">Canal Quickie<\/a><strong> vivi\u00f3 un inesperado reproche de <a href=\"https:\/\/www.elconfidencial.com\/television\/programas-tv\/2025-09-19\/belen-esteban-amenazas-carlo-costanzia-advierte-hablad_4212719\/\" target=\"_self\" rel=\"nofollow noopener\">Bel\u00e9n Esteban<\/a> contra To\u00f1i Moreno, <\/strong>despu\u00e9s de su entrevista a Jesul\u00edn de Ubrique en el programa de Canal Sur <a href=\"https:\/\/www.elconfidencial.com\/television\/programas-tv\/2025-07-03\/el-fenomeno-gente-maravillosa-canal-sur-un-coctel-viral-de-camaras-ocultas-emocion-y-servicio-publico_4162964\/\" target=\"_self\" rel=\"nofollow noopener\">Gente maravillosa<\/a>. <\/p>\n","protected":false},"excerpt":{"rendered":"Una de las \u00faltimas tramas m\u00e1s sonadas de No somos nadie se desataba por sorpresa este mismo lunes,&hellip;\n","protected":false},"author":2,"featured_media":162040,"comment_status":"","ping_status":"","sticky":false,"template":"","format":"standard","meta":{"footnotes":""},"categories":[91],"tags":[146,147,25,24,23],"class_list":{"0":"post-162039","1":"post","2":"type-post","3":"status-publish","4":"format-standard","5":"has-post-thumbnail","7":"category-entretenimiento","8":"tag-entertainment","9":"tag-entretenimiento","10":"tag-es","11":"tag-espana","12":"tag-spain"},"share_on_mastodon":{"url":"","error":""},"_links":{"self":[{"href":"https:\/\/www.europesays.com\/es\/wp-json\/wp\/v2\/posts\/162039","targetHints":{"allow":["GET"]}}],"collection":[{"href":"https:\/\/www.europesays.com\/es\/wp-json\/wp\/v2\/posts"}],"about":[{"href":"https:\/\/www.europesays.com\/es\/wp-json\/wp\/v2\/types\/post"}],"author":[{"embeddable":true,"href":"https:\/\/www.europesays.com\/es\/wp-json\/wp\/v2\/users\/2"}],"replies":[{"embeddable":true,"href":"https:\/\/www.europesays.com\/es\/wp-json\/wp\/v2\/comments?post=162039"}],"version-history":[{"count":0,"href":"https:\/\/www.europesays.com\/es\/wp-json\/wp\/v2\/posts\/162039\/revisions"}],"wp:featuredmedia":[{"embeddable":true,"href":"https:\/\/www.europesays.com\/es\/wp-json\/wp\/v2\/media\/162040"}],"wp:attachment":[{"href":"https:\/\/www.europesays.com\/es\/wp-json\/wp\/v2\/media?parent=162039"}],"wp:term":[{"taxonomy":"category","embeddable":true,"href":"https:\/\/www.europesays.com\/es\/wp-json\/wp\/v2\/categories?post=162039"},{"taxonomy":"post_tag","embeddable":true,"href":"https:\/\/www.europesays.com\/es\/wp-json\/wp\/v2\/tags?post=162039"}],"curies":[{"name":"wp","href":"https:\/\/api.w.org\/{rel}","templated":true}]}}