{"id":162051,"date":"2025-10-08T04:00:07","date_gmt":"2025-10-08T04:00:07","guid":{"rendered":"https:\/\/www.europesays.com\/es\/162051\/"},"modified":"2025-10-08T04:00:07","modified_gmt":"2025-10-08T04:00:07","slug":"de-michigan-a-maello-para-correr-un-encierro","status":"publish","type":"post","link":"https:\/\/www.europesays.com\/es\/162051\/","title":{"rendered":"De Michigan a Maello para correr un encierro"},"content":{"rendered":"<p>Las fiestas de Maello, que acaban de concluir, han recibido este a\u00f1o una visita ex\u00f3tica y singular que no pas\u00f3 desapercibida. \u00a0Tras el intenso fin de semana, en el que cientos de personas de fuera se dan cita en el pueblo, el lunes y el martes baja la afluencia porque, al ser laborables, solo los vecinos y quienes tienen v\u00ednculos familiares con el municipio suelen reservarse d\u00edas de vacaciones para alargar las fiestas del pueblo. En Maello todo el mundo se conoce, de ah\u00ed que llamara la atenci\u00f3n la presencia de tres j\u00f3venes, uno de los cuales corri\u00f3 el encierro de la ma\u00f1ana. Ocupado como estaba por evitar ser alcanzado por el toro, no esperaba que detr\u00e1s apareciera otro animal y tampoco atend\u00eda a los gritos de alerta de algunos de los espectadores, a pesar de lo cual no acab\u00f3 corneado, aunque se libr\u00f3 por los pelos. Acabado el encierro, quienes trataban de avisarle de que ven\u00eda el toro se dieron cuenta de que si el joven no hizo caso a \u00a0los avisos fue porque no entend\u00eda el castellano y, tras preguntarle en ingl\u00e9s, supieron que era de Michigan (EEUU).\u00a0<\/p>\n<p>\u00bfQu\u00e9 hace un estadounidense corriendo un encierro en Maello un soleado lunes del mes de octubre? La respuesta a la pregunta result\u00f3 m\u00e1s sorprendente a\u00fan porque es una curiosa y bonita historia de amistad global protagonizada por Nick (norteamericano), Aryan (indio) y Javier (espa\u00f1ol natural de Burgos). Los tres se conocieron hace dos a\u00f1os estudiando un m\u00e1ster en Biolog\u00eda Evolutiva. \u00abEstuvimos estudiando seis meses en Groninger (Pa\u00edses Bajos), otros seis meses en Montpellier (Francia) y los otros seis en Munich (Alemania), que fue donde nos fuimos a vivir juntos\u00bb, nos cuenta el burgal\u00e9s. El \u00faltimo semestre cada uno de ellos sigui\u00f3 su formaci\u00f3n cient\u00edfica investigando en otras ciudades europeas, etapa que ya han concluido, as\u00ed es que antes de que cada uno regrese a su pa\u00eds de origen Nick y Aryane volaron el domingo desde Alemania a Espa\u00f1a para reencontrarse con Javier, que el d\u00eda anterior aterriz\u00f3 en Burgos procedente de Oxford (Reino Unido), y pasar una semana juntos. \u00abQuer\u00edan ver algo relacionado con los toros, as\u00ed que busqu\u00e9 en Internet y lo m\u00e1s cercano a Burgos donde hab\u00eda un encierro era Maello, as\u00ed que hemos madrugado y aqu\u00ed estamos\u00bb, nos contaba. \u00abVimos en el programa de fiestas que tambi\u00e9n hab\u00eda paella popular \u00a0para comer y toros por la tarde y nos pareci\u00f3 un buen plan\u00bb, a\u00f1ad\u00eda.\u00a0<\/p>\n<p>\u00abA Nick le ha gustado la experiencia del encierro, aunque casi le pilla el toro, pero Aryan no ha corrido porque al ser indio le tiene m\u00e1s respeto a las vacas\u00bb, apuntaba Javier.\u00a0<\/p>\n<p>Tras el encierro almorzaron unas patatas revolconas con los vecinos de Maello y buscaron una sombra donde descansar un poco antes de comer paella y pasar la tarde en la plaza de toros, donde asistieron a una becerrada local que, a buen seguro, les result\u00f3 pintoresca.\u00a0<\/p>\n<p>En la semana que les queda juntos en Espa\u00f1a visitar\u00e1n tambi\u00e9n lugares como Madrid y Pamplona, donde ser\u00e1 dif\u00edcil que les brinden una acogida tan entra\u00f1able y un d\u00eda de fiesta tan completo y genuino como el que vivieron en Maello. Pronto separar\u00e1n sus caminos, pero est\u00e1n dispuestos a mantener la amistad por encima de todo, aunque haya kil\u00f3metros de distancia. \u00abYo espero que Aryane me invite a su boda en la India\u00bb, confesaba Javier.\u00a0<\/p>\n<p>Seguro que nuestros protagonistas no olvidan el d\u00eda que \u00a0pasaron en Maello: una jornada de inmersi\u00f3n plena en un festejo popular de la Espa\u00f1a rural.\u00a0<\/p>\n","protected":false},"excerpt":{"rendered":"Las fiestas de Maello, que acaban de concluir, han recibido este a\u00f1o una visita ex\u00f3tica y singular que&hellip;\n","protected":false},"author":2,"featured_media":162052,"comment_status":"","ping_status":"","sticky":false,"template":"","format":"standard","meta":{"footnotes":""},"categories":[277],"tags":[1660,373,623,168,1309,25,24,629,317,9035,3317,205,17298,11063,9542,1358,1389,2444,23,167,625,374,444],"class_list":{"0":"post-162051","1":"post","2":"type-post","3":"status-publish","4":"format-standard","5":"has-post-thumbnail","7":"category-toreo","8":"tag-alemania","9":"tag-bullfighting","10":"tag-burgos","11":"tag-deportes","12":"tag-encierro","13":"tag-es","14":"tag-espana","15":"tag-estados-unidos","16":"tag-francia","17":"tag-india","18":"tag-internet","19":"tag-madrid","20":"tag-maello","21":"tag-oxford","22":"tag-paises-bajos","23":"tag-pamplona","24":"tag-plaza-de-toros","25":"tag-reino-unido","26":"tag-spain","27":"tag-sports","28":"tag-tauromaquia","29":"tag-toreo","30":"tag-toros"},"share_on_mastodon":{"url":"","error":""},"_links":{"self":[{"href":"https:\/\/www.europesays.com\/es\/wp-json\/wp\/v2\/posts\/162051","targetHints":{"allow":["GET"]}}],"collection":[{"href":"https:\/\/www.europesays.com\/es\/wp-json\/wp\/v2\/posts"}],"about":[{"href":"https:\/\/www.europesays.com\/es\/wp-json\/wp\/v2\/types\/post"}],"author":[{"embeddable":true,"href":"https:\/\/www.europesays.com\/es\/wp-json\/wp\/v2\/users\/2"}],"replies":[{"embeddable":true,"href":"https:\/\/www.europesays.com\/es\/wp-json\/wp\/v2\/comments?post=162051"}],"version-history":[{"count":0,"href":"https:\/\/www.europesays.com\/es\/wp-json\/wp\/v2\/posts\/162051\/revisions"}],"wp:featuredmedia":[{"embeddable":true,"href":"https:\/\/www.europesays.com\/es\/wp-json\/wp\/v2\/media\/162052"}],"wp:attachment":[{"href":"https:\/\/www.europesays.com\/es\/wp-json\/wp\/v2\/media?parent=162051"}],"wp:term":[{"taxonomy":"category","embeddable":true,"href":"https:\/\/www.europesays.com\/es\/wp-json\/wp\/v2\/categories?post=162051"},{"taxonomy":"post_tag","embeddable":true,"href":"https:\/\/www.europesays.com\/es\/wp-json\/wp\/v2\/tags?post=162051"}],"curies":[{"name":"wp","href":"https:\/\/api.w.org\/{rel}","templated":true}]}}