{"id":162056,"date":"2025-10-08T04:06:10","date_gmt":"2025-10-08T04:06:10","guid":{"rendered":"https:\/\/www.europesays.com\/es\/162056\/"},"modified":"2025-10-08T04:06:10","modified_gmt":"2025-10-08T04:06:10","slug":"el-burgos-agota-las-entradas-y-mas-de-700-aficionados-viajaran-a-bilbao","status":"publish","type":"post","link":"https:\/\/www.europesays.com\/es\/162056\/","title":{"rendered":"el Burgos agota las entradas y m\u00e1s de 700 aficionados viajar\u00e1n a Bilbao"},"content":{"rendered":"<p>\t\t\t\t\t<img width=\"880\" height=\"495\" src=\"https:\/\/www.europesays.com\/es\/wp-content\/uploads\/2025\/10\/RS398832_J07-SBB-BUR-Firmar-acb-Photo-A-Arrizabalaga-_01-e1759859557744-880x495.jpg\" class=\"attachment-noticia size-noticia wp-post-image\" alt=\"Ambiente de gala en Miribilla: el Burgos agota las entradas y m\u00e1s de 700 aficionados viajar\u00e1n a Bilbao\" decoding=\"async\" fetchpriority=\"high\"  \/>\t\t\t\t<\/p>\n<p>         \t<a href=\"https:\/\/www.caritasbi.org\/cas\/?rp_banner_movil\" target=\"_blank\" rel=\"nofollow noopener\" onclick=\"ga(&#039;send&#039;, &#039;event&#039;, &#039;Publicidad&#039;, &#039;C\u00e1ritas Bizkaia (Rotaci\u00f3n)&#039;, &#039;banner_movil&#039;, 1);\"><\/p>\n<p>\t\t\t \t\t\t\t\t \t\t\t\t\t \t<img decoding=\"async\" class=\"d-xl-none mb-3 w-100\" src=\"https:\/\/www.europesays.com\/es\/wp-content\/uploads\/2025\/10\/1759896370_602_BANNER-CARITAS-960X300-jpg.webp.webp\" alt=\"Banner de C\u00e1ritas Bizkaia (Rotaci\u00f3n) en Bilbao\" width=\"320\" height=\"100\" loading=\"lazy\"\/><\/p>\n<p>\t\t  \t<\/a><\/p>\n<p data-start=\"416\" data-end=\"873\">El <strong data-start=\"432\" data-end=\"448\">Bilbao Arena<\/strong> se prepara para una tarde grande. Este domingo, a las <strong data-start=\"503\" data-end=\"518\">18:00 horas<\/strong>, el <strong data-start=\"523\" data-end=\"546\">Surne Bilbao Basket<\/strong> disputar\u00e1 su <strong data-start=\"560\" data-end=\"610\">primer partido en casa de la temporada 2025\/26<\/strong> y lo har\u00e1 rodeado de un ambiente excepcional. A los fieles de Miribilla se sumar\u00e1n <strong data-start=\"694\" data-end=\"757\">m\u00e1s de 700 aficionados del Recoletas Salud San Pablo Burgos<\/strong>, que han agotado todas las entradas enviadas desde Bilbao y viajar\u00e1n en varios autobuses organizados por su club.<\/p>\n<p data-start=\"875\" data-end=\"1244\">El equipo burgal\u00e9s, dirigido por <strong data-start=\"908\" data-end=\"927\">Bruno Savignani<\/strong>, ha regresado este curso a la <strong data-start=\"958\" data-end=\"973\">Liga Endesa<\/strong> tras su ascenso y lo ha hecho con fuerza, estren\u00e1ndose con victoria ante su p\u00fablico. El duelo ante los MIB se ha convertido en <strong data-start=\"1101\" data-end=\"1162\">uno de los desplazamientos m\u00e1s atractivos de la temporada<\/strong>, reflejo de la enorme pasi\u00f3n con la que la afici\u00f3n burgalesa sigue a los suyos.<\/p>\n<p data-start=\"1246\" data-end=\"1652\">Por su parte, el conjunto de <strong data-start=\"1275\" data-end=\"1294\">Jaume Ponsarnau<\/strong> busca su <strong data-start=\"1304\" data-end=\"1338\">primer triunfo de la temporada<\/strong> tras caer en M\u00e1laga en la jornada inaugural. El t\u00e9cnico catal\u00e1n conf\u00eda en que el <strong data-start=\"1420\" data-end=\"1440\">factor Miribilla<\/strong> vuelva a pesar, con una grada volcada y un ambiente de los que hacen afici\u00f3n. Todo apunta a un <strong data-start=\"1536\" data-end=\"1565\">estreno el\u00e9ctrico en casa<\/strong>, con el mejor marco posible para que Bilbao vuelva a disfrutar del mejor baloncesto.<\/p>\n","protected":false},"excerpt":{"rendered":"El Bilbao Arena se prepara para una tarde grande. Este domingo, a las 18:00 horas, el Surne Bilbao&hellip;\n","protected":false},"author":2,"featured_media":162057,"comment_status":"","ping_status":"","sticky":false,"template":"","format":"standard","meta":{"footnotes":""},"categories":[269],"tags":[302,3437,299,298,4144,14681,168,25,24,13666,665,48029,3919,23,167,48030],"class_list":{"0":"post-162056","1":"post","2":"type-post","3":"status-publish","4":"format-standard","5":"has-post-thumbnail","7":"category-baloncesto","8":"tag-acb","9":"tag-aficion","10":"tag-baloncesto","11":"tag-basketball","12":"tag-bizkaia","13":"tag-bruno-savignani","14":"tag-deportes","15":"tag-es","16":"tag-espana","17":"tag-jaume-ponsarnau","18":"tag-liga-endesa","19":"tag-miribilla","20":"tag-san-pablo-burgos","21":"tag-spain","22":"tag-sports","23":"tag-surne-bilbao-basket"},"share_on_mastodon":{"url":"","error":""},"_links":{"self":[{"href":"https:\/\/www.europesays.com\/es\/wp-json\/wp\/v2\/posts\/162056","targetHints":{"allow":["GET"]}}],"collection":[{"href":"https:\/\/www.europesays.com\/es\/wp-json\/wp\/v2\/posts"}],"about":[{"href":"https:\/\/www.europesays.com\/es\/wp-json\/wp\/v2\/types\/post"}],"author":[{"embeddable":true,"href":"https:\/\/www.europesays.com\/es\/wp-json\/wp\/v2\/users\/2"}],"replies":[{"embeddable":true,"href":"https:\/\/www.europesays.com\/es\/wp-json\/wp\/v2\/comments?post=162056"}],"version-history":[{"count":0,"href":"https:\/\/www.europesays.com\/es\/wp-json\/wp\/v2\/posts\/162056\/revisions"}],"wp:featuredmedia":[{"embeddable":true,"href":"https:\/\/www.europesays.com\/es\/wp-json\/wp\/v2\/media\/162057"}],"wp:attachment":[{"href":"https:\/\/www.europesays.com\/es\/wp-json\/wp\/v2\/media?parent=162056"}],"wp:term":[{"taxonomy":"category","embeddable":true,"href":"https:\/\/www.europesays.com\/es\/wp-json\/wp\/v2\/categories?post=162056"},{"taxonomy":"post_tag","embeddable":true,"href":"https:\/\/www.europesays.com\/es\/wp-json\/wp\/v2\/tags?post=162056"}],"curies":[{"name":"wp","href":"https:\/\/api.w.org\/{rel}","templated":true}]}}