{"id":162058,"date":"2025-10-08T04:07:08","date_gmt":"2025-10-08T04:07:08","guid":{"rendered":"https:\/\/www.europesays.com\/es\/162058\/"},"modified":"2025-10-08T04:07:08","modified_gmt":"2025-10-08T04:07:08","slug":"alberto-gonzalez-hace-autocritica-orm","status":"publish","type":"post","link":"https:\/\/www.europesays.com\/es\/162058\/","title":{"rendered":"Alberto Gonz\u00e1lez hace autocr\u00edtica | ORM"},"content":{"rendered":"<p>GREGORIO LE\u00d3N<\/p>\n<p><strong>Es imperativo que el Murcia emerja de las posiciones peligrosas que habita en\u00a0la clasificaci\u00f3n.<\/strong> Sexto por la cola, con la producci\u00f3n fam\u00e9lica de una sola victoria sobre seis posibles, la tabla produce pavor. Y<strong> Alberto Gonz\u00e1lez<\/strong> est\u00e1 convencido de que la situaci\u00f3n va a modificarse, ofreciendo un panorama bien diferente al actual. Eso s\u00ed, para ello el equipo debe elevar sus prestaciones, mejorando la relaci\u00f3n con el gol y tambi\u00e9n sellando grietas en defensa. Ah\u00ed el capit\u00e1n ha salido retratado en alguna fotograf\u00eda:\u00a0\u00abEs muy importante cerrar la porter\u00eda, y eso lastra al equipo. El modelo de juego de este a\u00f1o nos expone mucho m\u00e1s, a cambio de generar m\u00e1s. Tenemos transiciones que debemos cortar\u00a0antes, ser agresivos en los robos&#8230;\u00bb.\u00a0<\/p>\n<p><strong>El capit\u00e1n del Murcia ve tranquilo a Joseba Etxeberria:<\/strong> \u00ab\u00c9l sabe d\u00f3nde est\u00e1, que en el Murcia hay que ganar todas las jornadas\u00bb.<\/p>\n<p>Alberto Gonz\u00e1lez no conoc\u00eda el dato escalofriante de que el equipo murcianista no gana en Nueva Condomina desde 2022 cuando el equipo rival se adelanta en el marcador.<\/p>\n<p>Ah\u00ed llev\u00e1is la entrevista completa al defensa grana&#8230;\u00a0<\/p>\n","protected":false},"excerpt":{"rendered":"GREGORIO LE\u00d3N Es imperativo que el Murcia emerja de las posiciones peligrosas que habita en\u00a0la clasificaci\u00f3n. Sexto por&hellip;\n","protected":false},"author":2,"featured_media":162059,"comment_status":"","ping_status":"","sticky":false,"template":"","format":"standard","meta":{"footnotes":""},"categories":[268],"tags":[48031,168,25,24,280,8094,282,8095,281,23,167],"class_list":{"0":"post-162058","1":"post","2":"type-post","3":"status-publish","4":"format-standard","5":"has-post-thumbnail","7":"category-futbol","8":"tag-alberto-gonzu00e1lez","9":"tag-deportes","10":"tag-es","11":"tag-espana","12":"tag-football","13":"tag-fu00fatbol","14":"tag-futbol","15":"tag-real-murcia","16":"tag-soccer","17":"tag-spain","18":"tag-sports"},"share_on_mastodon":{"url":"","error":""},"_links":{"self":[{"href":"https:\/\/www.europesays.com\/es\/wp-json\/wp\/v2\/posts\/162058","targetHints":{"allow":["GET"]}}],"collection":[{"href":"https:\/\/www.europesays.com\/es\/wp-json\/wp\/v2\/posts"}],"about":[{"href":"https:\/\/www.europesays.com\/es\/wp-json\/wp\/v2\/types\/post"}],"author":[{"embeddable":true,"href":"https:\/\/www.europesays.com\/es\/wp-json\/wp\/v2\/users\/2"}],"replies":[{"embeddable":true,"href":"https:\/\/www.europesays.com\/es\/wp-json\/wp\/v2\/comments?post=162058"}],"version-history":[{"count":0,"href":"https:\/\/www.europesays.com\/es\/wp-json\/wp\/v2\/posts\/162058\/revisions"}],"wp:featuredmedia":[{"embeddable":true,"href":"https:\/\/www.europesays.com\/es\/wp-json\/wp\/v2\/media\/162059"}],"wp:attachment":[{"href":"https:\/\/www.europesays.com\/es\/wp-json\/wp\/v2\/media?parent=162058"}],"wp:term":[{"taxonomy":"category","embeddable":true,"href":"https:\/\/www.europesays.com\/es\/wp-json\/wp\/v2\/categories?post=162058"},{"taxonomy":"post_tag","embeddable":true,"href":"https:\/\/www.europesays.com\/es\/wp-json\/wp\/v2\/tags?post=162058"}],"curies":[{"name":"wp","href":"https:\/\/api.w.org\/{rel}","templated":true}]}}