{"id":162060,"date":"2025-10-08T04:08:08","date_gmt":"2025-10-08T04:08:08","guid":{"rendered":"https:\/\/www.europesays.com\/es\/162060\/"},"modified":"2025-10-08T04:08:08","modified_gmt":"2025-10-08T04:08:08","slug":"supervivientes-all-stars-premia-a-tony-spina-y-hace-la-vista-gorda-pese-a-los-avisos-de-los-presentadores","status":"publish","type":"post","link":"https:\/\/www.europesays.com\/es\/162060\/","title":{"rendered":"&#8216;Supervivientes All Stars&#8217; premia a Tony Spina (y hace la vista gorda), pese a los avisos de los presentadores"},"content":{"rendered":"\n<p> Los fieles seguidores de Supervivientes All Stars han estallado contra el programa de Telecinco por lo ocurrido durante Tierra de nadie. Los concursantes tuvieron que enfrentarse a <strong>una prueba de pre l\u00edder que superaron cuatro de ellos, aunque algunos con privilegios.<\/strong> <\/p>\n<p> La recta final est\u00e1 cada vez m\u00e1s cerca y sus protagonistas lo saben. Por ello, convertirse en inmune es una de las m\u00e1ximas de los supervivientes, que solo conseguir\u00e1n si logran alzarse con el t\u00edtulo de l\u00edder. Una prueba que esta semana <strong>solo disputar\u00e1n cuatro de ellos: Tony Spina, Miri P\u00e9rez-Cabrero, Carlos Alba e Iv\u00e1n Gonz\u00e1lez. <\/strong>\u00ab\u00a1La soga tiene que estar tensa. Os ten\u00e9is que inclinar. Tony, por favor, col\u00f3cate bien. Os ten\u00e9is que estirar\u00bb, repet\u00eda la conductora de Telecinco. <\/p>\n<p> Sin embargo, no todos lo han peleado bajo las mismas circunstancias, como Iv\u00e1n o Carlos, pero, especialmente, Tony Spina. Deb\u00edan aguantar el mayor tiempo posible con los brazos y piernas completamente extendidos, mirando a peso muerto hacia el mar, pero algunos, como el italiano,<strong> decidi\u00f3 hacer caso omiso a esta estricta regla que solo cumpli\u00f3 el resto. <\/strong> <\/p>\n<p> \u00abTienes que estar con la misma postura que el resto de tus compa\u00f1eros o estar\u00e1s eliminado\u00bb: <strong>las repetidas indicaciones y toques de atenci\u00f3n de Laura Madrue\u00f1o sirvieron de bien poco<\/strong>. \u00abParece que le da miedo estirarse. Laura, yo no quiero ser chivato&#8230;\u00bb, lleg\u00f3 a espetar el propio Jorge Javier V\u00e1zquez, que estaba percat\u00e1ndose desde el plat\u00f3 de Madrid de la misma trampa que estaban observando con todo lujo de detalles los telespectadores en casa. <\/p>\n<p>               Concursantes de &#8216;Supervivientes All Stars 2&#8217;, durante la prueba. (Mediaset)             <\/p>\n<p> La copresentadora de Honduras volv\u00eda a repetirle las normas que deb\u00eda cumplir para seguir disputando la prueba, pero<strong> hizo o\u00eddos sordos. Mientras, sus compa\u00f1eros s\u00ed que cumpl\u00edan a rajatabla las obligaciones<\/strong>, cayendo uno a uno, precisamente, por la compleja y exigente resistencia f\u00edsica a la que tuvieron que someterse para alcanzar la calificaci\u00f3n de pre l\u00edderes. <\/p>\n<p>              <img decoding=\"async\" class=\"inTextNews__img\" alt=\"Foto: supervivientes-all-stars-humillante-quejas-comida\" src=\"https:\/\/www.europesays.com\/es\/wp-content\/uploads\/2025\/10\/f.elconfidencial.com\/original\/5ca\/920\/fae\/5ca920fae24dbf042852a4bc8c63938c.jpg\"  \/>     <\/p>\n<p>TE PUEDE INTERESAR<\/p>\n<p>      <a class=\"inTextNews__title\" href=\"https:\/\/www.elconfidencial.com\/television\/programas-tv\/2025-10-08\/supervivientes-all-stars-humillante-quejas-comida_4224156\/\" onclick=\"window.ECCO.emit(&#039;amplitude&#039;, { dataEventName: &#039;click_related_article_module&#039;, data: { related_article_url: &#039;https:\/\/www.elconfidencial.com\/television\/programas-tv\/2025-10-08\/supervivientes-all-stars-humillante-quejas-comida_4224156\/&#039;, related_article_author: &#039;Alvaro Rold\u00e1n&#039;, related_article_section: &#039;programas-tv&#039; } })\" rel=\"nofollow noopener\" target=\"_blank\"> \u00abEst\u00e1 siendo humillante\u00bb: los concursantes revientan contras las crueles din\u00e1micas de &#8216;Supervivientes All Stars&#8217; <\/a>   <\/p>\n<p>    \u00c1lvaro Rold\u00e1n   <\/p>\n<p> Finalmente, el novio de Marta Pe\u00f1ate fue uno de los cuatro que m\u00e1s aguant\u00f3, por evidentes razones que no dejaron de denunciar los fieles seguidores del formato en redes sociales. <strong>Quejas en vano, ya que la organizaci\u00f3n al cargo de Cuarzo TV dej\u00f3 pasar, nombr\u00e1ndolo como uno de los que luchar\u00e1 el jueves<\/strong> por convertirse en l\u00edder (e inmune), junto a Miri, Iv\u00e1n y Carlos. <\/p>\n<p> Por si fuese poco,<strong> el equipo televisivo orquest\u00f3 otro privilegio extra para el italiano.<\/strong> Adem\u00e1s de dejarlo pasar en una prueba tan decisiva como la de la antesala al l\u00edder, Spina disfrut\u00f3 tambi\u00e9n de <strong>una boda junto a Marta Pe\u00f1ate<\/strong>, que desde hace una semana disfruta de una estancia estelar en los Cayos Cochinos. <\/p>\n<p> Los fieles seguidores de Supervivientes All Stars han estallado contra el programa de Telecinco por lo ocurrido durante Tierra de nadie. Los concursantes tuvieron que enfrentarse a <strong>una prueba de pre l\u00edder que superaron cuatro de ellos, aunque algunos con privilegios.<\/strong> <\/p>\n","protected":false},"excerpt":{"rendered":"Los fieles seguidores de Supervivientes All Stars han estallado contra el programa de Telecinco por lo ocurrido durante&hellip;\n","protected":false},"author":2,"featured_media":162061,"comment_status":"","ping_status":"","sticky":false,"template":"","format":"standard","meta":{"footnotes":""},"categories":[174],"tags":[255,146,147,25,24,256,23],"class_list":{"0":"post-162060","1":"post","2":"type-post","3":"status-publish","4":"format-standard","5":"has-post-thumbnail","7":"category-famosos","8":"tag-celebrities","9":"tag-entertainment","10":"tag-entretenimiento","11":"tag-es","12":"tag-espana","13":"tag-famosos","14":"tag-spain"},"share_on_mastodon":{"url":"","error":""},"_links":{"self":[{"href":"https:\/\/www.europesays.com\/es\/wp-json\/wp\/v2\/posts\/162060","targetHints":{"allow":["GET"]}}],"collection":[{"href":"https:\/\/www.europesays.com\/es\/wp-json\/wp\/v2\/posts"}],"about":[{"href":"https:\/\/www.europesays.com\/es\/wp-json\/wp\/v2\/types\/post"}],"author":[{"embeddable":true,"href":"https:\/\/www.europesays.com\/es\/wp-json\/wp\/v2\/users\/2"}],"replies":[{"embeddable":true,"href":"https:\/\/www.europesays.com\/es\/wp-json\/wp\/v2\/comments?post=162060"}],"version-history":[{"count":0,"href":"https:\/\/www.europesays.com\/es\/wp-json\/wp\/v2\/posts\/162060\/revisions"}],"wp:featuredmedia":[{"embeddable":true,"href":"https:\/\/www.europesays.com\/es\/wp-json\/wp\/v2\/media\/162061"}],"wp:attachment":[{"href":"https:\/\/www.europesays.com\/es\/wp-json\/wp\/v2\/media?parent=162060"}],"wp:term":[{"taxonomy":"category","embeddable":true,"href":"https:\/\/www.europesays.com\/es\/wp-json\/wp\/v2\/categories?post=162060"},{"taxonomy":"post_tag","embeddable":true,"href":"https:\/\/www.europesays.com\/es\/wp-json\/wp\/v2\/tags?post=162060"}],"curies":[{"name":"wp","href":"https:\/\/api.w.org\/{rel}","templated":true}]}}