{"id":162070,"date":"2025-10-08T04:14:08","date_gmt":"2025-10-08T04:14:08","guid":{"rendered":"https:\/\/www.europesays.com\/es\/162070\/"},"modified":"2025-10-08T04:14:08","modified_gmt":"2025-10-08T04:14:08","slug":"la-primera-edicion-de-la-liga-u-presenta-su-firme-apuesta-por-el-desarrollo-del-talento-joven","status":"publish","type":"post","link":"https:\/\/www.europesays.com\/es\/162070\/","title":{"rendered":"La primera edici\u00f3n de la Liga U presenta su firme apuesta por el desarrollo del talento joven"},"content":{"rendered":"<p>La primera edici\u00f3n de la Liga U presenta su firme apuesta por el desarrollo del talento joven<\/p>\n<p>La ministra de Educaci\u00f3n, Formaci\u00f3n Profesional y Deportes, Pilar Alegr\u00eda; la presidenta de la FEB, Elisa Aguilar, el presidente de la acb, Antonio Mart\u00edn; y el presidente del Consejo Superior de Deportes, Jos\u00e9 Manuel Rodr\u00edguez Uribes han presentado este martes la primera edici\u00f3n de la nueva Liga U.<\/p>\n<p>La sede del Consejo Superior de Deportes (CSD) ha sido el escenario de la presentaci\u00f3n oficial de la Liga U, la nueva competici\u00f3n que redefine el desarrollo del baloncesto sub-22 en Espa\u00f1a. Con un enfoque pionero que une el alto rendimiento deportivo con la formaci\u00f3n acad\u00e9mica, la Liga U ha conseguido unir a todas las instituciones principales del baloncesto en Espa\u00f1a, con la organizaci\u00f3n conjunta de acb y FEB, adem\u00e1s del respaldo del Ministerio de Educaci\u00f3n, Formaci\u00f3n Profesional y Deportes y del CSD.<\/p>\n<p>Todas las instituciones han querido estar presentes en el pistoletazo de salida de la competici\u00f3n, subrayando el respaldo institucional al proyecto. Tambi\u00e9n han estado presentes los 15 clubes participante en la Liga U, con estos 15 jugadores siendo protagonistas de la jornada: Guillem Naspler, BAXI Manresa; Lee Aaliya, UCAM Murcia; \u00c1lex Moreno, Casademont Zaragoza; Gonzalo Cabrera, Gran Canaria; Manuel Trujillo, Unicaja Alhaur\u00edn de la Torre; Osi Cerd\u00e1, Stellantis &amp; You Granada; Izan Almansa, Real Madrid; Aksel Laso, Burgos Grupo de Santiago; Javier Rodr\u00edguez, Bilbao Basket; Octavi Fuentes, B\u00e0squet Girona; Rafael Galv\u00e1n, Fundaci\u00f3n CB Canarias; Ibou Dabo, For\u00e7a Lleida; Mohamed Keita, Bar\u00e7a; Eric del Castillo, Joventut Badalona; y \u00c1lex Blanco, Valencia Basket.<\/p>\n<p>Durante el acto, conducido por el presentador Pablo Lolaso, se ha presentado al detalle el sistema de competici\u00f3n y el calendario de la Liga. Adem\u00e1s, se ha profundizado en la identidad digital de la Liga U, que tendr\u00e1 una fuerte presencia en redes sociales y se retransmitir\u00e1n sus partidos a trav\u00e9s de su canal de YouTube, con dos partidos por jornada a trav\u00e9s de Marca TV y AS TV. Adem\u00e1s de un partido premium en cada jornada que estar\u00e1 pr\u00f3ximamente a cargo de TVE.<\/p>\n<p>Como organizadores de la Liga U, Elisa Aguilar, Presidenta de la FEB, y Antonio Mart\u00edn, Presidente de la acb, han coincidido en la importancia de esta iniciativa para asegurar la cantera del baloncesto espa\u00f1ol. Un concepto diferenciador para el deporte en Espa\u00f1a que tambi\u00e9n han destacado tanto Pilar Alegr\u00eda, Ministra de Educaci\u00f3n, Formaci\u00f3n Profesional y Deportes, como Jos\u00e9 Manuel Rodr\u00edguez Uribes, Presidente del Consejo Superior de Deportes, Uribes.<\/p>\n<p>Elisa Aguilar ha destacado la importancia de la formaci\u00f3n y el encaje de la Liga U en esa cadena formativa porque \u201cdar un impulso al talento es algo fundamental para nuestro baloncesto\u201d. As\u00ed, la Presidenta de la FEB ha reconocido que \u201cdar el salto al profesionalismo nunca ha sido un camino f\u00e1cil y ahora con el h\u00edper profesionalismo que existe en el deporte es mucho m\u00e1s dif\u00edcil. Por eso, la formaci\u00f3n es clave para formar a los j\u00f3venes y confirmar el relevo generacional que est\u00e1 siendo tan importante en nuestras selecciones. Y es que, hay que convertir los \u00e9xitos de formaci\u00f3n en minutos de juego y para eso ha llegado la Liga U, que tambi\u00e9n nos va a acercar al p\u00fablico joven a trav\u00e9s de sus redes sociales y la difusi\u00f3n por plataformas digitales\u201d.<\/p>\n<p>Antonio Mart\u00edn ha recordado la importancia de los clubes a la hora de crear una \u201cliga de filiales que ser\u00e1 clave en el baloncesto de formaci\u00f3n. Los clubes son parte de este proyecto y han cre\u00eddo en este escal\u00f3n competitivo para que los jugadores puedan disfrutar de los minutos que necesitan. Esta competici\u00f3n es un refuerzo a las canteras de los clubes, porque sin ellas ser\u00eda imposible que nosotros pudi\u00e9ramos crear la Liga U y tampoco ser\u00eda posible el baloncesto de formaci\u00f3n. As\u00ed que gracias a ellos por confiar y ayudar a crear un liga competitiva y atractiva para los jugadores y para el p\u00fablico\u201d. <\/p>\n<p>Pilar Alegr\u00eda ha querido destacar a la parte m\u00e1s importante de la Liga U, a los jugadores. \u201cEs un orgullo haber sido capaces de dar vida a un sue\u00f1o que todas las instituciones ten\u00edamos desde hace tiempo, que no era otro que el de pensar la f\u00f3rmula para proteger y cuidad a nuestro talento. Y entre todos, FEB, ACB y Gobierno de Espa\u00f1a, hemos conseguido un proyecto de pa\u00eds, porque la Liga U marca un antes y un despu\u00e9s a nivel competitivo. Algo que es una magn\u00edfica noticia para el deporte y para Espa\u00f1a como pa\u00eds. Porque en esta Liga no solo vamos a encontrar grandes estrellas, ofrecemos un espacio donde no vamos a pedir a nuestros jugadores que elijan entre competir a nivel profesional o apostar por su formaci\u00f3n acad\u00e9mica. Y ese es el factor diferencial de la Liga U que nos permite mandar el mensaje que ten\u00edamos en mente: Espa\u00f1a cuida a su atento y apuesta por su talento\u201d.<\/p>\n<p>Y Jos\u00e9 Manuel Rodr\u00edguez Uribes, ha presentado a la Liga U \u201ccomo un ejemplo del buen hacer de la FEB y la acb. El trabajo de ambas instituciones en ha tenido un enfoque constructivo con la voluntad de aportar y crear el eslab\u00f3n que faltaba en el baloncesto espa\u00f1ol. Una nueva competici\u00f3n que, adem\u00e1s, encaja con la filosof\u00eda del CSD y del Gobierno de Espa\u00f1a, porque supone un ir de la mano entre formaci\u00f3n acad\u00e9mica y deporte. <\/p>\n<p>Una jornada que ha servido para dar el pistoletazo oficial a la Liga U, que este viernes disputar\u00e1 su primera jornada, contada en directo por un novedoso equipo de narradores que han sido seleccionados para ser la nueva generaci\u00f3n de voces del baloncesto. La competici\u00f3n, que promete no dejar a nadie indiferentes, se extender\u00e1 hasta el pr\u00f3ximo 17 de mayo, cuando se coronar\u00e1 al primer campe\u00f3n en una emocionante Final a 6.\u00a0<\/p>\n","protected":false},"excerpt":{"rendered":"La primera edici\u00f3n de la Liga U presenta su firme apuesta por el desarrollo del talento joven La&hellip;\n","protected":false},"author":2,"featured_media":162071,"comment_status":"","ping_status":"","sticky":false,"template":"","format":"standard","meta":{"footnotes":""},"categories":[93],"tags":[4605,299,1918,4597,4613,4616,4609,4608,4610,168,4603,4606,25,24,4120,4598,4614,2713,4601,830,4599,4600,4602,4615,4617,4607,4604,23,167,4611,4612],"class_list":{"0":"post-162070","1":"post","2":"type-post","3":"status-publish","4":"format-standard","5":"has-post-thumbnail","7":"category-deportes","8":"tag-arbitros-baloncesto","9":"tag-baloncesto","10":"tag-basket","11":"tag-basquet","12":"tag-canalfeb","13":"tag-clasificacion","14":"tag-copa-princesa","15":"tag-copa-principe","16":"tag-copa-reina","17":"tag-deportes","18":"tag-eba","19":"tag-entrenadores-baloncesto","20":"tag-es","21":"tag-espana","22":"tag-estadisticas","23":"tag-federacion-baloncesto","24":"tag-jornada-virtual","25":"tag-jugadores","26":"tag-laeb-plata","27":"tag-leb-oro","28":"tag-liga-espana","29":"tag-liga-espanola-baloncesto","30":"tag-liga-femenina","31":"tag-marcadores-baloncesto","32":"tag-rankings","33":"tag-reglas-baloncesto","34":"tag-seleccion-baloncesto","35":"tag-spain","36":"tag-sports","37":"tag-supercopa","38":"tag-television-baloncesto"},"share_on_mastodon":{"url":"","error":""},"_links":{"self":[{"href":"https:\/\/www.europesays.com\/es\/wp-json\/wp\/v2\/posts\/162070","targetHints":{"allow":["GET"]}}],"collection":[{"href":"https:\/\/www.europesays.com\/es\/wp-json\/wp\/v2\/posts"}],"about":[{"href":"https:\/\/www.europesays.com\/es\/wp-json\/wp\/v2\/types\/post"}],"author":[{"embeddable":true,"href":"https:\/\/www.europesays.com\/es\/wp-json\/wp\/v2\/users\/2"}],"replies":[{"embeddable":true,"href":"https:\/\/www.europesays.com\/es\/wp-json\/wp\/v2\/comments?post=162070"}],"version-history":[{"count":0,"href":"https:\/\/www.europesays.com\/es\/wp-json\/wp\/v2\/posts\/162070\/revisions"}],"wp:featuredmedia":[{"embeddable":true,"href":"https:\/\/www.europesays.com\/es\/wp-json\/wp\/v2\/media\/162071"}],"wp:attachment":[{"href":"https:\/\/www.europesays.com\/es\/wp-json\/wp\/v2\/media?parent=162070"}],"wp:term":[{"taxonomy":"category","embeddable":true,"href":"https:\/\/www.europesays.com\/es\/wp-json\/wp\/v2\/categories?post=162070"},{"taxonomy":"post_tag","embeddable":true,"href":"https:\/\/www.europesays.com\/es\/wp-json\/wp\/v2\/tags?post=162070"}],"curies":[{"name":"wp","href":"https:\/\/api.w.org\/{rel}","templated":true}]}}