{"id":162096,"date":"2025-10-08T04:41:08","date_gmt":"2025-10-08T04:41:08","guid":{"rendered":"https:\/\/www.europesays.com\/es\/162096\/"},"modified":"2025-10-08T04:41:08","modified_gmt":"2025-10-08T04:41:08","slug":"precio-del-oro-supera-por-primera-vez-los-usd-4-000-por-onza","status":"publish","type":"post","link":"https:\/\/www.europesays.com\/es\/162096\/","title":{"rendered":"Precio Del Oro Supera Por Primera Vez Los USD 4.000 Por Onza"},"content":{"rendered":"<p data-type=\"paragraph\" data=\"[object Object]\">El precio del oro super\u00f3 este mi\u00e9rcoles los 4.000 d\u00f3lares por onza por primera vez, ante la preocupaci\u00f3n de los inversionistas sobre numerosos temas geopol\u00edticos que los llev\u00f3 a buscar este activo refugio.<\/p>\n<p data-type=\"paragraph\" data=\"[object Object]\" class=\"emotion-1akm6h5-Paragraph e1e4oisd0\">Los operadores se han lanzado a ese metal precioso durante todo el a\u00f1o, provocando una subida de m\u00e1s del 50%, ante la expectativa, entre otros temas, de un recorte de tasas de inter\u00e9s en Estados Unidos, la turbulencia pol\u00edtica en Francia o la incertidumbre econ\u00f3mica mundial.<\/p>\n<p data-type=\"paragraph\" data=\"[object Object]\" class=\"emotion-1akm6h5-Paragraph e1e4oisd0\">Este mi\u00e9rcoles, el oro alcanz\u00f3 un m\u00e1ximo de 4.006,68 d\u00f3lares por onza en los mercados asi\u00e1ticos. La plata tambi\u00e9n se situ\u00f3 a pocos d\u00f3lares de su r\u00e9cord hist\u00f3rico.<\/p>\n<p data-type=\"paragraph\" data=\"[object Object]\" class=\"emotion-1akm6h5-Paragraph e1e4oisd0\">Utilizado en la joyer\u00eda, la industria o como reserva, el metal amarillo siempre ha representado un \u00abvalor refugio\u00bb por excelencia porque conserva su valor intr\u00ednseco.<\/p>\n<p data-type=\"paragraph\" data=\"[object Object]\" class=\"emotion-1akm6h5-Paragraph e1e4oisd0\">El cierre del gobierno estadounidense est\u00e1 aumentando la sensaci\u00f3n de inquietud entre los inversionistas, ya que se han pospuesto datos econ\u00f3micos clave, incluidos los relativos al empleo, lo que complica la situaci\u00f3n para la Reserva Federal a la hora de decidir sus planes sobre los tipos de inter\u00e9s.<\/p>\n<p data-type=\"paragraph\" data=\"[object Object]\" class=\"emotion-1akm6h5-Paragraph e1e4oisd0\">El atractivo del oro tambi\u00e9n se vio reforzado esta semana por la agitaci\u00f3n pol\u00edtica en Francia, donde el primer ministro del pa\u00eds dimiti\u00f3 y su antecesor inst\u00f3 al presidente Emmanuel Macron a renunciar y a convocar elecciones anticipadas.<\/p>\n<p data-type=\"paragraph\" data=\"[object Object]\" class=\"emotion-1akm6h5-Paragraph e1e4oisd0\">Adem\u00e1s, la guerra comercial del presidente estadounidense, Donald Trump, y las crisis geopol\u00edticas en Ucrania y Gaza tambi\u00e9n han impulsado la necesidad de valores refugio.<\/p>\n<p data-type=\"paragraph\" data=\"[object Object]\" class=\"emotion-1akm6h5-Paragraph e1e4oisd0\">\u00abLa r\u00e1pida subida del precio del oro se ha visto respaldada por el aumento de las entradas en los fondos cotizados en bolsa y las compras de los bancos centrales, incluida la s\u00f3lida demanda de China, ya que el oro se beneficia de la incertidumbre pol\u00edtica, econ\u00f3mica y de inflaci\u00f3n\u00bb, consider\u00f3 Taylor Nugent, del National Australia Bank.<\/p>\n<p data-type=\"paragraph\" data=\"[object Object]\" class=\"emotion-1akm6h5-Paragraph e1e4oisd0\">En julio, el Consejo Mundial del Oro (WGC) inform\u00f3 de que la demanda de oro registr\u00f3 un crecimiento anual del 3% en el segundo trimestre, hasta alcanzar las 1.249 toneladas, gracias a \u00abun entorno geopol\u00edtico cada vez m\u00e1s impredecible y al impulso de los precios\u00bb.<\/p>\n<p data-type=\"paragraph\" data=\"[object Object]\" class=\"emotion-1akm6h5-Paragraph e1e4oisd0\">Tambi\u00e9n ha habido una fuerte demanda de oro a trav\u00e9s de los fondos cotizados en bolsa.<\/p>\n<p data-type=\"paragraph\" data=\"[object Object]\" class=\"emotion-1akm6h5-Paragraph e1e4oisd0\">El metal amarillo super\u00f3 el l\u00edmite de 2.000 d\u00f3lares por onza en agosto de 2020, en medio de la pandemia del covid-19.<\/p>\n<p data-type=\"paragraph\" data=\"[object Object]\" class=\"emotion-1akm6h5-Paragraph e1e4oisd0\">\u00abLas cifras hablan por s\u00ed mismas, el oro ya hab\u00eda aumentado fuertemente en 2025 y se dirige a su tercer a\u00f1o consecutivo de ganancias de dos d\u00edgitos\u00bb, indic\u00f3 Stephen Innes de la empresa de gesti\u00f3n SPI Asset Management.<\/p>\n<p data-type=\"paragraph\" data=\"[object Object]\" class=\"emotion-1akm6h5-Paragraph e1e4oisd0\">dan\/tc\/mas\/mr\/arm\/mas<\/p>\n","protected":false},"excerpt":{"rendered":"El precio del oro super\u00f3 este mi\u00e9rcoles los 4.000 d\u00f3lares por onza por primera vez, ante la preocupaci\u00f3n&hellip;\n","protected":false},"author":2,"featured_media":123368,"comment_status":"","ping_status":"","sticky":false,"template":"","format":"standard","meta":{"footnotes":""},"categories":[80],"tags":[82,95,94,115,25,24,317,114,8243,3371,23,116],"class_list":{"0":"post-162096","1":"post","2":"type-post","3":"status-publish","4":"format-standard","5":"has-post-thumbnail","7":"category-economia","8":"tag-business","9":"tag-economia","10":"tag-economy","11":"tag-eeuu","12":"tag-es","13":"tag-espana","14":"tag-francia","15":"tag-mercados","16":"tag-metales","17":"tag-oro","18":"tag-spain","19":"tag-synd"},"share_on_mastodon":{"url":"","error":""},"_links":{"self":[{"href":"https:\/\/www.europesays.com\/es\/wp-json\/wp\/v2\/posts\/162096","targetHints":{"allow":["GET"]}}],"collection":[{"href":"https:\/\/www.europesays.com\/es\/wp-json\/wp\/v2\/posts"}],"about":[{"href":"https:\/\/www.europesays.com\/es\/wp-json\/wp\/v2\/types\/post"}],"author":[{"embeddable":true,"href":"https:\/\/www.europesays.com\/es\/wp-json\/wp\/v2\/users\/2"}],"replies":[{"embeddable":true,"href":"https:\/\/www.europesays.com\/es\/wp-json\/wp\/v2\/comments?post=162096"}],"version-history":[{"count":0,"href":"https:\/\/www.europesays.com\/es\/wp-json\/wp\/v2\/posts\/162096\/revisions"}],"wp:featuredmedia":[{"embeddable":true,"href":"https:\/\/www.europesays.com\/es\/wp-json\/wp\/v2\/media\/123368"}],"wp:attachment":[{"href":"https:\/\/www.europesays.com\/es\/wp-json\/wp\/v2\/media?parent=162096"}],"wp:term":[{"taxonomy":"category","embeddable":true,"href":"https:\/\/www.europesays.com\/es\/wp-json\/wp\/v2\/categories?post=162096"},{"taxonomy":"post_tag","embeddable":true,"href":"https:\/\/www.europesays.com\/es\/wp-json\/wp\/v2\/tags?post=162096"}],"curies":[{"name":"wp","href":"https:\/\/api.w.org\/{rel}","templated":true}]}}