{"id":162101,"date":"2025-10-08T04:47:08","date_gmt":"2025-10-08T04:47:08","guid":{"rendered":"https:\/\/www.europesays.com\/es\/162101\/"},"modified":"2025-10-08T04:47:08","modified_gmt":"2025-10-08T04:47:08","slug":"dana-white-quedo-impactado-con-la-pelea-de-adrian-luna-martinetti","status":"publish","type":"post","link":"https:\/\/www.europesays.com\/es\/162101\/","title":{"rendered":"Dana White qued\u00f3 impactado con la pelea de Adri\u00e1n Luna Martinetti"},"content":{"rendered":"<p><strong>Dana White<\/strong>, presidente de UFC, qued\u00f3 impactado con la pelea que protagoniz\u00f3 el ecuatoriano <strong>Adri\u00e1n Luna Martinetti<\/strong> contra el ruso <strong>Mark Vologdin<\/strong> la noche de este martes 7 de octubre de 2025 en el oct\u00e1gono del Apex.<\/p>\n<p><strong>Adri\u00e1n Luna Martinetti <\/strong>gan\u00f3 el combate por 29-28 y se gan\u00f3 un contrato con la UFC. Sin embargo, Dana White sorprendi\u00f3 a todos cuando anunci\u00f3 que <strong>Mark Vologdin<\/strong> tambi\u00e9n se unir\u00eda a la empresa n\u00famero uno de artes marciales mixtas del mundo.<\/p>\n<p>M\u00e1s noticias:Dana White contrat\u00f3 a Luna Martinetti y su rival<\/p>\n<p><strong>Adri\u00e1n Luna Martinetti<\/strong> no tuvo piedad de <strong>Mark Vologdin<\/strong>, al que le infringi\u00f3 un profundo corte en su ceja derecha que lo hizo sangrar durante el segundo y tercer round, ganados por el guayaquile\u00f1o.<\/p>\n<p>Terminado el combate, inmediatamente fue catalogado como uno de los mejores en la historia del <strong>Dana White\u2019s Contender Series (DWCS)<\/strong>. Esta afirmaci\u00f3n del equipo period\u00edstico de la transmisi\u00f3n oficial fue secundada por el <strong>CEO de la UFC<\/strong>.<\/p>\n<p>\u201cVamos a enviar a ambos chicos al hospital. Es una de las mejores peleas que he visto en la historia del <strong>Contender Series<\/strong>\u201c, afirm\u00f3.<\/p>\n<p>Tradicionalmente, solo el ganador logra impresionar a <strong>White<\/strong> para llevarse el codiciado contrato para la <strong>UFC<\/strong>.<\/p>\n<p>Sin embargo, ante el espect\u00e1culo del ecuatoriano y el ruso, decidi\u00f3 hacer una excepci\u00f3n hist\u00f3rica y premiar a los dos peleadores. \u201cVoy a firmar a los dos\u201d, declar\u00f3.<\/p>\n<p>Pero ten\u00eda m\u00e1s. Tambi\u00e9n anunci\u00f3 la entrega de <strong>25 000 d\u00f3lares<\/strong> en bonificaciones para cada peleador, un gesto que se registra por primera vez en los <strong>DWCS<\/strong>.<\/p>\n<p>Declaraciones de Dana White<\/p>\n<blockquote class=\"twitter-tweet\" data-media-max-width=\"560\">\n<p lang=\"en\" dir=\"ltr\">Two contracts + 25K bonus = the best fight in <a href=\"https:\/\/twitter.com\/hashtag\/DWCS?src=hash&amp;ref_src=twsrc%5Etfw\" rel=\"nofollow noopener\" target=\"_blank\">#DWCS<\/a> history! \ud83d\udc4f <a href=\"https:\/\/t.co\/iZG5SS6Kbe\" rel=\"nofollow\">pic.twitter.com\/iZG5SS6Kbe<\/a><\/p>\n<p>\u2014 UFC (@ufc) <a href=\"https:\/\/twitter.com\/ufc\/status\/1975736633984229606?ref_src=twsrc%5Etfw\" rel=\"nofollow noopener\" target=\"_blank\">October 8, 2025<\/a><\/p><\/blockquote>\n<p> Adri\u00e1n Luna Martinetti gan\u00f3 su combate<\/p>\n<blockquote class=\"twitter-tweet\" data-media-max-width=\"560\">\n<p lang=\"en\" dir=\"ltr\">This one went to the judges.. <\/p>\n<p>Adrian Luna Martinetti walks away with the UD at <a href=\"https:\/\/twitter.com\/hashtag\/DWCS?src=hash&amp;ref_src=twsrc%5Etfw\" rel=\"nofollow noopener\" target=\"_blank\">#DWCS<\/a> tonight! \ud83d\udc4f<\/p>\n<p>[ Watch NOW on the <a href=\"https:\/\/twitter.com\/espn?ref_src=twsrc%5Etfw\" rel=\"nofollow noopener\" target=\"_blank\">@ESPN<\/a> app ] <a href=\"https:\/\/t.co\/74NYtThHve\" rel=\"nofollow\">pic.twitter.com\/74NYtThHve<\/a><\/p>\n<p>\u2014 UFC (@ufc) <a href=\"https:\/\/twitter.com\/ufc\/status\/1975736042792919504?ref_src=twsrc%5Etfw\" rel=\"nofollow noopener\" target=\"_blank\">October 8, 2025<\/a><\/p><\/blockquote>\n<p> Adri\u00e1n Luna Martinetti apabull\u00f3 a su rival<\/p>\n<blockquote class=\"twitter-tweet\" data-media-max-width=\"560\">\n<p lang=\"en\" dir=\"ltr\">These two are leaving it ALL in the Octagon! \ud83d\udc4a<\/p>\n<p>[ Tune into <a href=\"https:\/\/twitter.com\/hashtag\/DWCS?src=hash&amp;ref_src=twsrc%5Etfw\" rel=\"nofollow noopener\" target=\"_blank\">#DWCS<\/a> NOW | Streaming on the <a href=\"https:\/\/twitter.com\/espn?ref_src=twsrc%5Etfw\" rel=\"nofollow noopener\" target=\"_blank\">@ESPN<\/a> app ] <a href=\"https:\/\/t.co\/1dzetdfzK0\" rel=\"nofollow\">pic.twitter.com\/1dzetdfzK0<\/a><\/p>\n<p>\u2014 UFC (@ufc) <a href=\"https:\/\/twitter.com\/ufc\/status\/1975733541507149879?ref_src=twsrc%5Etfw\" rel=\"nofollow noopener\" target=\"_blank\">October 8, 2025<\/a><\/p><\/blockquote>\n<ul class=\"wp-block-list\">\n<li><strong>Informaci\u00f3n externa:<\/strong> <a href=\"https:\/\/es.wikipedia.org\/wiki\/Ultimate_Fighting_Championship\" target=\"_blank\" rel=\"noreferrer noopener nofollow\">UFC<\/a><\/li>\n<\/ul>\n<p>D-bate:<script async src=\"https:\/\/platform.twitter.com\/widgets.js\" charset=\"utf-8\"><\/script><\/p>\n","protected":false},"excerpt":{"rendered":"Dana White, presidente de UFC, qued\u00f3 impactado con la pelea que protagoniz\u00f3 el ecuatoriano Adri\u00e1n Luna Martinetti contra&hellip;\n","protected":false},"author":2,"featured_media":162102,"comment_status":"","ping_status":"","sticky":false,"template":"","format":"standard","meta":{"footnotes":""},"categories":[276],"tags":[47174,4555,353,19830,168,25,24,23,167,343],"class_list":{"0":"post-162101","1":"post","2":"type-post","3":"status-publish","4":"format-standard","5":"has-post-thumbnail","7":"category-ufc","8":"tag-adrian-luna-martinetti","9":"tag-artes-marciales-mixtas","10":"tag-dana-white","11":"tag-dana-whites-contender-series","12":"tag-deportes","13":"tag-es","14":"tag-espana","15":"tag-spain","16":"tag-sports","17":"tag-ufc"},"share_on_mastodon":{"url":"","error":""},"_links":{"self":[{"href":"https:\/\/www.europesays.com\/es\/wp-json\/wp\/v2\/posts\/162101","targetHints":{"allow":["GET"]}}],"collection":[{"href":"https:\/\/www.europesays.com\/es\/wp-json\/wp\/v2\/posts"}],"about":[{"href":"https:\/\/www.europesays.com\/es\/wp-json\/wp\/v2\/types\/post"}],"author":[{"embeddable":true,"href":"https:\/\/www.europesays.com\/es\/wp-json\/wp\/v2\/users\/2"}],"replies":[{"embeddable":true,"href":"https:\/\/www.europesays.com\/es\/wp-json\/wp\/v2\/comments?post=162101"}],"version-history":[{"count":0,"href":"https:\/\/www.europesays.com\/es\/wp-json\/wp\/v2\/posts\/162101\/revisions"}],"wp:featuredmedia":[{"embeddable":true,"href":"https:\/\/www.europesays.com\/es\/wp-json\/wp\/v2\/media\/162102"}],"wp:attachment":[{"href":"https:\/\/www.europesays.com\/es\/wp-json\/wp\/v2\/media?parent=162101"}],"wp:term":[{"taxonomy":"category","embeddable":true,"href":"https:\/\/www.europesays.com\/es\/wp-json\/wp\/v2\/categories?post=162101"},{"taxonomy":"post_tag","embeddable":true,"href":"https:\/\/www.europesays.com\/es\/wp-json\/wp\/v2\/tags?post=162101"}],"curies":[{"name":"wp","href":"https:\/\/api.w.org\/{rel}","templated":true}]}}