{"id":162105,"date":"2025-10-08T04:50:08","date_gmt":"2025-10-08T04:50:08","guid":{"rendered":"https:\/\/www.europesays.com\/es\/162105\/"},"modified":"2025-10-08T04:50:08","modified_gmt":"2025-10-08T04:50:08","slug":"pogacar-suma-su-19a-victoria-este-ano-al-reinar-en-la-tres-valles-varesinos-txirrindularitza","status":"publish","type":"post","link":"https:\/\/www.europesays.com\/es\/162105\/","title":{"rendered":"Pogacar suma su 19\u00aa victoria este a\u00f1o al reinar en la Tres Valles Varesinos | Txirrindularitza"},"content":{"rendered":"<p>        <img decoding=\"async\" alt=\"Tadej Pogacar, llegando a meta en el Europeo en ruta.\" height=\"800\" loading=\"lazy\"  src=\"https:\/\/www.europesays.com\/es\/wp-content\/uploads\/2025\/10\/Pogacar.jpg\"  width=\"1200\"\/>Tadej Pogacar, llegando a meta en el Europeo en ruta. (Jeff PACHOUD | AFP)<\/p>\n<p>El esloveno Tadej Pogacar, del UAE Team Emirates-XRG, ha confirmado este martes su condici\u00f3n de favorito y ha ganado la Tres Valles Varesinos 2025, en una temporada en la que acumula 19 victorias para agigantar a\u00fan m\u00e1s su leyenda \u2013eleva a 107 su registro hist\u00f3rico personal\u2013. Y a\u00fan pueden ser 20, si el s\u00e1bado logra ganar en Il Lombard\u00eda.<\/p>\n<p>Pogacar, <a href=\"https:\/\/www.naiz.eus\/eu\/info\/noticia\/20250928\/pogacar-agranda-su-leyenda-con-el-segundo-arcoiris-y-otra-exhibicion-para-el-recuerdo\" rel=\"nofollow noopener\" target=\"_blank\">vigente campe\u00f3n del mundo en ruta<\/a>, <a href=\"https:\/\/www.naiz.eus\/eu\/info\/noticia\/20251005\/tadej-pogacar-vuelve-a-exhibirse-de-lejos-para-ganar-su-primera-medalla-de-oro-europea\" rel=\"nofollow noopener\" target=\"_blank\">campe\u00f3n de Europa<\/a> y <a href=\"https:\/\/www.naiz.eus\/eu\/info\/noticia\/20250727\/van-aert-gana-en-el-adoquinado-de-paris-y-le-roba-el-doblete-a-pogacar-en-su-cuarto-tour\" rel=\"nofollow noopener\" target=\"_blank\">campe\u00f3n del Tour<\/a>, ha conseguido un nuevo triunfo en una de las \u00faltimas pruebas del a\u00f1o, con un tiempo de 4:34:28, en una carrera de 200,3 kil\u00f3metros con salida en la ciudad italiana de Busto Arsizio y llegada en Varese.<\/p>\n<p>Solo dos d\u00edas despu\u00e9s de sumar su primera corona continental en los Campeonatos de Europa de ciclismo en ruta, Pogacar ha logrado un nuevo \u00e9xito despu\u00e9s de una espectacular escapada a falta de algo m\u00e1s de 20 kil\u00f3metros para la l\u00ednea de meta.<\/p>\n<p class=\"text-card-default-text-description-01 typo-tk-rs-caption-md\">Pogacar se ha marchado en solitario a 21 kil\u00f3metros de meta tras ponerse a tope en un descenso. Por inercia y como ensayo para Il Lombard\u00eda, que se disputa el pr\u00f3ximo s\u00e1bado, el esloveno ha ido abriendo un hueco que ha sido imposible de cerrar para sus perseguidores.<\/p>\n<p>Junto a Pogacar, han subido al podio el dan\u00e9s Albert Withen Philipsen, del Lidl-Trek, y el franc\u00e9s Julian Alaphilippe, del Tudor Pro Cycling Team, como segundo y tercero, respectivamente, a 45 segundos del esloveno.<\/p>\n<p>El mexicano Isaac del Toro, compa\u00f1ero de equipo de Pogacar y otro de los favoritos, se ha desinflado en el tramo final de la carrera, despu\u00e9s de seguir la estela del esloveno en su escapada y se ha quedado sin opciones de medalla. Ha sido octavo.<\/p>\n<p><strong>Ion Izagirre, cerca de renovar con Cofidis<\/strong><\/p>\n<p>El colombiano Sergio Higuita, del XDS Astana Team, ha rozado el metal al entrar quinto. En el mismo grupo, el guipuzcoano Ion Izagirre, del Cofidis, ha sido d\u00e9cimo.<\/p>\n<p class=\"ue-c-article__paragraph paragraph\" data-mrf-recirculation=\"Links P\u00e1rrafos\">Y precisamente el corredor de Ormaiztegi es noticia porque, seg\u00fan &#8216;Marca&#8217;, est\u00e1 a punto de renovar con su equipo por un a\u00f1o m\u00e1s. Las negociaciones parecen estar muy encaminadas y, a sus 36 a\u00f1os, Izagirre mantiene intacta su ambici\u00f3n y experiencia, y seguir\u00e1 aportando su talento en vueltas por etapas y cl\u00e1sicas.<\/p>\n<p class=\"ue-c-article__paragraph paragraph\" data-mrf-recirculation=\"Links P\u00e1rrafos\">Eso s\u00ed, los puntos y el final de temporada dir\u00e1n si lo sigue haciendo en el World Tour o en una categor\u00eda menor, puesto que los galos siguen peleando por eludir el descenso.<\/p>\n","protected":false},"excerpt":{"rendered":"Tadej Pogacar, llegando a meta en el Europeo en ruta. (Jeff PACHOUD | AFP) El esloveno Tadej Pogacar,&hellip;\n","protected":false},"author":2,"featured_media":162106,"comment_status":"","ping_status":"","sticky":false,"template":"","format":"standard","meta":{"footnotes":""},"categories":[273],"tags":[3244,1611,313,312,168,25,24,549,36049,23,167,4991,603,2976,48007,1261],"class_list":{"0":"post-162105","1":"post","2":"type-post","3":"status-publish","4":"format-standard","5":"has-post-thumbnail","7":"category-ciclismo","8":"tag-3244","9":"tag-ano","10":"tag-ciclismo","11":"tag-cycling","12":"tag-deportes","13":"tag-es","14":"tag-espana","15":"tag-pogacar","16":"tag-reinar","17":"tag-spain","18":"tag-sports","19":"tag-suma","20":"tag-tres","21":"tag-valles","22":"tag-varesinos","23":"tag-victoria"},"share_on_mastodon":{"url":"","error":""},"_links":{"self":[{"href":"https:\/\/www.europesays.com\/es\/wp-json\/wp\/v2\/posts\/162105","targetHints":{"allow":["GET"]}}],"collection":[{"href":"https:\/\/www.europesays.com\/es\/wp-json\/wp\/v2\/posts"}],"about":[{"href":"https:\/\/www.europesays.com\/es\/wp-json\/wp\/v2\/types\/post"}],"author":[{"embeddable":true,"href":"https:\/\/www.europesays.com\/es\/wp-json\/wp\/v2\/users\/2"}],"replies":[{"embeddable":true,"href":"https:\/\/www.europesays.com\/es\/wp-json\/wp\/v2\/comments?post=162105"}],"version-history":[{"count":0,"href":"https:\/\/www.europesays.com\/es\/wp-json\/wp\/v2\/posts\/162105\/revisions"}],"wp:featuredmedia":[{"embeddable":true,"href":"https:\/\/www.europesays.com\/es\/wp-json\/wp\/v2\/media\/162106"}],"wp:attachment":[{"href":"https:\/\/www.europesays.com\/es\/wp-json\/wp\/v2\/media?parent=162105"}],"wp:term":[{"taxonomy":"category","embeddable":true,"href":"https:\/\/www.europesays.com\/es\/wp-json\/wp\/v2\/categories?post=162105"},{"taxonomy":"post_tag","embeddable":true,"href":"https:\/\/www.europesays.com\/es\/wp-json\/wp\/v2\/tags?post=162105"}],"curies":[{"name":"wp","href":"https:\/\/api.w.org\/{rel}","templated":true}]}}