{"id":162139,"date":"2025-10-08T05:18:16","date_gmt":"2025-10-08T05:18:16","guid":{"rendered":"https:\/\/www.europesays.com\/es\/162139\/"},"modified":"2025-10-08T05:18:16","modified_gmt":"2025-10-08T05:18:16","slug":"la-fotografia-de-naturaleza-tambien-puede-ser-denuncia-montphoto-premia-la-lucha-contra-el-trafico-ilegal-de-animales","status":"publish","type":"post","link":"https:\/\/www.europesays.com\/es\/162139\/","title":{"rendered":"La fotograf\u00eda de naturaleza tambi\u00e9n puede ser denuncia: MontPhoto premia la lucha contra el tr\u00e1fico ilegal de animales"},"content":{"rendered":"<p>La belleza de la naturaleza sigue siendo el eje del festival <a href=\"https:\/\/montphoto.com\/website\/index.asp\" rel=\"nofollow noopener\" target=\"_blank\">MontPhoto<\/a>, pero este a\u00f1o la imagen m\u00e1s reconocida no muestra un paisaje id\u00edlico, sino una denuncia. La fot\u00f3grafa brit\u00e1nica Amy Jones ha sido la ganadora del premio absoluto en la edici\u00f3n n\u00famero 29 del certamen gracias a Breeding Machine (maquina de reproducci\u00f3n), una potente fotograf\u00eda sobre la trata ilegal de animales.\u00a0<\/p>\n<p>La fotograf\u00eda realizada en un centro clandestino de cr\u00eda de especies ex\u00f3ticas expone la realidad de miles de animales atrapados en jaulas y convertidos en mercanc\u00edas. Jones capta con crudeza el hacinamiento y la falta de dignidad con que son tratados los ejemplares destinados al tr\u00e1fico ilegal, un negocio que mueve millones (se ha convertido en el cuarto negocio ilegal m\u00e1s grande del mundo) a costa de la biodiversidad.\u00a0<\/p>\n<p>\nPublicidad&#13;<br \/>\n  &#13;\n<\/p>\n<p><img fetchpriority=\"high\" decoding=\"async\" data-attachment-id=\"81947\" data-permalink=\"https:\/\/photolari.com\/la-fotografia-de-naturaleza-tambien-puede-ser-denuncia-montphoto-premia-la-lucha-contra-el-trafico-ilegal-de-animales\/amy-jones-2\/\" data-orig-file=\"https:\/\/www.europesays.com\/es\/wp-content\/uploads\/2025\/10\/amy-jones-1.jpg\" data-orig-size=\"1200,800\" data-comments-opened=\"1\" data-image-meta=\"{&quot;aperture&quot;:&quot;3.2&quot;,&quot;credit&quot;:&quot;&quot;,&quot;camera&quot;:&quot;NIKON Z 9&quot;,&quot;caption&quot;:&quot;An elderly Indochinese tiger (Panthera tigris corbetti) rests her fragile body against the concrete wall of her enclosure on a tiger farm in northern Thailand.\\rFor over 20 years, she was trapped inside this cage and used as a breeding machine, producing cubs for industries ranging from tiger tourism to the illegal trade in tiger skins, teeth, bones, claws, and meat.\\rTiger farms are rarely, if ever, accessible to photojournalists. But in December 2023, I joined veterinary teams and wildlife experts from Wildlife Friends Foundation Thailand (WFFT) and government officials on a groundbreaking mission to rescue some of the big cats - twelve tigers and three leopards - from the facility.\\rThis tiger, later named Salamas, was among those rescued. Despite her frail and emaciated condition, Salamas survived the 12-hour journey to WFFT\\u2019s 90-acre forested sanctuary. There, she roamed freely, feeling grass beneath her paws and the warmth of the sun on her fur for the first time in two decades. Tragically, nine months later, Salamas passed away. Years of forced breeding had left her reproductive organs irreparably damaged, and she succumbed to a terminal cancerous mass.\\rThe demand for tiger tourism experiences and products has led to an estimated 1,700 tigers being held in factory-style tiger farms across Thailand. Meanwhile, fewer than 223 tigers remain in the wild within the country.&quot;,&quot;created_timestamp&quot;:&quot;1702782921&quot;,&quot;copyright&quot;:&quot;&quot;,&quot;focal_length&quot;:&quot;40&quot;,&quot;iso&quot;:&quot;1400&quot;,&quot;shutter_speed&quot;:&quot;0.004&quot;,&quot;title&quot;:&quot;&quot;,&quot;orientation&quot;:&quot;1&quot;}\" data-image-title=\"\u00a9 Amy Jones\" data-image-description=\"\" data-image-caption=\"&lt;p&gt;\u00a9 Amy Jones&lt;\/p&gt;&#10;\" data-medium-file=\"https:\/\/photolari.com\/wp-content\/uploads\/2025\/10\/amy-jones-1-300x200.jpg\" data-large-file=\"https:\/\/photolari.com\/wp-content\/uploads\/2025\/10\/amy-jones-1-1030x687.jpg\" class=\"size-full wp-image-81947\" src=\"https:\/\/www.europesays.com\/es\/wp-content\/uploads\/2025\/10\/amy-jones-1.jpg\" alt=\"\u00a9 Amy Jones\" width=\"1200\" height=\"800\"  \/>\u00a9 Amy Jones<\/p>\n<p>Es la primera vez en la historia del concurso que el m\u00e1ximo galard\u00f3n recae en una fotograf\u00eda de denuncia ecol\u00f3gica, lo que refleja un cambio en la mirada del jurado hacia la fotograf\u00eda de naturaleza no solo como expresi\u00f3n art\u00edstica, sino tambi\u00e9n como herramienta de activismo ambiental. La fotograf\u00eda tambi\u00e9n fue la ganadora en la categor\u00eda \u00abDenuncia ecol\u00f3gica\u00bb.<\/p>\n<p>La gala, como cada a\u00f1o, tuvo lugar en el Teatro de Lloret de Mar, en el marco del festival, donde se dieron a conocer los ganadores y ganadoras seleccionados entre m\u00e1s de 13.000 im\u00e1genes recibidas de 20 nacionalidades diferentes.<\/p>\n<p>Estas son las fotograf\u00edas de cada una de las 11 categor\u00edas, colecciones y premios especiales, aunque en<a href=\"https:\/\/montphoto.com\/website\/galeria_arxiu.asp?any=25\" rel=\"nofollow noopener\" target=\"_blank\"> su web<\/a> pod\u00e9is ver todas las fotograf\u00edas premiadas y nominadas, tanto de este a\u00f1o como de ediciones anteriores.\u00a0<\/p>\n<p><strong>Actividad de monta\u00f1a<\/strong><br \/>\n<img loading=\"lazy\" decoding=\"async\" data-attachment-id=\"81953\" data-permalink=\"https:\/\/photolari.com\/la-fotografia-de-naturaleza-tambien-puede-ser-denuncia-montphoto-premia-la-lucha-contra-el-trafico-ilegal-de-animales\/kasia-biernacka\/\" data-orig-file=\"https:\/\/www.europesays.com\/es\/wp-content\/uploads\/2025\/10\/kasia-biernacka.jpg\" data-orig-size=\"1200,800\" data-comments-opened=\"1\" data-image-meta=\"{&quot;aperture&quot;:&quot;4.5&quot;,&quot;credit&quot;:&quot;Kasia Biernacka&quot;,&quot;camera&quot;:&quot;Canon EOS 5D Mark IV&quot;,&quot;caption&quot;:&quot;&quot;,&quot;created_timestamp&quot;:&quot;1566305389&quot;,&quot;copyright&quot;:&quot;Kasia Biernacka&quot;,&quot;focal_length&quot;:&quot;14&quot;,&quot;iso&quot;:&quot;4000&quot;,&quot;shutter_speed&quot;:&quot;1&quot;,&quot;title&quot;:&quot;&quot;,&quot;orientation&quot;:&quot;1&quot;}\" data-image-title=\"\u00a9 Kasia Biernacka\" data-image-description=\"\" data-image-caption=\"&lt;p&gt;\u00a9 Kasia Biernacka&lt;\/p&gt;&#10;\" data-medium-file=\"https:\/\/photolari.com\/wp-content\/uploads\/2025\/10\/kasia-biernacka-300x200.jpg\" data-large-file=\"https:\/\/photolari.com\/wp-content\/uploads\/2025\/10\/kasia-biernacka-1030x687.jpg\" class=\"size-full wp-image-81953\" src=\"https:\/\/www.europesays.com\/es\/wp-content\/uploads\/2025\/10\/kasia-biernacka.jpg\" alt=\"\u00a9 Kasia Biernacka\" width=\"1200\" height=\"800\"  \/>\u00a9 Kasia Biernacka<br \/>\n<strong>Mam\u00edferos<\/strong><br \/>\n<img loading=\"lazy\" decoding=\"async\" data-attachment-id=\"81951\" data-permalink=\"https:\/\/photolari.com\/la-fotografia-de-naturaleza-tambien-puede-ser-denuncia-montphoto-premia-la-lucha-contra-el-trafico-ilegal-de-animales\/jing-shi\/\" data-orig-file=\"https:\/\/www.europesays.com\/es\/wp-content\/uploads\/2025\/10\/jing-shi.jpg\" data-orig-size=\"1200,800\" data-comments-opened=\"1\" data-image-meta=\"{&quot;aperture&quot;:&quot;0&quot;,&quot;credit&quot;:&quot;&quot;,&quot;camera&quot;:&quot;&quot;,&quot;caption&quot;:&quot;&quot;,&quot;created_timestamp&quot;:&quot;0&quot;,&quot;copyright&quot;:&quot;&quot;,&quot;focal_length&quot;:&quot;0&quot;,&quot;iso&quot;:&quot;0&quot;,&quot;shutter_speed&quot;:&quot;0&quot;,&quot;title&quot;:&quot;&quot;,&quot;orientation&quot;:&quot;1&quot;}\" data-image-title=\"\u00a9 Jing Shi\" data-image-description=\"\" data-image-caption=\"&lt;p&gt;\u00a9 Jing Shi&lt;\/p&gt;&#10;\" data-medium-file=\"https:\/\/photolari.com\/wp-content\/uploads\/2025\/10\/jing-shi-300x200.jpg\" data-large-file=\"https:\/\/photolari.com\/wp-content\/uploads\/2025\/10\/jing-shi-1030x687.jpg\" class=\"size-full wp-image-81951\" src=\"https:\/\/www.europesays.com\/es\/wp-content\/uploads\/2025\/10\/jing-shi.jpg\" alt=\"\u00a9 Jing Shi\" width=\"1200\" height=\"800\"  \/>\u00a9 Jing Shi<br \/>\n<strong>Aves<\/strong><br \/>\n<img loading=\"lazy\" decoding=\"async\" data-attachment-id=\"81968\" data-permalink=\"https:\/\/photolari.com\/la-fotografia-de-naturaleza-tambien-puede-ser-denuncia-montphoto-premia-la-lucha-contra-el-trafico-ilegal-de-animales\/flock-of-gold\/\" data-orig-file=\"https:\/\/www.europesays.com\/es\/wp-content\/uploads\/2025\/10\/alex-pansier.jpeg\" data-orig-size=\"1920,1280\" data-comments-opened=\"1\" data-image-meta=\"{&quot;aperture&quot;:&quot;13&quot;,&quot;credit&quot;:&quot;Alex Pansier&quot;,&quot;camera&quot;:&quot;ILCE-1&quot;,&quot;caption&quot;:&quot;At sunrise in September 2024, tens of thousands of Red Knots (Calidris canutus) huddled together at Snettisham, Norfolk, England. This dense formation, bathed in golden light, is a survival strategy during high tide, offering protection from predators and conserving energy. One bird momentarily broke from the group, its wings catching the light in a fleeting moment of individuality. No baiting or attraction was used; this image reflects their natural behavior. Red Knots are long-distance migrants, traveling up to 15,000 km annually, relying on vital habitats like these for roosting and feeding during their journey.&quot;,&quot;created_timestamp&quot;:&quot;1726902372&quot;,&quot;copyright&quot;:&quot;Alex Pansier&quot;,&quot;focal_length&quot;:&quot;800&quot;,&quot;iso&quot;:&quot;500&quot;,&quot;shutter_speed&quot;:&quot;0.001&quot;,&quot;title&quot;:&quot;Flock of Gold&quot;,&quot;orientation&quot;:&quot;0&quot;}\" data-image-title=\"Flock of Gold\" data-image-description=\"\" data-image-caption=\"&lt;p&gt;At sunrise in September 2024, tens of thousands of Red Knots (Calidris canutus) huddled together at Snettisham, Norfolk, England. This dense formation, bathed in golden light, is a survival strategy during high tide, offering protection from predators and conserving energy. One bird momentarily broke from the group, its wings catching the light in a fleeting moment of individuality. No baiting or attraction was used; this image reflects their natural behavior. Red Knots are long-distance migrants, traveling up to 15,000 km annually, relying on vital habitats like these for roosting and feeding during their journey.&lt;\/p&gt;&#10;\" data-medium-file=\"https:\/\/photolari.com\/wp-content\/uploads\/2025\/10\/alex-pansier-300x200.jpeg\" data-large-file=\"https:\/\/photolari.com\/wp-content\/uploads\/2025\/10\/alex-pansier-1030x687.jpeg\" class=\"wp-image-81968 size-full\" src=\"https:\/\/www.europesays.com\/es\/wp-content\/uploads\/2025\/10\/alex-pansier.jpeg\" alt=\"Flock of Gold\" width=\"1920\" height=\"1280\"  \/>\u00a9 Alex Pansier<br \/>\n<strong>Otros animales<\/strong><br \/>\n<img loading=\"lazy\" decoding=\"async\" data-attachment-id=\"81950\" data-permalink=\"https:\/\/photolari.com\/la-fotografia-de-naturaleza-tambien-puede-ser-denuncia-montphoto-premia-la-lucha-contra-el-trafico-ilegal-de-animales\/ivo-niermann\/\" data-orig-file=\"https:\/\/www.europesays.com\/es\/wp-content\/uploads\/2025\/10\/ivo-niermann.jpg\" data-orig-size=\"1200,801\" data-comments-opened=\"1\" data-image-meta=\"{&quot;aperture&quot;:&quot;5&quot;,&quot;credit&quot;:&quot;ivo niermann&quot;,&quot;camera&quot;:&quot;Canon EOS R5&quot;,&quot;caption&quot;:&quot;&quot;,&quot;created_timestamp&quot;:&quot;1724191652&quot;,&quot;copyright&quot;:&quot;ivo niermann&quot;,&quot;focal_length&quot;:&quot;180&quot;,&quot;iso&quot;:&quot;1000&quot;,&quot;shutter_speed&quot;:&quot;0.008&quot;,&quot;title&quot;:&quot;&quot;,&quot;orientation&quot;:&quot;1&quot;}\" data-image-title=\"\u00a9 Ivo Niermann\" data-image-description=\"\" data-image-caption=\"&lt;p&gt;\u00a9 Ivo Niermann&lt;\/p&gt;&#10;\" data-medium-file=\"https:\/\/photolari.com\/wp-content\/uploads\/2025\/10\/ivo-niermann-300x200.jpg\" data-large-file=\"https:\/\/photolari.com\/wp-content\/uploads\/2025\/10\/ivo-niermann-1030x688.jpg\" class=\"size-full wp-image-81950\" src=\"https:\/\/www.europesays.com\/es\/wp-content\/uploads\/2025\/10\/ivo-niermann.jpg\" alt=\"\u00a9 Ivo Niermann\" width=\"1200\" height=\"801\"  \/>\u00a9 Ivo Niermann<br \/>\n<strong>Paisaje<\/strong><br \/>\n<img loading=\"lazy\" decoding=\"async\" data-attachment-id=\"81948\" data-permalink=\"https:\/\/photolari.com\/la-fotografia-de-naturaleza-tambien-puede-ser-denuncia-montphoto-premia-la-lucha-contra-el-trafico-ilegal-de-animales\/francisco-fernandez-garcia\/\" data-orig-file=\"https:\/\/www.europesays.com\/es\/wp-content\/uploads\/2025\/10\/francisco-fernandez-garcia.jpg\" data-orig-size=\"1200,800\" data-comments-opened=\"1\" data-image-meta=\"{&quot;aperture&quot;:&quot;0&quot;,&quot;credit&quot;:&quot;&quot;,&quot;camera&quot;:&quot;&quot;,&quot;caption&quot;:&quot;&quot;,&quot;created_timestamp&quot;:&quot;0&quot;,&quot;copyright&quot;:&quot;\\u00a9Paco Fern\\u00e1ndez&quot;,&quot;focal_length&quot;:&quot;0&quot;,&quot;iso&quot;:&quot;0&quot;,&quot;shutter_speed&quot;:&quot;0&quot;,&quot;title&quot;:&quot;&quot;,&quot;orientation&quot;:&quot;1&quot;}\" data-image-title=\"\u00a9 Francisco Fern\u00e1ndez Garc\u00eda\" data-image-description=\"\" data-image-caption=\"&lt;p&gt;\u00a9 Francisco Fern\u00e1ndez Garc\u00eda&lt;\/p&gt;&#10;\" data-medium-file=\"https:\/\/photolari.com\/wp-content\/uploads\/2025\/10\/francisco-fernandez-garcia-300x200.jpg\" data-large-file=\"https:\/\/photolari.com\/wp-content\/uploads\/2025\/10\/francisco-fernandez-garcia-1030x687.jpg\" class=\"size-full wp-image-81948\" src=\"https:\/\/www.europesays.com\/es\/wp-content\/uploads\/2025\/10\/francisco-fernandez-garcia.jpg\" alt=\"\u00a9 Francisco Fern\u00e1ndez Garc\u00eda\" width=\"1200\" height=\"800\"  \/>\u00a9 Francisco Fern\u00e1ndez Garc\u00eda<br \/>\n<strong>Mundo vegetal<\/strong><br \/>\n<img loading=\"lazy\" decoding=\"async\" data-attachment-id=\"81955\" data-permalink=\"https:\/\/photolari.com\/la-fotografia-de-naturaleza-tambien-puede-ser-denuncia-montphoto-premia-la-lucha-contra-el-trafico-ilegal-de-animales\/norbert-kaszas\/\" data-orig-file=\"https:\/\/www.europesays.com\/es\/wp-content\/uploads\/2025\/10\/norbert-kaszas.jpg\" data-orig-size=\"1200,800\" data-comments-opened=\"1\" data-image-meta=\"{&quot;aperture&quot;:&quot;13&quot;,&quot;credit&quot;:&quot;&quot;,&quot;camera&quot;:&quot;Canon EOS 90D&quot;,&quot;caption&quot;:&quot;&quot;,&quot;created_timestamp&quot;:&quot;1705171602&quot;,&quot;copyright&quot;:&quot;&quot;,&quot;focal_length&quot;:&quot;100&quot;,&quot;iso&quot;:&quot;400&quot;,&quot;shutter_speed&quot;:&quot;0.04&quot;,&quot;title&quot;:&quot;&quot;,&quot;orientation&quot;:&quot;1&quot;}\" data-image-title=\"\u00a9 Norbert Kasz\u00e1s\" data-image-description=\"\" data-image-caption=\"&lt;p&gt;\u00a9 Norbert Kasz\u00e1s&lt;\/p&gt;&#10;\" data-medium-file=\"https:\/\/photolari.com\/wp-content\/uploads\/2025\/10\/norbert-kaszas-300x200.jpg\" data-large-file=\"https:\/\/photolari.com\/wp-content\/uploads\/2025\/10\/norbert-kaszas-1030x687.jpg\" class=\"size-full wp-image-81955\" src=\"https:\/\/www.europesays.com\/es\/wp-content\/uploads\/2025\/10\/norbert-kaszas.jpg\" alt=\"\u00a9 Norbert Kasz\u00e1s\" width=\"1200\" height=\"800\"  \/>\u00a9 Norbert Kasz\u00e1s<br \/>\n<strong>Mundo subacu\u00e1tico<\/strong><br \/>\n<img loading=\"lazy\" decoding=\"async\" data-attachment-id=\"81949\" data-permalink=\"https:\/\/photolari.com\/la-fotografia-de-naturaleza-tambien-puede-ser-denuncia-montphoto-premia-la-lucha-contra-el-trafico-ilegal-de-animales\/gael-modrak\/\" data-orig-file=\"https:\/\/www.europesays.com\/es\/wp-content\/uploads\/2025\/10\/gael-modrak.jpg\" data-orig-size=\"1200,797\" data-comments-opened=\"1\" data-image-meta=\"{&quot;aperture&quot;:&quot;18&quot;,&quot;credit&quot;:&quot;Gael MODRAK&quot;,&quot;camera&quot;:&quot;NIKON D300S&quot;,&quot;caption&quot;:&quot;&quot;,&quot;created_timestamp&quot;:&quot;1594644467&quot;,&quot;copyright&quot;:&quot;Gael MODRAK&quot;,&quot;focal_length&quot;:&quot;10.5&quot;,&quot;iso&quot;:&quot;640&quot;,&quot;shutter_speed&quot;:&quot;0.0125&quot;,&quot;title&quot;:&quot;&quot;,&quot;orientation&quot;:&quot;1&quot;}\" data-image-title=\"\u00a9 Ga\u00ebl Modrak\" data-image-description=\"\" data-image-caption=\"&lt;p&gt;\u00a9 Ga\u00ebl Modrak&lt;\/p&gt;&#10;\" data-medium-file=\"https:\/\/photolari.com\/wp-content\/uploads\/2025\/10\/gael-modrak-300x199.jpg\" data-large-file=\"https:\/\/photolari.com\/wp-content\/uploads\/2025\/10\/gael-modrak-1030x684.jpg\" class=\"size-full wp-image-81949\" src=\"https:\/\/www.europesays.com\/es\/wp-content\/uploads\/2025\/10\/gael-modrak.jpg\" alt=\"\u00a9 Ga\u00ebl Modrak\" width=\"1200\" height=\"797\"  \/>\u00a9 Ga\u00ebl Modrak<br \/>\n<strong>Arte en la naturaleza<\/strong><br \/>\n<img loading=\"lazy\" decoding=\"async\" data-attachment-id=\"81945\" data-permalink=\"https:\/\/photolari.com\/la-fotografia-de-naturaleza-tambien-puede-ser-denuncia-montphoto-premia-la-lucha-contra-el-trafico-ilegal-de-animales\/love-poem\/\" data-orig-file=\"https:\/\/www.europesays.com\/es\/wp-content\/uploads\/2025\/10\/alex-pansier-1.jpg\" data-orig-size=\"1200,1800\" data-comments-opened=\"1\" data-image-meta=\"{&quot;aperture&quot;:&quot;11&quot;,&quot;credit&quot;:&quot;&quot;,&quot;camera&quot;:&quot;ILCE-1&quot;,&quot;caption&quot;:&quot;A single, heart-shaped leaf drifts on an autumn stream in Den Bosch, its gentle flow creating rhythmic reflections beneath a bridge. The scene evokes a love poem in nature, with each ripple as a line, and the leaf a symbol of fleeting beauty&quot;,&quot;created_timestamp&quot;:&quot;1728733177&quot;,&quot;copyright&quot;:&quot;\\u00a9 Alex Pansier&quot;,&quot;focal_length&quot;:&quot;123&quot;,&quot;iso&quot;:&quot;1250&quot;,&quot;shutter_speed&quot;:&quot;0.0015625&quot;,&quot;title&quot;:&quot;Love poem&quot;,&quot;orientation&quot;:&quot;1&quot;}\" data-image-title=\"Love poem\" data-image-description=\"\" data-image-caption=\"&lt;p&gt;\u00a9 Alex Pansier&lt;\/p&gt;&#10;\" data-medium-file=\"https:\/\/photolari.com\/wp-content\/uploads\/2025\/10\/alex-pansier-1-200x300.jpg\" data-large-file=\"https:\/\/photolari.com\/wp-content\/uploads\/2025\/10\/alex-pansier-1-687x1030.jpg\" class=\"size-full wp-image-81945\" src=\"https:\/\/www.europesays.com\/es\/wp-content\/uploads\/2025\/10\/alex-pansier-1.jpg\" alt=\"Love poem\" width=\"1200\" height=\"1800\"  \/>\u00a9 Alex Pansier<br \/>\n<strong>Premios especiales<\/strong><br \/>\n<img loading=\"lazy\" decoding=\"async\" data-attachment-id=\"81954\" data-permalink=\"https:\/\/photolari.com\/la-fotografia-de-naturaleza-tambien-puede-ser-denuncia-montphoto-premia-la-lucha-contra-el-trafico-ilegal-de-animales\/lluis-perez-manosas\/\" data-orig-file=\"https:\/\/www.europesays.com\/es\/wp-content\/uploads\/2025\/10\/lluis-perez-manosas.jpg\" data-orig-size=\"1200,960\" data-comments-opened=\"1\" data-image-meta=\"{&quot;aperture&quot;:&quot;6.3&quot;,&quot;credit&quot;:&quot;Llu\\u00eds P\\u00e9rez Photography&quot;,&quot;camera&quot;:&quot;OM-1MarkII&quot;,&quot;caption&quot;:&quot;&quot;,&quot;created_timestamp&quot;:&quot;1735893565&quot;,&quot;copyright&quot;:&quot;Llu\\u00eds P\\u00e9rez Photography&quot;,&quot;focal_length&quot;:&quot;269&quot;,&quot;iso&quot;:&quot;1000&quot;,&quot;shutter_speed&quot;:&quot;0.000625&quot;,&quot;title&quot;:&quot;&quot;,&quot;orientation&quot;:&quot;1&quot;}\" data-image-title=\"\u00a9 Llu\u00eds P\u00e9rez Ma\u00f1osas\" data-image-description=\"\" data-image-caption=\"&lt;p&gt;\u00a9 Llu\u00eds P\u00e9rez Ma\u00f1osas&lt;\/p&gt;&#10;\" data-medium-file=\"https:\/\/photolari.com\/wp-content\/uploads\/2025\/10\/lluis-perez-manosas-300x240.jpg\" data-large-file=\"https:\/\/photolari.com\/wp-content\/uploads\/2025\/10\/lluis-perez-manosas-1030x824.jpg\" class=\"size-full wp-image-81954\" src=\"https:\/\/www.europesays.com\/es\/wp-content\/uploads\/2025\/10\/lluis-perez-manosas.jpg\" alt=\"\u00a9 Llu\u00eds P\u00e9rez Ma\u00f1osas\" width=\"1200\" height=\"960\"  \/>\u00a9 Llu\u00eds P\u00e9rez Ma\u00f1osas \u2013 P. Lloret<br \/>\n<img loading=\"lazy\" decoding=\"async\" data-attachment-id=\"81965\" data-permalink=\"https:\/\/photolari.com\/la-fotografia-de-naturaleza-tambien-puede-ser-denuncia-montphoto-premia-la-lucha-contra-el-trafico-ilegal-de-animales\/default-5\/\" data-orig-file=\"https:\/\/www.europesays.com\/es\/wp-content\/uploads\/2025\/10\/yhabril-moro-2.jpg\" data-orig-size=\"1200,800\" data-comments-opened=\"1\" data-image-meta=\"{&quot;aperture&quot;:&quot;1.8&quot;,&quot;credit&quot;:&quot;&quot;,&quot;camera&quot;:&quot;FC9113&quot;,&quot;caption&quot;:&quot;default&quot;,&quot;created_timestamp&quot;:&quot;1738173323&quot;,&quot;copyright&quot;:&quot;&quot;,&quot;focal_length&quot;:&quot;8.6700000762939&quot;,&quot;iso&quot;:&quot;1600&quot;,&quot;shutter_speed&quot;:&quot;0.003125&quot;,&quot;title&quot;:&quot;default&quot;,&quot;orientation&quot;:&quot;1&quot;}\" data-image-title=\"default\" data-image-description=\"\" data-image-caption=\"&lt;p&gt;\u00a9 Yhabril Moro \u2013 P. Comunidad M.&lt;\/p&gt;&#10;\" data-medium-file=\"https:\/\/photolari.com\/wp-content\/uploads\/2025\/10\/yhabril-moro-2-300x200.jpg\" data-large-file=\"https:\/\/photolari.com\/wp-content\/uploads\/2025\/10\/yhabril-moro-2-1030x687.jpg\" class=\"size-full wp-image-81965\" src=\"https:\/\/www.europesays.com\/es\/wp-content\/uploads\/2025\/10\/yhabril-moro-2.jpg\" alt=\"default\" width=\"1200\" height=\"800\"  \/>\u00a9 Yhabril Moro \u2013 P. Comunidad M.<br \/>\n<img loading=\"lazy\" decoding=\"async\" data-attachment-id=\"81962\" data-permalink=\"https:\/\/photolari.com\/la-fotografia-de-naturaleza-tambien-puede-ser-denuncia-montphoto-premia-la-lucha-contra-el-trafico-ilegal-de-animales\/xavi-hita-canela\/\" data-orig-file=\"https:\/\/www.europesays.com\/es\/wp-content\/uploads\/2025\/10\/xavi-hita-canela.jpeg\" data-orig-size=\"1200,800\" data-comments-opened=\"1\" data-image-meta=\"{&quot;aperture&quot;:&quot;0&quot;,&quot;credit&quot;:&quot;&quot;,&quot;camera&quot;:&quot;&quot;,&quot;caption&quot;:&quot;&quot;,&quot;created_timestamp&quot;:&quot;0&quot;,&quot;copyright&quot;:&quot;www.xavierhita.com&quot;,&quot;focal_length&quot;:&quot;0&quot;,&quot;iso&quot;:&quot;0&quot;,&quot;shutter_speed&quot;:&quot;0&quot;,&quot;title&quot;:&quot;&quot;,&quot;orientation&quot;:&quot;1&quot;}\" data-image-title=\"\u00a9 Xavi Hita Canela\" data-image-description=\"\" data-image-caption=\"&lt;p&gt;\u00a9 Xavi Hita Canela \u2013 P. Catalunya&lt;\/p&gt;&#10;\" data-medium-file=\"https:\/\/photolari.com\/wp-content\/uploads\/2025\/10\/xavi-hita-canela-300x200.jpeg\" data-large-file=\"https:\/\/photolari.com\/wp-content\/uploads\/2025\/10\/xavi-hita-canela-1030x687.jpeg\" class=\"size-full wp-image-81962\" src=\"https:\/\/www.europesays.com\/es\/wp-content\/uploads\/2025\/10\/xavi-hita-canela.jpeg\" alt=\"\u00a9 Xavi Hita Canela\" width=\"1200\" height=\"800\"  \/>\u00a9 Xavi Hita Canela \u2013 P. Catalunya<br \/>\n<strong>Participaci\u00f3n Joven<\/strong><br \/>\n<img loading=\"lazy\" decoding=\"async\" data-attachment-id=\"81952\" data-permalink=\"https:\/\/photolari.com\/la-fotografia-de-naturaleza-tambien-puede-ser-denuncia-montphoto-premia-la-lucha-contra-el-trafico-ilegal-de-animales\/joshua-galsterer\/\" data-orig-file=\"https:\/\/www.europesays.com\/es\/wp-content\/uploads\/2025\/10\/joshua-galsterer.jpg\" data-orig-size=\"1200,800\" data-comments-opened=\"1\" data-image-meta=\"{&quot;aperture&quot;:&quot;0&quot;,&quot;credit&quot;:&quot;&quot;,&quot;camera&quot;:&quot;&quot;,&quot;caption&quot;:&quot;&quot;,&quot;created_timestamp&quot;:&quot;1730222273&quot;,&quot;copyright&quot;:&quot;&quot;,&quot;focal_length&quot;:&quot;0&quot;,&quot;iso&quot;:&quot;0&quot;,&quot;shutter_speed&quot;:&quot;0&quot;,&quot;title&quot;:&quot;&quot;,&quot;orientation&quot;:&quot;1&quot;}\" data-image-title=\"\u00a9 Joshua Galsterer\" data-image-description=\"\" data-image-caption=\"&lt;p&gt;\u00a9 Joshua Galsterer&lt;\/p&gt;&#10;\" data-medium-file=\"https:\/\/photolari.com\/wp-content\/uploads\/2025\/10\/joshua-galsterer-300x200.jpg\" data-large-file=\"https:\/\/photolari.com\/wp-content\/uploads\/2025\/10\/joshua-galsterer-1030x687.jpg\" class=\"size-full wp-image-81952\" src=\"https:\/\/www.europesays.com\/es\/wp-content\/uploads\/2025\/10\/joshua-galsterer.jpg\" alt=\"\u00a9 Joshua Galsterer\" width=\"1200\" height=\"800\"  \/>\u00a9 Joshua Galsterer<br \/>\n<strong>Premios sociales<\/strong><br \/>\n<img loading=\"lazy\" decoding=\"async\" data-attachment-id=\"81956\" data-permalink=\"https:\/\/photolari.com\/la-fotografia-de-naturaleza-tambien-puede-ser-denuncia-montphoto-premia-la-lucha-contra-el-trafico-ilegal-de-animales\/default-3\/\" data-orig-file=\"https:\/\/www.europesays.com\/es\/wp-content\/uploads\/2025\/10\/yhabril-moro.jpg\" data-orig-size=\"1200,900\" data-comments-opened=\"1\" data-image-meta=\"{&quot;aperture&quot;:&quot;1.8&quot;,&quot;credit&quot;:&quot;&quot;,&quot;camera&quot;:&quot;FC9113&quot;,&quot;caption&quot;:&quot;default&quot;,&quot;created_timestamp&quot;:&quot;1738341228&quot;,&quot;copyright&quot;:&quot;&quot;,&quot;focal_length&quot;:&quot;8.6700000762939&quot;,&quot;iso&quot;:&quot;100&quot;,&quot;shutter_speed&quot;:&quot;0.000125&quot;,&quot;title&quot;:&quot;default&quot;,&quot;orientation&quot;:&quot;1&quot;}\" data-image-title=\"default\" data-image-description=\"\" data-image-caption=\"&lt;p&gt;\u00a9 Yhabril Moro&lt;\/p&gt;&#10;\" data-medium-file=\"https:\/\/photolari.com\/wp-content\/uploads\/2025\/10\/yhabril-moro-300x225.jpg\" data-large-file=\"https:\/\/photolari.com\/wp-content\/uploads\/2025\/10\/yhabril-moro-1030x773.jpg\" class=\"size-full wp-image-81956\" src=\"https:\/\/www.europesays.com\/es\/wp-content\/uploads\/2025\/10\/yhabril-moro.jpg\" alt=\"default\" width=\"1200\" height=\"900\"  \/>\u00a9 Yhabril Moro<br \/>\n<strong>Porfolio naturaleza<\/strong><br \/>\n<img loading=\"lazy\" decoding=\"async\" data-attachment-id=\"81961\" data-permalink=\"https:\/\/photolari.com\/la-fotografia-de-naturaleza-tambien-puede-ser-denuncia-montphoto-premia-la-lucha-contra-el-trafico-ilegal-de-animales\/rob-blanken-2\/\" data-orig-file=\"https:\/\/www.europesays.com\/es\/wp-content\/uploads\/2025\/10\/rob-blanken.jpg\" data-orig-size=\"1920,1280\" data-comments-opened=\"1\" data-image-meta=\"{&quot;aperture&quot;:&quot;20&quot;,&quot;credit&quot;:&quot;Rob Blanken&quot;,&quot;camera&quot;:&quot;NIKON D850&quot;,&quot;caption&quot;:&quot;&quot;,&quot;created_timestamp&quot;:&quot;1584454707&quot;,&quot;copyright&quot;:&quot;Rob Blanken&quot;,&quot;focal_length&quot;:&quot;105&quot;,&quot;iso&quot;:&quot;320&quot;,&quot;shutter_speed&quot;:&quot;0.004&quot;,&quot;title&quot;:&quot;&quot;,&quot;orientation&quot;:&quot;1&quot;}\" data-image-title=\"\u00a9 Rob Blanken\" data-image-description=\"\" data-image-caption=\"&lt;p&gt;\u00a9 Rob Blanken&lt;\/p&gt;&#10;\" data-medium-file=\"https:\/\/photolari.com\/wp-content\/uploads\/2025\/10\/rob-blanken-300x200.jpg\" data-large-file=\"https:\/\/photolari.com\/wp-content\/uploads\/2025\/10\/rob-blanken-1030x687.jpg\" class=\"size-full wp-image-81961\" src=\"https:\/\/www.europesays.com\/es\/wp-content\/uploads\/2025\/10\/rob-blanken.jpg\" alt=\"\u00a9 Rob Blanken\" width=\"1920\" height=\"1280\"  \/>\u00a9 Rob Blanken<br \/>\n<strong>Storytelling<\/strong><br \/>\n<img loading=\"lazy\" decoding=\"async\" data-attachment-id=\"81971\" data-permalink=\"https:\/\/photolari.com\/la-fotografia-de-naturaleza-tambien-puede-ser-denuncia-montphoto-premia-la-lucha-contra-el-trafico-ilegal-de-animales\/javier-aznar\/\" data-orig-file=\"https:\/\/www.europesays.com\/es\/wp-content\/uploads\/2025\/10\/javier-aznar.jpg\" data-orig-size=\"1920,1280\" data-comments-opened=\"1\" data-image-meta=\"{&quot;aperture&quot;:&quot;14&quot;,&quot;credit&quot;:&quot;javier aznar&quot;,&quot;camera&quot;:&quot;ILCE-7RM4&quot;,&quot;caption&quot;:&quot;To raise their body temperature so they can hunt and digest, rattlesnakes often bask on warm pavement when the air cools. This Northern Black-tailed Rattlesnake (Crotalus molossus) was relocated to the roadside by a citizen concerned that it would be hit by a car. It was at that moment I took this photo. We continued on our way, hoping not to see any snakes dead on the road, which is one of the most common threats to these animals. Rattlesnakes play a vital role in ecosystems by controlling rodent populations, helping maintain balance in nature. Their venom also holds promise in medical research. Despite their feared reputation, these fascinating creatures are essential to biodiversity.\\rMarch 29, 2021&quot;,&quot;created_timestamp&quot;:&quot;1616980973&quot;,&quot;copyright&quot;:&quot;javier aznar&quot;,&quot;focal_length&quot;:&quot;20&quot;,&quot;iso&quot;:&quot;500&quot;,&quot;shutter_speed&quot;:&quot;54&quot;,&quot;title&quot;:&quot;&quot;,&quot;orientation&quot;:&quot;0&quot;}\" data-image-title=\"\u00a9 Javier Aznar\" data-image-description=\"\" data-image-caption=\"&lt;p&gt;\u00a9 Javier Aznar&lt;\/p&gt;&#10;\" data-medium-file=\"https:\/\/photolari.com\/wp-content\/uploads\/2025\/10\/javier-aznar-300x200.jpg\" data-large-file=\"https:\/\/photolari.com\/wp-content\/uploads\/2025\/10\/javier-aznar-1030x687.jpg\" class=\"size-full wp-image-81971\" src=\"https:\/\/www.europesays.com\/es\/wp-content\/uploads\/2025\/10\/javier-aznar.jpg\" alt=\"\u00a9 Javier Aznar\" width=\"1920\" height=\"1280\"  \/>\u00a9 Javier Aznar<\/p>\n<p>\n\tRelacionado<\/p>\n","protected":false},"excerpt":{"rendered":"La belleza de la naturaleza sigue siendo el eje del festival MontPhoto, pero este a\u00f1o la imagen m\u00e1s&hellip;\n","protected":false},"author":2,"featured_media":162140,"comment_status":"","ping_status":"","sticky":false,"template":"","format":"standard","meta":{"footnotes":""},"categories":[173],"tags":[229,233,231,230,48059,232,234,146,147,25,24,23],"class_list":{"0":"post-162139","1":"post","2":"type-post","3":"status-publish","4":"format-standard","5":"has-post-thumbnail","7":"category-arte-y-diseno","8":"tag-arte","9":"tag-arte-y-diseno","10":"tag-arts","11":"tag-arts-and-design","12":"tag-concurso-fotografia","13":"tag-design","14":"tag-diseno","15":"tag-entertainment","16":"tag-entretenimiento","17":"tag-es","18":"tag-espana","19":"tag-spain"},"share_on_mastodon":{"url":"","error":""},"_links":{"self":[{"href":"https:\/\/www.europesays.com\/es\/wp-json\/wp\/v2\/posts\/162139","targetHints":{"allow":["GET"]}}],"collection":[{"href":"https:\/\/www.europesays.com\/es\/wp-json\/wp\/v2\/posts"}],"about":[{"href":"https:\/\/www.europesays.com\/es\/wp-json\/wp\/v2\/types\/post"}],"author":[{"embeddable":true,"href":"https:\/\/www.europesays.com\/es\/wp-json\/wp\/v2\/users\/2"}],"replies":[{"embeddable":true,"href":"https:\/\/www.europesays.com\/es\/wp-json\/wp\/v2\/comments?post=162139"}],"version-history":[{"count":0,"href":"https:\/\/www.europesays.com\/es\/wp-json\/wp\/v2\/posts\/162139\/revisions"}],"wp:featuredmedia":[{"embeddable":true,"href":"https:\/\/www.europesays.com\/es\/wp-json\/wp\/v2\/media\/162140"}],"wp:attachment":[{"href":"https:\/\/www.europesays.com\/es\/wp-json\/wp\/v2\/media?parent=162139"}],"wp:term":[{"taxonomy":"category","embeddable":true,"href":"https:\/\/www.europesays.com\/es\/wp-json\/wp\/v2\/categories?post=162139"},{"taxonomy":"post_tag","embeddable":true,"href":"https:\/\/www.europesays.com\/es\/wp-json\/wp\/v2\/tags?post=162139"}],"curies":[{"name":"wp","href":"https:\/\/api.w.org\/{rel}","templated":true}]}}