{"id":162158,"date":"2025-10-08T05:31:09","date_gmt":"2025-10-08T05:31:09","guid":{"rendered":"https:\/\/www.europesays.com\/es\/162158\/"},"modified":"2025-10-08T05:31:09","modified_gmt":"2025-10-08T05:31:09","slug":"goles-zamoranos-en-la-olen-superliga-kobiet-para-hacer-lider-al-mks-lublin","status":"publish","type":"post","link":"https:\/\/www.europesays.com\/es\/162158\/","title":{"rendered":"goles zamoranos en la Olen Superliga Kobiet para hacer l\u00edder al MKS Lublin"},"content":{"rendered":"<p class=\"ft-text\">Han pasado cinco jornadas desde que arranc\u00f3 la <strong>Orlen Superliga Kobiet<\/strong>, la liga polaca de balonmano femenino, y <a class=\"ft-link ft-link--decoration\" href=\"https:\/\/www.laopiniondezamora.es\/tags\/maria-o-mullony\/\" target=\"_blank\" rel=\"nofollow noopener\"><strong>Mar\u00eda Prieto O\u2019Mullony<\/strong><\/a> es ya todo un referente en la competici\u00f3n. <strong>La zamorana ha arrancado la temporada exhibiendo todo su potencial<\/strong>, demostrando as\u00ed que es toda una estrella. O como se dir\u00eda en polaco, <strong>\u00abO\u2019Mullony to prawdziwa gwiazda\u00bb. <\/strong><\/p>\n<p class=\"ft-text\">Omu emprendi\u00f3 en verano su viaje hasta Polonia tras sellar su<strong> fichaje por el MKS Lublin<\/strong>, conjunto que le ofrec\u00eda afrontar una nueva experiencia en su ya dilatada carrera. Una aventura diferente a las anteriores, la primera lejos de Espa\u00f1a.<\/p>\n<p class=\"ft-text\">La canterana del<strong> <\/strong><a class=\"ft-link ft-link--decoration\" href=\"https:\/\/www.laopiniondezamora.es\/deportes\/balonmano-zamora\/\" rel=\"nofollow noopener\" target=\"_blank\"><strong>Balonmano Zamora<\/strong><\/a> comenz\u00f3 a destacar muy pronto a nivel nacional. Sus \u00e9xitos con la escuadra pistacho y la <strong>selecci\u00f3n de Castilla y Le\u00f3n<\/strong> no pasaron desapercibidos para <strong>CLEBA Le\u00f3n y Aula Valladolid,<\/strong> siendo este \u00faltimo el equipo en el que \u00abexplot\u00f3\u00bb todo su potencial.<\/p>\n<p class=\"ft-text\">Con el ca\u00f1\u00f3n de su brazo izquierdo deslumbr\u00f3 en la<strong> Liga Guerreras Iberdrola <\/strong>y se mud\u00f3 a <strong>Pa\u00eds Vasco<\/strong> para enrolarse en un <strong>Super Amara Bera Bera<\/strong> con el que gan\u00f3 varios t\u00edtulos, pero tambi\u00e9n sufri\u00f3 varias lesiones que pusieron en jaque su trayectoria. Para entonces, habiendo jugado con las categor\u00edas inferiores de la selecci\u00f3n y debutado con las \u00abGuerreras\u00bb,<strong> O\u2019Mullony ya hab\u00eda recibido ofertas del extranjero<\/strong>. Sin embargo, ella<strong> prefiri\u00f3 esperar al momento id\u00f3neo<\/strong>. Quer\u00eda disfrutar del balonmano y compartirlo con sus allegados, con su familia y amigos.<\/p>\n<p class=\"ft-text\">La oportunidad se present\u00f3 varias veces m\u00e1s, hasta que el pasado curso, tras volver a Valladolid y recuperar la sonrisa sobre el 40&#215;20, dejando las lesiones atr\u00e1s y recuperando su lugar en un combinado nacional con el que<strong> vivi\u00f3 su sue\u00f1o: los Juegos Ol\u00edmpicos<\/strong>. Entonces, la zamorana decidi\u00f3 que<strong> era hora de probarse lejos, de experimentar una liga diferente<\/strong>, la cultura de un nuevo pa\u00eds, de afrontar el reto de triunfar donde nadie te conoce. Y <strong>los n\u00fameros y sensaciones, apuntan a que Omu tom\u00f3 la decisi\u00f3n acertada<\/strong> en el punto exacto de su carrera.<\/p>\n<p class=\"ft-text\">O\u2019Mullony, de nuevo<strong> convocada por \u00ablas Guerreras\u00bb para el clasificatorio de cara al pr\u00f3ximo Europeo,<\/strong> ha sido clave hasta el momento en el<strong> gran inicio de campa\u00f1a del MKS Lublin, actual l\u00edder de la Orlen Superliga Kobiet<\/strong>. Un primer puesto al que ha contribuido con nada menos que<strong> 37 goles y 24 asistencias en las cinco jornadas disputadas<\/strong>. N\u00fameros que, l\u00f3gicamente, han llevado a la zamorana a pelear por el <strong>MVP de la competici\u00f3n<\/strong> donde est\u00e1 siendo imparable, como demuestra su registro de un<strong> 75% de acierto en el lanzamiento. <\/strong><\/p>\n<p class=\"ft-text\">Queda mucha temporada por delante, pero <strong>en Lublin ya se frotan las manos por el fichaje de la talentosa lateral derecha espa\u00f1ola<\/strong>. Una jugadora que afronta cada desaf\u00edo con<strong> energ\u00eda, trabajo y profesionalidad<\/strong>. Valores forjados con la camiseta del Balonmano Zamora y que forman parte de la identidad de Omu y de <strong>una tierra orgullosa de su deportista<\/strong>, una provincia donde el eco de sus goles resuena con acento polaco para recordar que<strong> el talento zamorano no entiende de fronteras<\/strong>.<\/p>\n","protected":false},"excerpt":{"rendered":"Han pasado cinco jornadas desde que arranc\u00f3 la Orlen Superliga Kobiet, la liga polaca de balonmano femenino, y&hellip;\n","protected":false},"author":2,"featured_media":162159,"comment_status":"","ping_status":"","sticky":false,"template":"","format":"standard","meta":{"footnotes":""},"categories":[278],"tags":[376,8224,8236,168,25,24,375,1932,23985,23983,9277,7027,23,167],"class_list":{"0":"post-162158","1":"post","2":"type-post","3":"status-publish","4":"format-standard","5":"has-post-thumbnail","7":"category-balonmano","8":"tag-balonmano","9":"tag-balonmano-zamora","10":"tag-brilla","11":"tag-deportes","12":"tag-es","13":"tag-espana","14":"tag-handball","15":"tag-maria","16":"tag-maria-omullony","17":"tag-mullony","18":"tag-o","19":"tag-polonia","20":"tag-spain","21":"tag-sports"},"share_on_mastodon":{"url":"","error":""},"_links":{"self":[{"href":"https:\/\/www.europesays.com\/es\/wp-json\/wp\/v2\/posts\/162158","targetHints":{"allow":["GET"]}}],"collection":[{"href":"https:\/\/www.europesays.com\/es\/wp-json\/wp\/v2\/posts"}],"about":[{"href":"https:\/\/www.europesays.com\/es\/wp-json\/wp\/v2\/types\/post"}],"author":[{"embeddable":true,"href":"https:\/\/www.europesays.com\/es\/wp-json\/wp\/v2\/users\/2"}],"replies":[{"embeddable":true,"href":"https:\/\/www.europesays.com\/es\/wp-json\/wp\/v2\/comments?post=162158"}],"version-history":[{"count":0,"href":"https:\/\/www.europesays.com\/es\/wp-json\/wp\/v2\/posts\/162158\/revisions"}],"wp:featuredmedia":[{"embeddable":true,"href":"https:\/\/www.europesays.com\/es\/wp-json\/wp\/v2\/media\/162159"}],"wp:attachment":[{"href":"https:\/\/www.europesays.com\/es\/wp-json\/wp\/v2\/media?parent=162158"}],"wp:term":[{"taxonomy":"category","embeddable":true,"href":"https:\/\/www.europesays.com\/es\/wp-json\/wp\/v2\/categories?post=162158"},{"taxonomy":"post_tag","embeddable":true,"href":"https:\/\/www.europesays.com\/es\/wp-json\/wp\/v2\/tags?post=162158"}],"curies":[{"name":"wp","href":"https:\/\/api.w.org\/{rel}","templated":true}]}}