{"id":162206,"date":"2025-10-08T06:05:13","date_gmt":"2025-10-08T06:05:13","guid":{"rendered":"https:\/\/www.europesays.com\/es\/162206\/"},"modified":"2025-10-08T06:05:13","modified_gmt":"2025-10-08T06:05:13","slug":"no-es-una-falsa-alarma","status":"publish","type":"post","link":"https:\/\/www.europesays.com\/es\/162206\/","title":{"rendered":"No es una falsa alarma"},"content":{"rendered":"<p class=\"ft-text ft-helper-closenews\">La <strong>Fira del Llibre d\u2019Ocasi\u00f3 Antic i Modern<\/strong>, que el a\u00f1o que viene debe celebrar su 75\u00aa edici\u00f3n, ha lanzado un <strong>SOS al Ayuntamiento de Barcelona <\/strong>para asegurar su continuidad tras las pintadas de la manifestaci\u00f3n por Palestina que causaron desperfectos en las casetas de los libreros. El coste de la limpieza de los estands de la feria, que se ha celebrado del 19 de septiembre hasta este 5 de octubre en el paseo de Gr\u00e0cia, por donde transcurri\u00f3 la masiva protesta el pasado s\u00e1bado, <strong>se eleva hasta los 15.000 euros y pone en riesgo su futuro<\/strong>. Se vieron afectados 91 paneles de un metro y 31 juntas, materiales con los que se acaban construyendo las 29 casetas -alquiladas a una empresa- presentes esta edici\u00f3n. \u00abUn hecho aislado, de un grupo muy reducido\u00bb en una manifestaci\u00f3n en la que \u00abla mayor\u00eda de nosotros creemos\u00bb, remarca y lamenta Erik Prats, al frente del Gremi de Llibreters de Vell y propietario de la librer\u00eda Antigularia.<\/p>\n<p class=\"ft-text\">Sin un seguro que cubra este tipo de actos, Prats advierte que<strong> la feria est\u00e1 en serio peligro<\/strong>, algo que duele a\u00fan m\u00e1s si se pone la mirada en la 75\u00aa edici\u00f3n prevista para el a\u00f1o que viene. Detr\u00e1s del Ayuntamiento desde que sucedieron los hechos, todav\u00eda no han podido trasladar de t\u00fa a t\u00fa el problema a responsables del consistorio.<strong> <\/strong>\u00abNo es una falsa alarma, realmente peligra, no podemos perder la feria m\u00e1s antigua en esta modalidad de Europa por 15.000 euros. Para la mayor\u00eda de entidades, ayuntamientos, no es nada, pero para un gremio como el nuestro la puede dejar tocada de muerte, es as\u00ed de crudo\u00bb.<\/p>\n<p class=\"ft-text\">El gremio s\u00ed que ha podido contactar con algunos partidos pol\u00edticos municipales para trasladarles que, m\u00e1s all\u00e1 de que se asuma el gasto, el consistorio debe tomar \u00abconciencia de la importancia de la feria e implicarse m\u00e1s all\u00e1 de dejarnos el espacio\u00bb. \u00b7Estamos abiertos a cualquier propuesta\u00bb, comparte Prats.<\/p>\n<p class=\"ft-text\">La feria, que basa su presupuesto (unos 115.000 euros) en subvenciones y cuotas de los agremiados, supone \u00abuna parte econ\u00f3mica muy importante de todos los libreros\u00bb. Y, m\u00e1s all\u00e1 de eso, Prats remarca todo lo que representa culturalmente. \u00abM\u00e1s que una feria de libros para vender, es un acto cultural con actividades, visitas de personalidades, artistas, etc\u00e9tera\u00bb, zanja el presidente del gremio, que espera reacci\u00f3n por parte del Ayuntamiento y abre la puerta a que patrocinadores se interesen por la cita para poder celebrar -y hacer m\u00e1s ambiciosa- la 75\u00aa edici\u00f3n.<\/p>\n<p data-close=\"closedContent\" class=\"subscribeHideForDisplay\">Suscr\u00edbete para seguir leyendo<\/p>\n","protected":false},"excerpt":{"rendered":"La Fira del Llibre d\u2019Ocasi\u00f3 Antic i Modern, que el a\u00f1o que viene debe celebrar su 75\u00aa edici\u00f3n,&hellip;\n","protected":false},"author":2,"featured_media":162207,"comment_status":"","ping_status":"","sticky":false,"template":"","format":"standard","meta":{"footnotes":""},"categories":[172],"tags":[1250,11436,210,224,146,147,25,24,8483,2629,225,2437,5087,21464,19646,23,48071],"class_list":{"0":"post-162206","1":"post","2":"type-post","3":"status-publish","4":"format-standard","5":"has-post-thumbnail","7":"category-libros","8":"tag-ayuntamiento","9":"tag-ayuntamiento-de-barcelona","10":"tag-barcelona","11":"tag-books","12":"tag-entertainment","13":"tag-entretenimiento","14":"tag-es","15":"tag-espana","16":"tag-fira","17":"tag-lanza","18":"tag-libros","19":"tag-llibre","20":"tag-manifestacion","21":"tag-pintadas","22":"tag-sos","23":"tag-spain","24":"tag-vell"},"share_on_mastodon":{"url":"","error":""},"_links":{"self":[{"href":"https:\/\/www.europesays.com\/es\/wp-json\/wp\/v2\/posts\/162206","targetHints":{"allow":["GET"]}}],"collection":[{"href":"https:\/\/www.europesays.com\/es\/wp-json\/wp\/v2\/posts"}],"about":[{"href":"https:\/\/www.europesays.com\/es\/wp-json\/wp\/v2\/types\/post"}],"author":[{"embeddable":true,"href":"https:\/\/www.europesays.com\/es\/wp-json\/wp\/v2\/users\/2"}],"replies":[{"embeddable":true,"href":"https:\/\/www.europesays.com\/es\/wp-json\/wp\/v2\/comments?post=162206"}],"version-history":[{"count":0,"href":"https:\/\/www.europesays.com\/es\/wp-json\/wp\/v2\/posts\/162206\/revisions"}],"wp:featuredmedia":[{"embeddable":true,"href":"https:\/\/www.europesays.com\/es\/wp-json\/wp\/v2\/media\/162207"}],"wp:attachment":[{"href":"https:\/\/www.europesays.com\/es\/wp-json\/wp\/v2\/media?parent=162206"}],"wp:term":[{"taxonomy":"category","embeddable":true,"href":"https:\/\/www.europesays.com\/es\/wp-json\/wp\/v2\/categories?post=162206"},{"taxonomy":"post_tag","embeddable":true,"href":"https:\/\/www.europesays.com\/es\/wp-json\/wp\/v2\/tags?post=162206"}],"curies":[{"name":"wp","href":"https:\/\/api.w.org\/{rel}","templated":true}]}}