{"id":162208,"date":"2025-10-08T06:06:12","date_gmt":"2025-10-08T06:06:12","guid":{"rendered":"https:\/\/www.europesays.com\/es\/162208\/"},"modified":"2025-10-08T06:06:12","modified_gmt":"2025-10-08T06:06:12","slug":"bahar-encuentra-una-carta-de-despedida-de-umay-y-teme-lo-peor","status":"publish","type":"post","link":"https:\/\/www.europesays.com\/es\/162208\/","title":{"rendered":"Bahar encuentra una carta de despedida de Umay y teme lo peor"},"content":{"rendered":"<p><b>Bahar <\/b>ha llegado a casa agotada pero con la satisfacci\u00f3n de haber salvado una vida, bromeando incluso con <b>Uras <\/b>sobre los comentarios en redes sociales.<\/p>\n<p>Luego, ha ido a ver a <b>Umay<\/b> a su habitaci\u00f3n. Pero al entrar, su hija no estaba y hab\u00eda dejado una carta. En ella, la joven le ha echado en cara c\u00f3mo todos han rehecho sus vidas mientras sus problemas eran minimizados. \u201cMi edad hace que mis problemas parezcan menos importantes ante tus ojos\u201d, ha escrito, antes de sincerarse por completo: \u201cNadie se da cuenta. Nadie se preocupa por m\u00ed en esta casa\u201d.<\/p>\n<p>Horas antes, <b>Umay <\/b>hab\u00eda seguido a su hermana <b>Parla <\/b>hasta un parque y all\u00ed la hab\u00eda pillado con <b>Cem<\/b>, el chico que tanto quiso. Aquella traici\u00f3n ha sido el golpe final. Rota por dentro y sin esperanza, <b>Umay <\/b>ha decidido marcharse.<\/p>\n<p>Sin duda, el regreso de <b>Evren <\/b>y de <b>Cem <\/b>ha removido todos los sentimientos de la familia. <b>Bahar<\/b> lucha por mantener la calma, pero su hija no ha podido soportarlo. \u00bfD\u00f3nde est\u00e1? \u00bfPodr\u00e1 <b>Bahar <\/b>encontrarla antes de que sea demasiado tarde?<\/p>\n","protected":false},"excerpt":{"rendered":"Bahar ha llegado a casa agotada pero con la satisfacci\u00f3n de haber salvado una vida, bromeando incluso con&hellip;\n","protected":false},"author":2,"featured_media":162209,"comment_status":"","ping_status":"","sticky":false,"template":"","format":"standard","meta":{"footnotes":""},"categories":[171],"tags":[146,147,25,24,23,214],"class_list":{"0":"post-162208","1":"post","2":"type-post","3":"status-publish","4":"format-standard","5":"has-post-thumbnail","7":"category-tv","8":"tag-entertainment","9":"tag-entretenimiento","10":"tag-es","11":"tag-espana","12":"tag-spain","13":"tag-tv"},"share_on_mastodon":{"url":"","error":""},"_links":{"self":[{"href":"https:\/\/www.europesays.com\/es\/wp-json\/wp\/v2\/posts\/162208","targetHints":{"allow":["GET"]}}],"collection":[{"href":"https:\/\/www.europesays.com\/es\/wp-json\/wp\/v2\/posts"}],"about":[{"href":"https:\/\/www.europesays.com\/es\/wp-json\/wp\/v2\/types\/post"}],"author":[{"embeddable":true,"href":"https:\/\/www.europesays.com\/es\/wp-json\/wp\/v2\/users\/2"}],"replies":[{"embeddable":true,"href":"https:\/\/www.europesays.com\/es\/wp-json\/wp\/v2\/comments?post=162208"}],"version-history":[{"count":0,"href":"https:\/\/www.europesays.com\/es\/wp-json\/wp\/v2\/posts\/162208\/revisions"}],"wp:featuredmedia":[{"embeddable":true,"href":"https:\/\/www.europesays.com\/es\/wp-json\/wp\/v2\/media\/162209"}],"wp:attachment":[{"href":"https:\/\/www.europesays.com\/es\/wp-json\/wp\/v2\/media?parent=162208"}],"wp:term":[{"taxonomy":"category","embeddable":true,"href":"https:\/\/www.europesays.com\/es\/wp-json\/wp\/v2\/categories?post=162208"},{"taxonomy":"post_tag","embeddable":true,"href":"https:\/\/www.europesays.com\/es\/wp-json\/wp\/v2\/tags?post=162208"}],"curies":[{"name":"wp","href":"https:\/\/api.w.org\/{rel}","templated":true}]}}