{"id":162242,"date":"2025-10-08T06:30:10","date_gmt":"2025-10-08T06:30:10","guid":{"rendered":"https:\/\/www.europesays.com\/es\/162242\/"},"modified":"2025-10-08T06:30:10","modified_gmt":"2025-10-08T06:30:10","slug":"linda-mirada-no-me-dedico-a-interpretar-musica-de-manera-profesional-ni-siquiera-se-si-tendria-el-valor-de-hacer-un-concierto-tras-otro-placeres-s-moda","status":"publish","type":"post","link":"https:\/\/www.europesays.com\/es\/162242\/","title":{"rendered":"Linda Mirada: \u201cNo me dedico a interpretar m\u00fasica de manera profesional, ni siquiera s\u00e9 si tendr\u00eda el valor de hacer un concierto tras otro\u201d | Placeres | S Moda"},"content":{"rendered":"<p class=\"\">Podr\u00edamos decir que no hay secretos alrededor de <a href=\"https:\/\/www.instagram.com\/lindamirada1\/?hl=en\" target=\"_blank\" rel=\"noreferrer nofollow noopener\" title=\"https:\/\/www.instagram.com\/lindamirada1\/?hl=en\">Linda Mirada<\/a>. Todo en su m\u00fasica es lo que parece, todo es sencillo: canciones pop que buscan contar una historia sobre una buena melod\u00eda. Pero ning\u00fan int\u00e9rprete musical ser\u00eda tal cosa si no proyectara esa fantas\u00eda que convierte a las personas en artistas y separa a los artistas del p\u00fablico. Cuando la responsable del proyecto musical conocido como <a href=\"https:\/\/elpais.com\/cultura\/2012\/05\/14\/videos\/1336994975_659138.html\" target=\"_blank\" rel=\"noreferrer nofollow noopener\" title=\"https:\/\/elpais.com\/cultura\/2012\/05\/14\/videos\/1336994975_659138.html\">Linda Mirada<\/a> cuenta su historia, dichos misterios se aten\u00faan sin llegar a desaparecer nunca por completo. Linda Mirada es el nombre \u2014sacado de un personaje de <a href=\"https:\/\/elpais.com\/noticias\/barrio-sesamo\/\" target=\"_blank\" rel=\"noreferrer nofollow noopener\" title=\"https:\/\/elpais.com\/noticias\/barrio-sesamo\/\">Barrio S\u00e9samo<\/a>\u2014 que le sirve a Ana Naranjo Garc\u00eda (Costa Rica, 1976) para estar sin estar del todo. Ese ser\u00eda su primer misterio: una artista de m\u00fasica pop que, en lugar de exhibirse, se oculta. De hecho, cuando se sent\u00f3 al piano para escribir sus primeras canciones, estaba convencida de que no iban a interesar a nadie. \u201cFue un amigo el que me convenci\u00f3 de que hab\u00eda que grabarlas\u201d, explica Ana durante una videollamada. \u201cDesde el principio contempl\u00e9 la idea de hacer m\u00fasica como algo donde colaborar\u00eda otra gente, amigos, sobre todo. Yo quer\u00eda ser la voz cantante pero no la protagonista. Por eso busqu\u00e9 un apodo\u201d. Uno de esos amigos era el m\u00fasico estadounidense <a href=\"https:\/\/elpais.com\/ccaa\/2012\/12\/13\/madrid\/1355434973_142551.html\" target=\"_blank\" rel=\"noreferrer nofollow noopener\" title=\"https:\/\/elpais.com\/ccaa\/2012\/12\/13\/madrid\/1355434973_142551.html\">Bart Davenport<\/a>, que la convenci\u00f3 para que se fuera a San Francisco a grabar el que fue el primer \u00e1lbum de Linda Mirada. Eso sucedi\u00f3 en 2009, y ahora, 15 a\u00f1os m\u00e1s tarde, ha vuelto a suceder. Y de nuevo los amigos han sido un factor clave para que Linda Mirada grabara nuevo disco, despu\u00e9s de doce a\u00f1os dedicada a otros menesteres.<\/p>\n<p><img decoding=\"auto\" class=\"_re lazyload a_m-h\" height=\"414\"  width=\"414\"  src=\"https:\/\/www.europesays.com\/es\/wp-content\/uploads\/2025\/10\/XU3DHOTVFVG4BJMVWOKLWNNNCE.jpg\" loading=\"lazy\"\/>Portada del \u00faltimo trabajo de Linda Mirada, &#8216;Qu\u00e9 largo es el verano&#8217; (Lovemonk), con obra del artista Javier Rodr\u00edguez.<\/p>\n<p class=\"\">El t\u00edtulo Qu\u00e9 largo es el verano podr\u00eda servir tambi\u00e9n para explicar esas vacaciones art\u00edsticas. \u201cEl disco lo empec\u00e9 durante unas vacaciones. Comenc\u00e9 a juntar ideas y bocetos en una carpeta del ordenador. Un d\u00eda que estaba debati\u00e9ndome entre ir a la piscina o quedarme trabajando me di cuenta de que el verano, que suele pasarse volando, a m\u00ed me parec\u00eda largo porque ten\u00eda que hacer el disco. Se me ocurri\u00f3 ese t\u00edtulo y ah\u00ed se qued\u00f3\u201d. El \u00e1lbum posee un brillo estival imperecedero, la luminosidad habitual en las canciones de Linda Mirada. Ese podr\u00eda ser otro de sus misterios: \u00bfde d\u00f3nde proviene esa alegr\u00eda que hace que incluso las historias m\u00e1s tristes suenen bonitas? \u201cLa inspiraci\u00f3n me viene de cosas muy diferentes. Puedo sacarla de una frase que escucho, de una luz que descubro paseando, de un recuerdo que me viene de repente. Obst\u00e1culo viene de una historia muy triste que me contaron: una pareja que se romp\u00eda porque \u00e9l hab\u00eda conocido a otra mujer. Y la que hasta entonces hab\u00eda estado con \u00e9l dec\u00eda que se hab\u00eda convertido en un obst\u00e1culo para que afrontara ese amor. Estaba en la playa, me met\u00ed en el agua y de repente me vino esa historia a la cabeza convertida en canci\u00f3n, con la melod\u00eda, con todo\u201d.<\/p>\n<p class=\"\">La relaci\u00f3n de Ana con la m\u00fasica va m\u00e1s all\u00e1 de su trayectoria intermitente y decididamente discreta como artista \u2014Linda Mirada no act\u00faa en directo y solamente saca discos cuando las canciones que ha escrito la empujan a que lo haga\u2014. Antes de hacer m\u00fasica ya llevaba a\u00f1os trabajando en el flanco independiente de la industria local: estuvo en la \u00faltima etapa de Nuevos Medios y, desde 2011, forma parte de la distribuidora Music As Usual \u2014hogar espa\u00f1ol de bandas como Franz Ferdinand, <a href=\"https:\/\/elpais.com\/cultura\/2018\/05\/25\/actualidad\/1527256150_428360.html\" target=\"_blank\" rel=\"noreferrer nofollow noopener\" title=\"https:\/\/elpais.com\/cultura\/2018\/05\/25\/actualidad\/1527256150_428360.html\">Tracey Thorn<\/a>, Caribou, Anna Calvi o Calexico\u2014, donde se ocupa del departamento de marketing y comunicaci\u00f3n. Esa labor le ha permitido intimar con artistas fascinantes. A Roddy Frame lo sorprendi\u00f3 ense\u00f1\u00e1ndole una foto de su juventud que ni \u00e9l mismo sab\u00eda que existiera. A John Grant le ense\u00f1\u00f3 la Gran V\u00eda madrile\u00f1a y luego se lo llev\u00f3 a Chicote. Y con <a href=\"https:\/\/elpais.com\/cultura\/2012\/10\/29\/actualidad\/1351527250_151829.html\" target=\"_blank\" rel=\"noreferrer nofollow noopener\" title=\"https:\/\/elpais.com\/cultura\/2012\/10\/29\/actualidad\/1351527250_151829.html\">Martha Wainwright<\/a> se emborrach\u00f3 mientras hablaban de lo humano y lo divino. \u201cDeber\u00eda haber llevado un diario \u2014se queja\u2014 porque mi trabajo me ha dado la oportunidad de conocer a gente que admiraba. Pas\u00e9 un d\u00eda entero con Ben Watt [mitad de Everything But The Girl y tambi\u00e9n solista]. Es un t\u00edo muy lindo, muy cari\u00f1oso, se abri\u00f3 mucho y me cont\u00f3 cosas que yo flipaba. Y como con el resto de los artistas, habl\u00e9 mucho de m\u00fasica con \u00e9l. El gran privilegio de este trabajo es ese, poder hablar de los procesos creativos, ver como estos se desarrollan en pruebas de sonido antes de los conciertos. Toda esa experiencia ha supuesto un gran aprendizaje\u201d. Y he aqu\u00ed otro misterio: c\u00f3mo trabajar en aquello que te gusta y no terminar detest\u00e1ndolo, sino todo lo contrario.<\/p>\n<p><img decoding=\"auto\" class=\"_re lazyload a_m-v\" height=\"497\"  width=\"414\"  src=\"https:\/\/www.europesays.com\/es\/wp-content\/uploads\/2025\/10\/7IUD6CN7SFDSFKUHHABZ3BJJVY.jpg\" loading=\"lazy\"\/>Ana Naranjo, fotografiada en su casa.Ant\u00e1rtica<\/p>\n<p class=\"\">Pero volvamos a los amigos de Ana, que en muchos casos son amistades que nacieron hablando del eterno tema: la m\u00fasica. Con algunos ha trabajado, a otros ha llegado por azar. Algunas de esas amistades la acompa\u00f1an en el nuevo disco. Ocurri\u00f3 algo similar cuando hizo los \u00e1lbumes China es otra cultura (2009) y Con mi tiempo y el progreso (2012). Solo que esta vez hab\u00eda que salvar un par\u00f3n de m\u00e1s de una d\u00e9cada sin grabar nada de nada. \u201cMe di cuenta de que, o empezaba a trabajar ya en nuevas canciones o cada vez iba a darme m\u00e1s y m\u00e1s pereza. Lo que hago como Linda Mirada se puede decir que es una afici\u00f3n, no lo vivo como algo profesional. Tengo un trabajo muy absorbente, y una hija de nueve a\u00f1os, as\u00ed que al final no me sobra mucho tiempo. Y componer canciones requiere tener concentraci\u00f3n para hacerlas. Me hab\u00eda acostumbrado a no poder tener esa dedicaci\u00f3n, as\u00ed que no la echaba de menos. Pero cuando la retom\u00e9 volv\u00ed a ser consciente de la satisfacci\u00f3n que me proporciona todo esto\u201d. Los culpables, una vez m\u00e1s, los amigos m\u00fasicos. Daniel Coll\u00e1s, de Phenomenal Claphand Band, que le dijo que ten\u00eda ganas de grabar algo con ella. Dos viejos c\u00f3mplices suyos, \u00c1lvaro Tarik y Sebasti\u00e1n Litmanovich, m\u00fasicos con historia e historial, le insist\u00edan cada tanto. Las videollamadas con el neoyorquino Eugene Tambourine tambi\u00e9n dieron sus frutos. Y por supuesto, el apoyo de Davenport. \u201cIba hablando con unos y con otros hasta que me dije: este es el momento\u201d.<\/p>\n<p class=\"\">Lleva muy a gala unos gustos musicales que se diluyen cuando hace su propia m\u00fasica. \u201cSiempre me muevo en una franja temporal que abarca los sesenta, los setenta, y principios de los ochenta. Al final, todo lo que me gusta est\u00e1 muy mezclado y no creo que al final lo m\u00edo suene como si fuese un homenaje a un artista o un estilo determinados\u201d. En los cr\u00e9ditos del \u00e1lbum vienen algunas pistas. Paul McCartney, Stevie Wonder, Chaz Jankel, Fernando Arbex, Joe Jackson, Kool &amp; The Gang&#8230; Uno de sus hallazgos m\u00e1s recientes es un m\u00fasico de los ochenta, Geoffrey Landers, al que compara con Arthur Russell y cuya m\u00fasica acab\u00f3 inspir\u00e1ndole la canci\u00f3n Morena del ap\u00f3stol. \u201cHay que tener referentes constantemente porque es una manera de tener recursos\u201d, apostilla Ana. Y a continuaci\u00f3n, insiste en que no se trata de recrear sino de dejarse llevar intentando hacer algo a partir de aquello que te apasiona. De filtrar m\u00fasica del pasado con la ayuda de m\u00fasicos contempor\u00e1neos, situ\u00e1ndola en el presente. \u201cLlega un momento en que tu disco duro ya est\u00e1 saturado y es imposible conectar con todo lo que se hace. Pero es importante estar en contacto con lo nuevo, es sano. Conectar con m\u00fasicas actuales proporciona mucha satisfacci\u00f3n\u201d. Con todo y con eso \u2014ah\u00ed va un nuevo misterio\u2014, reconoce que ella es m\u00e1s de investigar el pasado. Le ocurre tambi\u00e9n con la literatura. Cuando descubre un autor que le gusta, se sumerge por completo en su obra. \u201cA veces me doy aut\u00e9nticas panzadas ley\u00e9ndome la obra de autores que me encantan. Pienso, \u201cqu\u00e9 poco tiempo y cu\u00e1nto me queda por descubrir\u201d. <\/p>\n<p class=\"\"><a href=\"https:\/\/elpais.com\/cultura\/2012\/06\/06\/actualidad\/1338992996_345252.html\" target=\"_blank\" rel=\"noreferrer nofollow noopener\" title=\"https:\/\/elpais.com\/cultura\/2012\/06\/06\/actualidad\/1338992996_345252.html\">Ray Bradbury<\/a> y <a href=\"https:\/\/elpais.com\/babelia\/2022-06-17\/hambre-asi-se-resucita-a-arturo-bandini.html\" target=\"_blank\" rel=\"noreferrer nofollow noopener\" title=\"https:\/\/elpais.com\/babelia\/2022-06-17\/hambre-asi-se-resucita-a-arturo-bandini.html\">John Fante<\/a> son de esa clase de autores. En la funda interior de Qu\u00e9 largo es el verano cita obras de ambos a modo de pr\u00f3logo de dos canciones a las que, de manera indirecta, han contribuido a dar forma. \u201cBorja Torres [de la discogr\u00e1fica Love Monk] me pregunt\u00f3 si ten\u00eda un cuaderno de letras para usarlo en el dise\u00f1o del disco. Eso me hizo pararme a pensar en lo que me hab\u00eda inspirado cada canci\u00f3n y me pareci\u00f3 interesante a\u00f1adir esas referencias musicales y literarias. Sirven para contextualizar y aportan informaci\u00f3n acerca de su proceso creativo. Es algo que a m\u00ed me encanta ver en los discos que escucho\u201d. Otro misterio m\u00e1s: c\u00f3mo aportar pistas para intentar desentra\u00f1ar misterios que, al final, no tienen explicaci\u00f3n. Ahora que se aproxima el momento de lanzar y promocionar Qu\u00e9 largo es el verano, reconoce que esta es la parte del proceso que menos le interesa. \u201cNo me dedico a interpretar m\u00fasica de manera profesional, ni siquiera s\u00e9 si tendr\u00eda el valor de hacer un concierto tras otro. Con los discos anteriores ve\u00eda publicadas varias entrevistas y ya me daba la sensaci\u00f3n de estar sobreexpuesta. Yo hago lo que me da la gana cuando me da la gana. Me encanta hacerlo y tambi\u00e9n la respuesta que llega una vez se publica. Que no es mucha porque lo m\u00edo es algo minoritario, y tampoco es que aspire a m\u00e1s\u201d.<\/p>\n<p class=\"\">Misterios resueltos. Solamente quedar\u00eda saber por qu\u00e9 si los veranos son tan largos terminan haci\u00e9ndose tan cortos. En el disco de Linda Mirada suena algo bastante parecido a la respuesta a esa pregunta.<\/p>\n<p><script async src=\"\/\/www.instagram.com\/embed.js\"><\/script><\/p>\n","protected":false},"excerpt":{"rendered":"Podr\u00edamos decir que no hay secretos alrededor de Linda Mirada. Todo en su m\u00fasica es lo que parece,&hellip;\n","protected":false},"author":2,"featured_media":162243,"comment_status":"","ping_status":"","sticky":false,"template":"","format":"standard","meta":{"footnotes":""},"categories":[170],"tags":[48081,218,3061,208,48078,20062,146,147,25,24,48079,184,185,23,48080],"class_list":{"0":"post-162242","1":"post","2":"type-post","3":"status-publish","4":"format-standard","5":"has-post-thumbnail","7":"category-musica","8":"tag-anna-calvi","9":"tag-canciones","10":"tag-cantantes","11":"tag-conciertos","12":"tag-discograficas","13":"tag-discos-musica","14":"tag-entertainment","15":"tag-entretenimiento","16":"tag-es","17":"tag-espana","18":"tag-linda-mirada","19":"tag-music","20":"tag-musica","21":"tag-spain","22":"tag-tracey-thorn"},"share_on_mastodon":{"url":"","error":""},"_links":{"self":[{"href":"https:\/\/www.europesays.com\/es\/wp-json\/wp\/v2\/posts\/162242","targetHints":{"allow":["GET"]}}],"collection":[{"href":"https:\/\/www.europesays.com\/es\/wp-json\/wp\/v2\/posts"}],"about":[{"href":"https:\/\/www.europesays.com\/es\/wp-json\/wp\/v2\/types\/post"}],"author":[{"embeddable":true,"href":"https:\/\/www.europesays.com\/es\/wp-json\/wp\/v2\/users\/2"}],"replies":[{"embeddable":true,"href":"https:\/\/www.europesays.com\/es\/wp-json\/wp\/v2\/comments?post=162242"}],"version-history":[{"count":0,"href":"https:\/\/www.europesays.com\/es\/wp-json\/wp\/v2\/posts\/162242\/revisions"}],"wp:featuredmedia":[{"embeddable":true,"href":"https:\/\/www.europesays.com\/es\/wp-json\/wp\/v2\/media\/162243"}],"wp:attachment":[{"href":"https:\/\/www.europesays.com\/es\/wp-json\/wp\/v2\/media?parent=162242"}],"wp:term":[{"taxonomy":"category","embeddable":true,"href":"https:\/\/www.europesays.com\/es\/wp-json\/wp\/v2\/categories?post=162242"},{"taxonomy":"post_tag","embeddable":true,"href":"https:\/\/www.europesays.com\/es\/wp-json\/wp\/v2\/tags?post=162242"}],"curies":[{"name":"wp","href":"https:\/\/api.w.org\/{rel}","templated":true}]}}