{"id":162261,"date":"2025-10-08T06:40:09","date_gmt":"2025-10-08T06:40:09","guid":{"rendered":"https:\/\/www.europesays.com\/es\/162261\/"},"modified":"2025-10-08T06:40:09","modified_gmt":"2025-10-08T06:40:09","slug":"el-fuentes-carrionas-consigue-su-primera-victoria-ante-el-hand-vall-valladolid-28-22","status":"publish","type":"post","link":"https:\/\/www.europesays.com\/es\/162261\/","title":{"rendered":"El Fuentes Carrionas consigue su primera victoria ante el Hand Vall Valladolid (28-22)"},"content":{"rendered":"<p>            <a href=\"https:\/\/www.palenciaenlared.es\/wp-content\/uploads\/2025\/10\/BM-Fuentes-Carrionas-en-su-victoria-en-casa-ante-Hand-Vall-Valladolid.jpg\" data-caption=\"Fotograf\u00eda: BM Fuentes Carrionas\" rel=\"nofollow noopener\" target=\"_blank\"><img loading=\"lazy\" decoding=\"async\" width=\"696\" height=\"325\" class=\"entry-thumb td-modal-image\" src=\"https:\/\/www.europesays.com\/es\/wp-content\/uploads\/2025\/10\/BM-Fuentes-Carrionas-en-su-victoria-en-casa-ante-Hand-Vall-Valladolid-696x325.jpg\"   alt=\"BM Fuentes Carrionas en su victoria en casa ante Hand Vall Valladolid\" title=\"BM Fuentes Carrionas en su victoria en casa ante Hand Vall Valladolid\"\/><\/a>Fotograf\u00eda: BM Fuentes Carrionas<br \/>\n            <strong data-start=\"278\" data-end=\"433\">El Balonmano Fuentes Carrionas consigui\u00f3 su primer triunfo del curso en casa. Esta pr\u00f3xima jornada se desplazan hasta Porri\u00f1o<\/strong><\/p>\n<p data-start=\"437\" data-end=\"847\">El BM Fuentes Carrionas sum\u00f3 este fin de semana su primera victoria de la temporada tras imponerse al Hand Vall Valladolid por 28-22 en la Bombonevera. El conjunto dirigido por Iker D\u00edaz pudo resarcirse tras su derrota en la primera jornada ante el Legan\u00e9s y, empujado por su p\u00fablico en su estreno en casa, logr\u00f3 un triunfo trabajado que sirve para sumar confianza y, en cuanto a resultados, escalar hasta la d\u00e9cima posici\u00f3n de la tabla, por encima de Gij\u00f3n, el propio Hand Vall, Asmubal Mea\u00f1o y Perdoma.\n<\/p>\n<p data-start=\"849\" data-end=\"1218\">En lo que respecta al partido, desde el inicio, el Fuentes Carrionas llev\u00f3 la iniciativa. Aitana G\u00f3mez fue la m\u00e1xima goleadora del equipo, mandando hasta 8 balones al fondo de la red, con Andrea Olea (6 tantos) y Sara Alonso (5 dianas) completando el podio de anotadoras. Las de Iker D\u00edaz no dejaron margen para la sorpresa en los 60 minutos consiguiendo mantener siempre una renta c\u00f3moda en el marcador: al descanso se ir\u00edan 5 arriba (13-8) y mantuvieron esta distancia hasta sellar el 28-22 definitivo al termino de los 30 minutos de la segunda mitad.\n<\/p>\n<p data-start=\"1593\" data-end=\"1877\">Con esta victoria, el conjunto de Velilla da un paso adelante cogiendo buenas sensaciones y tambi\u00e9n confianza de cara a su objetivo de asentarse en la Divisi\u00f3n de Honor Plata (la tercera categor\u00eda del balonmano femenino a nivel nacional). La pr\u00f3xima jornada, el Fuentes Carrionas viajar\u00e1 a tierras gallegas para enfrentarse al filial del Porri\u00f1o; ser\u00e1 el s\u00e1bado a las 20:30 horas, en busca de intentar conseguir su primer buen resultado fuera de casa. No ser\u00e1 f\u00e1cil pero ya el a\u00f1o pasado estuvieron muy cerca de puntuar all\u00ed, terminando el encuentro con un marcador de 30-28.\n<\/p>\n<p><a class=\"gofollow\" data-track=\"MzU5MywyOSwxLDYw\" href=\"https:\/\/www.cumonor.com\/\" target=\"_blank\" rel=\"nofollow noopener\"><img decoding=\"async\" src=\"https:\/\/www.europesays.com\/es\/wp-content\/uploads\/2025\/10\/cumonor_oct_2025.gif\"\/><\/a><\/p>\n<p>\n-Publicidad-<\/p>\n","protected":false},"excerpt":{"rendered":"Fotograf\u00eda: BM Fuentes Carrionas El Balonmano Fuentes Carrionas consigui\u00f3 su primer triunfo del curso en casa. Esta pr\u00f3xima&hellip;\n","protected":false},"author":2,"featured_media":162262,"comment_status":"","ping_status":"","sticky":false,"template":"","format":"standard","meta":{"footnotes":""},"categories":[278],"tags":[376,634,168,25,24,375,23,167],"class_list":{"0":"post-162261","1":"post","2":"type-post","3":"status-publish","4":"format-standard","5":"has-post-thumbnail","7":"category-balonmano","8":"tag-balonmano","9":"tag-deporte","10":"tag-deportes","11":"tag-es","12":"tag-espana","13":"tag-handball","14":"tag-spain","15":"tag-sports"},"share_on_mastodon":{"url":"","error":""},"_links":{"self":[{"href":"https:\/\/www.europesays.com\/es\/wp-json\/wp\/v2\/posts\/162261","targetHints":{"allow":["GET"]}}],"collection":[{"href":"https:\/\/www.europesays.com\/es\/wp-json\/wp\/v2\/posts"}],"about":[{"href":"https:\/\/www.europesays.com\/es\/wp-json\/wp\/v2\/types\/post"}],"author":[{"embeddable":true,"href":"https:\/\/www.europesays.com\/es\/wp-json\/wp\/v2\/users\/2"}],"replies":[{"embeddable":true,"href":"https:\/\/www.europesays.com\/es\/wp-json\/wp\/v2\/comments?post=162261"}],"version-history":[{"count":0,"href":"https:\/\/www.europesays.com\/es\/wp-json\/wp\/v2\/posts\/162261\/revisions"}],"wp:featuredmedia":[{"embeddable":true,"href":"https:\/\/www.europesays.com\/es\/wp-json\/wp\/v2\/media\/162262"}],"wp:attachment":[{"href":"https:\/\/www.europesays.com\/es\/wp-json\/wp\/v2\/media?parent=162261"}],"wp:term":[{"taxonomy":"category","embeddable":true,"href":"https:\/\/www.europesays.com\/es\/wp-json\/wp\/v2\/categories?post=162261"},{"taxonomy":"post_tag","embeddable":true,"href":"https:\/\/www.europesays.com\/es\/wp-json\/wp\/v2\/tags?post=162261"}],"curies":[{"name":"wp","href":"https:\/\/api.w.org\/{rel}","templated":true}]}}