{"id":162267,"date":"2025-10-08T06:45:13","date_gmt":"2025-10-08T06:45:13","guid":{"rendered":"https:\/\/www.europesays.com\/es\/162267\/"},"modified":"2025-10-08T06:45:13","modified_gmt":"2025-10-08T06:45:13","slug":"tadej-pogacar-sigue-sumando-victorias-hoy-tres-valles-varesinos","status":"publish","type":"post","link":"https:\/\/www.europesays.com\/es\/162267\/","title":{"rendered":"Tadej Pogacar sigue sumando victorias. Hoy, Tres Valles Varesinos"},"content":{"rendered":"<p>Confirmaba ayer mismo por la tarde Tadej Pogacar su presencia en Tres Valles Varesinos, una de las cl\u00e1sicas italianas de final de temporada que sirven de acercamiento a Il Lombard\u00eda. Lo hac\u00eda para cumplir la promesa que le hizo al organizador de estar presente en la salida de esta edici\u00f3n tras la suspensi\u00f3n de la edici\u00f3n 2024 a causa de las fuertes lluvias. Como siempre, para Pogacar no vale guardar o pensar en la cita del pr\u00f3ximo s\u00e1bado, lo \u00fanico que importa es ganar.<\/p>\n<p><img class=\" lazyload\" border=\"0\" alt=\"Tadej Pogacar sigue sumando victorias. Hoy, Tres Valles Varesinos\" width=\"2048\" height=\"1152\"  data-\/><\/p>\n<p>Como aperitivo a la disputa de Il Lombard\u00eda, ten\u00edamos hoy Tres Valles Varesinos, una de las cl\u00e1sicas italianas que tapizan el calendario de la parte final del a\u00f1o y que sirven a los ciclistas como preparaci\u00f3n para el \u00faltimo de los monumentos. Un cita con la prueba varesina que contaba con una participaci\u00f3n de aut\u00e9ntico lujo con la guinda de la presencia de Tadej Pogacar. Nada mal para una carrera de categor\u00eda 1.Pro sobre todo estando situada tan cerca de una cita tan importante como Il Lombardia.<\/p>\n<p>200 kil\u00f3metros de recorrido por un trazado con varios circuitos siempre tapizados de peque\u00f1as ascensiones, cortas y duras, tan t\u00edpicas de las localidades italianas. Terreno perfecto para el espect\u00e1culo como el que trat\u00f3 de brindar un siempre voluntarioso Egan Bernal que, a 80 km de la conclusi\u00f3n arrancaba y se iba en pos de Lorenzo Milesi, \u00faltimo superviviente de la fuga del d\u00eda.<\/p>\n<p><img class=\" lazyload\" border=\"0\" alt=\"Tadej Pogacar sigue sumando victorias. Hoy, Tres Valles Varesinos\" width=\"4096\" height=\"2731\"  data-\/><\/p>\n<p>Se les unir\u00eda a 44 km de la llegada Quinn Simmons que tambi\u00e9n trataba de anticiparse al previsible movimiento de los ciclistas de UAE Team Emirates-XRG, quienes controlaban la carrera de forma totalmente pl\u00e1cida.<\/p>\n<p>Y, como era de esperar, llegaba el ataque por parte de Isaac del Toro, form\u00e1ndose un grupito en el que le acompa\u00f1aban Afonzo Eulalio, Victor Lafay y, c\u00f3mo no, Tadej Pocagar. Un grupo que no se mantendr\u00eda unido demasiado tiempo ya que, en una de las bajadas, el esloveno se destacaba por mera t\u00e9cnica y fue mirar hacia atr\u00e1s, ver el peque\u00f1o hueco para decidir que, a 21 kil\u00f3metros de la llegada, era el momento de no parar. De nuevo, all\u00ed se acab\u00f3 la carrera. La ventaja que sub\u00eda hasta una cifra en torno al minuto que el ciclista de UAE controlaba sin despeinarse.<\/p>\n<p>\u00danicamente Tom Pidcock trat\u00f3 de arrancar desde el pelot\u00f3n en su b\u00fasqueda lo que provoc\u00f3 un corte selecto con hombres como Isaac del Toro, Toms Skujins o Primoz Roglic, pero ya sin opci\u00f3n de dar caza al ciclista esloveno. De hecho, incluso volv\u00edan a ser cazados por el pelot\u00f3n principal.<\/p>\n<blockquote class=\"twitter-tweet\"><p>&#13;<\/p>\n<p dir=\"ltr\" lang=\"es\">Ensayando para Lombard\u00eda: Pogacar ataca bajando y se marcha en solitario.<a href=\"https:\/\/twitter.com\/hashtag\/TreValliVaresine?src=hash&amp;ref_src=twsrc%5Etfw\" rel=\"nofollow noopener\" target=\"_blank\">#TreValliVaresine<\/a> <a href=\"https:\/\/t.co\/Xzdud0IV84\" rel=\"nofollow\">pic.twitter.com\/Xzdud0IV84<\/a><\/p>\n<p>&#13;<br \/>\n\u2014 Eurosport.es (@Eurosport_ES) <a href=\"https:\/\/twitter.com\/Eurosport_ES\/status\/1975568184175423531?ref_src=twsrc%5Etfw\" rel=\"nofollow noopener\" target=\"_blank\">October 7, 2025<\/a><\/p><\/blockquote>\n<p>Un Tadej Pogacaar que cumpl\u00eda su participaci\u00f3n en Tres Valles Varesinos con una nueva victoria que acerca al UAE Team Emirates-XRG a la consecuci\u00f3n del ambicioso reto de 100 victorias en una temporada que se hab\u00edan planteado.<\/p>\n<p>Se jugaban el resto de plazas del podio entre los integrantes del pelot\u00f3n al sprint donde el m\u00e1s r\u00e1pido era el jovenc\u00edsimo dan\u00e9s de Lidl-Trek, Albert Withen Philipsen que superaba in extremis a Julian Alaphilippe que ten\u00eda que conformarse con el tercer escal\u00f3n.<\/p>\n<p>Clasificaci\u00f3n Tres Valles Varesinos<\/p>\n<ol>&#13;<\/p>\n<li>Tadej Pogacar (UAE Team Emirates-XRG) 4h34\u201928\u2019\u2019<\/li>\n<p>&#13;<\/p>\n<li>Albert Withen Philipsen (Lidl-Trek) +46\u2019\u2019<\/li>\n<p>&#13;<\/p>\n<li>Julian Alaphilippe (Tudor) +46\u2019\u2019<\/li>\n<p>&#13;<\/p>\n<li>Paul Lapeira (Decathlon-AG2R La Mondiale) +46\u2019\u2019<\/li>\n<p>&#13;<\/p>\n<li>Sergio Higuita (XDS-Astana) +46\u2019\u2019<\/li>\n<p>&#13;<\/p>\n<li>Toms Skujins (Lidl-Trek) +46\u2019\u2019<\/li>\n<p>&#13;<\/p>\n<li>Tobias Halland Johannessen (Uno-X Mobility) +46\u2019\u2019<\/li>\n<p>&#13;<\/p>\n<li>Isaac del Toro (UAE Team Emirates-XRG) +46\u2019\u2019<\/li>\n<p>&#13;<\/p>\n<li>Johannes Kulset (Uno-X Mobility) +46\u2019\u2019<\/li>\n<p>&#13;<\/p>\n<li>Ion Izagirre (Cofidis) +46\u2019\u2019<\/li>\n<p>&#13;\n<\/ol>\n<p>                                            <script async src=\"https:\/\/platform.twitter.com\/widgets.js\" charset=\"utf-8\"><\/script><\/p>\n","protected":false},"excerpt":{"rendered":"Confirmaba ayer mismo por la tarde Tadej Pogacar su presencia en Tres Valles Varesinos, una de las cl\u00e1sicas&hellip;\n","protected":false},"author":2,"featured_media":162268,"comment_status":"","ping_status":"","sticky":false,"template":"","format":"standard","meta":{"footnotes":""},"categories":[273],"tags":[313,312,168,25,24,23,167],"class_list":{"0":"post-162267","1":"post","2":"type-post","3":"status-publish","4":"format-standard","5":"has-post-thumbnail","7":"category-ciclismo","8":"tag-ciclismo","9":"tag-cycling","10":"tag-deportes","11":"tag-es","12":"tag-espana","13":"tag-spain","14":"tag-sports"},"share_on_mastodon":{"url":"","error":""},"_links":{"self":[{"href":"https:\/\/www.europesays.com\/es\/wp-json\/wp\/v2\/posts\/162267","targetHints":{"allow":["GET"]}}],"collection":[{"href":"https:\/\/www.europesays.com\/es\/wp-json\/wp\/v2\/posts"}],"about":[{"href":"https:\/\/www.europesays.com\/es\/wp-json\/wp\/v2\/types\/post"}],"author":[{"embeddable":true,"href":"https:\/\/www.europesays.com\/es\/wp-json\/wp\/v2\/users\/2"}],"replies":[{"embeddable":true,"href":"https:\/\/www.europesays.com\/es\/wp-json\/wp\/v2\/comments?post=162267"}],"version-history":[{"count":0,"href":"https:\/\/www.europesays.com\/es\/wp-json\/wp\/v2\/posts\/162267\/revisions"}],"wp:featuredmedia":[{"embeddable":true,"href":"https:\/\/www.europesays.com\/es\/wp-json\/wp\/v2\/media\/162268"}],"wp:attachment":[{"href":"https:\/\/www.europesays.com\/es\/wp-json\/wp\/v2\/media?parent=162267"}],"wp:term":[{"taxonomy":"category","embeddable":true,"href":"https:\/\/www.europesays.com\/es\/wp-json\/wp\/v2\/categories?post=162267"},{"taxonomy":"post_tag","embeddable":true,"href":"https:\/\/www.europesays.com\/es\/wp-json\/wp\/v2\/tags?post=162267"}],"curies":[{"name":"wp","href":"https:\/\/api.w.org\/{rel}","templated":true}]}}