{"id":162303,"date":"2025-10-08T07:12:11","date_gmt":"2025-10-08T07:12:11","guid":{"rendered":"https:\/\/www.europesays.com\/es\/162303\/"},"modified":"2025-10-08T07:12:11","modified_gmt":"2025-10-08T07:12:11","slug":"el-aviso-de-un-actor-sobre-la-odisea-de-nolan-es-la-pelicula-mas-grande-que-se-ha-hecho-nunca","status":"publish","type":"post","link":"https:\/\/www.europesays.com\/es\/162303\/","title":{"rendered":"El aviso de un actor sobre \u2018La Odisea\u2019 de Nolan: \u201cEs la pel\u00edcula m\u00e1s grande que se ha hecho nunca\u201d"},"content":{"rendered":"<p class=\"\">Aunque <a href=\"https:\/\/as.com\/meristation\/cine\/la-critica-de-varias-estrellas-del-cine-espanol-a-la-proxima-obra-maestra-de-christopher-nolan-no-son-el-lugar-sonado-n\/\" target=\"_blank\" rel=\"noreferrer nofollow noopener\" title=\"https:\/\/as.com\/meristation\/cine\/la-critica-de-varias-estrellas-del-cine-espanol-a-la-proxima-obra-maestra-de-christopher-nolan-no-son-el-lugar-sonado-n\/\">el cine espa\u00f1ol est\u00e1 en pie de guerra<\/a> con la cinta por haber rodado en el Sahara Occidental, nosotros somos incapaces de contener nuestras ganas de ver <b>\u2018La Odisea\u2019 de Christopher Nolan<\/b>. Menos a\u00fan cuando salen actores que han participado en ella y hacen declaraciones como las de <a href=\"https:\/\/www.imdb.com\/es-es\/name\/nm1936239\/\" target=\"_blank\" rel=\"noreferrer nofollow noopener\" title=\"https:\/\/www.imdb.com\/es-es\/name\/nm1936239\/\">Sean Avery<\/a>, quien acaba de asegurar en una entrevista que se trata de \u201c<b>la pel\u00edcula m\u00e1s grande que se ha hecho nunca<\/b>\u201d. Y ojo porque hablamos de un colaborador habitual del director que ya particip\u00f3 en \u2018<a href=\"https:\/\/as.com\/meristation\/noticias\/cuatro-anos-despues-nolan-admite-que-tenet-tiene-cosas-que-no-se-pueden-entender-n\/\" target=\"_blank\" rel=\"noreferrer nofollow noopener\" title=\"https:\/\/as.com\/meristation\/noticias\/cuatro-anos-despues-nolan-admite-que-tenet-tiene-cosas-que-no-se-pueden-entender-n\/\">Tenet<\/a>\u2019 y \u2018<a href=\"https:\/\/as.com\/meristation\/reportajes\/critica-de-oppenheimer-nolan-se-proclama-el-prometeo-del-cine-r\/\" target=\"_blank\" rel=\"noreferrer nofollow noopener\" title=\"https:\/\/as.com\/meristation\/reportajes\/critica-de-oppenheimer-nolan-se-proclama-el-prometeo-del-cine-r\/\">Oppenheimer<\/a>\u2019.<\/p>\n<p class=\"\">\u201cEs la pel\u00edcula m\u00e1s grande que se ha hecho nunca\u201d, insist\u00eda Avery. \u201cGrabamos en cinco pa\u00edses. Sin CGI. <b>Sin pantallas verdes en medio del oc\u00e9ano<\/b>. Hemos estado en Sicilia, en Grecia, en Islandia, en Escocia&#8230; Ha sido incre\u00edble. Hasta <b>Ben Affleck vino al rodaje<\/b> para ver c\u00f3mo trabajaban Nolan y Matt Damon. Lo de Damon en la pel\u00edcula <b>es oro puro<\/b>. Est\u00e1 incre\u00edble. Qu\u00e9 t\u00edo\u00bb.<\/p>\n<blockquote class=\"twitter-tweet\">\n<p lang=\"en\" dir=\"ltr\">Sean Avery revealed in an interview with Spittin\u2019 Chiclets that Ben visited Matt Damon when he was working on the LA set of The Odyssey (director: Christopher Nolan) in July 2025 <a href=\"https:\/\/t.co\/slifuOe36f\" rel=\"nofollow\">pic.twitter.com\/slifuOe36f<\/a><\/p>\n<p>\u2014 \u0299\u1d07\ua731\u1d1b \u1d0f\ua730 \u0299\u1d07\u0274 \u1d00\ua730\ua730\u029f\u1d07\u1d04\u1d0b (@BestAffleck) <a href=\"https:\/\/twitter.com\/BestAffleck\/status\/1975661635495735554?ref_src=twsrc%5Etfw\" rel=\"nofollow noopener\" target=\"_blank\">October 7, 2025<\/a><\/p><\/blockquote>\n<p>\u00bfQui\u00e9n es qui\u00e9n en \u2018La Odisea\u2019 de Christopher Nolan?<\/p>\n<p class=\"\">A falta de ver la pel\u00edcula, el reparto ya es una reuni\u00f3n de estrellas como pocas se han hecho en Hollywood. De acuerdo a <a href=\"https:\/\/www.oneman.gr\/entertainment\/fotografies-apo-ta-girismata-tis-odisseias-tou-christopher-nolan-stin-peloponniso\/\" target=\"_blank\" rel=\"nofollow noopener\" title=\"https:\/\/www.oneman.gr\/entertainment\/fotografies-apo-ta-girismata-tis-odisseias-tou-christopher-nolan-stin-peloponniso\/\">varios medios<\/a>, este es el elenco al que se sumar\u00e1 Sean Avery<\/p>\n<p class=\"\">Y eso sin contar a artistas como como <a href=\"https:\/\/as.com\/meristation\/cine\/robert-pattinson-rompe-su-silencio-sobre-enfrentarse-al-joker-en-the-batman-2-podria-ser-n\/\" target=\"_blank\" rel=\"nofollow noopener\" title=\"https:\/\/as.com\/meristation\/cine\/robert-pattinson-rompe-su-silencio-sobre-enfrentarse-al-joker-en-the-batman-2-podria-ser-n\/\">Rober Pattinson<\/a>, <a href=\"https:\/\/www.imdb.com\/es-es\/name\/nm2797744\/\" target=\"_blank\" rel=\"nofollow noopener\" title=\"https:\/\/www.imdb.com\/es-es\/name\/nm2797744\/\">Himesh Patel<\/a>, <a href=\"https:\/\/as.com\/meristation\/cine\/mia-goth-y-jenna-ortega-explican-como-afrontaron-las-escandalosas-escenas-de-sexo-de-x-el-slasher-de-ti-west-n\/\" target=\"_blank\" rel=\"nofollow noopener\" title=\"https:\/\/as.com\/meristation\/cine\/mia-goth-y-jenna-ortega-explican-como-afrontaron-las-escandalosas-escenas-de-sexo-de-x-el-slasher-de-ti-west-n\/\">Mia Goth<\/a> o <a href=\"https:\/\/www.imdb.com\/es-es\/name\/nm0680983\/?ref_=nv_sr_srsg_0_tt_3_nm_5_in_0_q_Elliot%2520Page\" target=\"_blank\" rel=\"nofollow noopener\" title=\"https:\/\/www.imdb.com\/es-es\/name\/nm0680983\/?ref_=nv_sr_srsg_0_tt_3_nm_5_in_0_q_Elliot%2520Page\">Elliot Page<\/a>, cuya presencia tambi\u00e9n est\u00e1 confirmada, pero su papel a\u00fan no ha sido revelado.<\/p>\n<p><img decoding=\"async\" src=\"https:\/\/www.europesays.com\/es\/wp-content\/uploads\/2025\/10\/HRN76KNMIVGT3FJWKOWGAIBV3E.jpg\" alt=\"La Odisea\" class=\"mm__img\"   width=\"900\" height=\"540\" loading=\"lazy\"\/><\/p>\n<p>Ampliar<\/p>\n<p>Las quejas de los historiadores sobre \u2018La Odisea de Nolan\u2019<\/p>\n<p class=\"\">Con lo que va a tener que lidiar Nolan es con lo mismo que directores como <a href=\"https:\/\/as.com\/meristation\/cine\/una-historiadora-descubre-un-error-historico-en-gladiator-2-y-destroza-la-pelicula-es-la-mierda-de-hollywood-n\/\" target=\"_blank\" rel=\"noreferrer nofollow noopener\" title=\"https:\/\/as.com\/meristation\/cine\/una-historiadora-descubre-un-error-historico-en-gladiator-2-y-destroza-la-pelicula-es-la-mierda-de-hollywood-n\/\">Ridley Scott con \u2018Gladiator\u2019<\/a>, es decir, con <b>los historiadores de guardia que hay en redes sociales<\/b>. Las primeras quejas de los mismos no se han hecho de rogar y han cargado contra las armaduras de las primeras im\u00e1genes.<\/p>\n<p class=\"\">\u201cPara empezar, ese cacho de brazalete que lleva en el brazo es <b>el invento por excelencia de Hollywood<\/b>. No exist\u00eda ni en Grecia ni en Roma. Es <b>de vagabundo<\/b> y en todo caso deber\u00eda ser de oro o plata, que hablamos del rey de \u00cdtaca\u201d, coment\u00f3 <a href=\"https:\/\/x.com\/GODPIECE5\/status\/1891928490510843928\" target=\"_blank\" rel=\"nofollow\" title=\"https:\/\/x.com\/GODPIECE5\/status\/1891928490510843928\">un \u2018experto\u2019 en redes<\/a>. \u201cEl casco tambi\u00e9n <b>se lo han sacado del culo<\/b> porque no exist\u00eda de ese estilo y uno de hoplita ser\u00eda m\u00e1s decente en la \u00e9poca de Ulises. No tiene sentido, eso no protege nada con esa porquer\u00eda de laterales y las puntas <b>son m\u00e1s molestas y perjudiciales que otra cosa<\/b>\u201d.<\/p>\n<p class=\"\">\u201cLa armadura es <b>otra mierda inventada<\/b>. Se ve de pl\u00e1stico y <b>de color negro no ser\u00eda ni de co\u00f1a<\/b>. Es el color de los funerales. Las armaduras ten\u00edan colores vivos o del propio metal (en este caso ser\u00eda de bronce). La capa <b>tambi\u00e9n es de vagabundo<\/b> y sin f\u00edbula. Y podr\u00eda seguir. Alg\u00fan d\u00eda har\u00e1n caso a los asesores hist\u00f3ricos. Alg\u00fan d\u00eda. No ser\u00e1 hoy, desde luego\u201d.<\/p>\n<p class=\"\">Esperemos que de aqu\u00ed a <b>verano de 2026<\/b>, cuando se estrene la cinta, Dios cargue a Nolan de paciencia para aguantar a todos aquellos que exigen semejante precisi\u00f3n hist\u00f3rica.<\/p>\n<p><img decoding=\"async\" src=\"https:\/\/www.europesays.com\/es\/wp-content\/uploads\/2025\/10\/GCZRQF3DCFCSJP6MKTSZR3TDRM.jpg\" alt=\"Christopher Nolan la Odisea\" class=\"mm__img\"   width=\"914\" height=\"1378\" loading=\"lazy\"\/><\/p>\n<p>Ampliar<\/p>\n<p><img decoding=\"async\" src=\"https:\/\/www.europesays.com\/es\/wp-content\/uploads\/2025\/10\/TOVY2VMN7BF2RAAXVYGFQME7AM.jpg\" alt=\"Christopher Nolan la Odisea\" class=\"mm__img\"   width=\"1289\" height=\"918\" loading=\"lazy\"\/><\/p>\n<p>Ampliar<\/p>\n<blockquote class=\"twitter-tweet\">\n<p lang=\"es\" dir=\"ltr\">Mi teor\u00eda es que s\u00ed que existen, pero que deciden simplemente ignorar su opini\u00f3n<\/p>\n<p>\u2014 Lidia G. Merenciano (@lidiamerenciano) <a href=\"https:\/\/twitter.com\/lidiamerenciano\/status\/1891874391094366222?ref_src=twsrc%5Etfw\" rel=\"nofollow noopener\" target=\"_blank\">February 18, 2025<\/a><\/p><\/blockquote>\n<p>Noticias relacionadas<\/p>\n<p class=\"\">Suscr\u00edbete al <a href=\"https:\/\/www.youtube.com\/@meristation\" target=\"_self\" rel=\"nofollow noopener\" title=\"https:\/\/www.youtube.com\/@meristation\">canal de MeriStation en YouTube<\/a>, tu web de videojuegos y entretenimiento para conocer todas las noticias y novedades sobre el mundo del videojuego, cine, series, manga y anime. An\u00e1lisis, entrevistas, tr\u00e1ileres, gameplays, p\u00f3dcast y mucho m\u00e1s. Tambi\u00e9n te animamos a seguir <a href=\"https:\/\/www.tiktok.com\/@meristation\" rel=\"nofollow noopener\" title=\"https:\/\/www.tiktok.com\/@meristation\" target=\"_blank\">nuestra cuenta de TikTok<\/a>. <\/p>\n<p class=\"\">\u00a1S\u00edguenos en ambas y, si est\u00e1s interesado en licenciar este contenido, pincha <a href=\"https:\/\/profesional.elpais.com\/soluciones-sindicacion?utm_medium=interno&amp;utm_source=crosslinking&amp;utm_campaign=sindicacion_as_pie_articulos\" target=\"_blank\" rel=\"nofollow noopener\" title=\"https:\/\/profesional.elpais.com\/soluciones-sindicacion?utm_medium=interno&amp;utm_source=crosslinking&amp;utm_campaign=sindicacion_as_pie_articulos\">aqu\u00ed<\/a>!<\/p>\n<p><script async src=\"https:\/\/platform.twitter.com\/widgets.js\" charset=\"utf-8\"><\/script><script async src=\"\/\/www.tiktok.com\/embed.js\"><\/script><\/p>\n","protected":false},"excerpt":{"rendered":"Aunque el cine espa\u00f1ol est\u00e1 en pie de guerra con la cinta por haber rodado en el Sahara&hellip;\n","protected":false},"author":2,"featured_media":162304,"comment_status":"","ping_status":"","sticky":false,"template":"","format":"standard","meta":{"footnotes":""},"categories":[174],"tags":[255,146,147,25,24,256,23],"class_list":{"0":"post-162303","1":"post","2":"type-post","3":"status-publish","4":"format-standard","5":"has-post-thumbnail","7":"category-famosos","8":"tag-celebrities","9":"tag-entertainment","10":"tag-entretenimiento","11":"tag-es","12":"tag-espana","13":"tag-famosos","14":"tag-spain"},"share_on_mastodon":{"url":"","error":""},"_links":{"self":[{"href":"https:\/\/www.europesays.com\/es\/wp-json\/wp\/v2\/posts\/162303","targetHints":{"allow":["GET"]}}],"collection":[{"href":"https:\/\/www.europesays.com\/es\/wp-json\/wp\/v2\/posts"}],"about":[{"href":"https:\/\/www.europesays.com\/es\/wp-json\/wp\/v2\/types\/post"}],"author":[{"embeddable":true,"href":"https:\/\/www.europesays.com\/es\/wp-json\/wp\/v2\/users\/2"}],"replies":[{"embeddable":true,"href":"https:\/\/www.europesays.com\/es\/wp-json\/wp\/v2\/comments?post=162303"}],"version-history":[{"count":0,"href":"https:\/\/www.europesays.com\/es\/wp-json\/wp\/v2\/posts\/162303\/revisions"}],"wp:featuredmedia":[{"embeddable":true,"href":"https:\/\/www.europesays.com\/es\/wp-json\/wp\/v2\/media\/162304"}],"wp:attachment":[{"href":"https:\/\/www.europesays.com\/es\/wp-json\/wp\/v2\/media?parent=162303"}],"wp:term":[{"taxonomy":"category","embeddable":true,"href":"https:\/\/www.europesays.com\/es\/wp-json\/wp\/v2\/categories?post=162303"},{"taxonomy":"post_tag","embeddable":true,"href":"https:\/\/www.europesays.com\/es\/wp-json\/wp\/v2\/tags?post=162303"}],"curies":[{"name":"wp","href":"https:\/\/api.w.org\/{rel}","templated":true}]}}