{"id":162305,"date":"2025-10-08T07:13:09","date_gmt":"2025-10-08T07:13:09","guid":{"rendered":"https:\/\/www.europesays.com\/es\/162305\/"},"modified":"2025-10-08T07:13:09","modified_gmt":"2025-10-08T07:13:09","slug":"ramon-enrich-y-sus-dos-hijos-artistas-que-conviven-en-un-taller-industrial-en-igualada","status":"publish","type":"post","link":"https:\/\/www.europesays.com\/es\/162305\/","title":{"rendered":"Ramon Enrich y sus dos hijos artistas que conviven en un taller industrial en Igualada"},"content":{"rendered":"<p data-gtm-element-container=\"modulo-texto-link\" class=\"paragraph\">El estudio de Ramon Enrich en el barrio del Rec de Igualada, el que durante siglos acogi\u00f3 adober\u00edas y otros oficios, es tan ca\u00f3tico como uno se imagina un taller de artistas. Est\u00e1 lleno de trapos, cuadros a medio pintar, potes y baldes que hacen que el miedo de derramar algo sin querer siempre est\u00e9 presente. En una pared destacan una escalera de colores que denota mucho trasiego arriba y abajo de los lienzos y un cuadro casi terminado que refleja el estilo de Ramon Enrich, una pintura con dos f\u00e1bricas y dos chimeneas que parecen agujas y que habla del manejo de espacios, proporciones y tonalidades intensas. \u201cSe llama Dos aguas, por los tejados\u201d, explica el pintor conocido por sus paisajes industriales y arquitect\u00f3nicos con toques de surrealismo moderado.<\/p>\n<p data-gtm-element-container=\"modulo-texto-link\" class=\"paragraph\">Ramon Enrich (Igualada, 1968) ha transmitido su vocaci\u00f3n art\u00edstica a sus dos hijos, que firman sus obras como Enrich.R, el primog\u00e9nito, e Isidre Enrich, el m\u00e1s joven. Un legado familiar que ya inici\u00f3 su abuelo, un fabricante textil con talento y vocaci\u00f3n para el dibujo y una gran pasi\u00f3n por las artes. Los tres trabajan por separado, pero comparten familia, estudio, herencia, una exposici\u00f3n conjunta que ha sido una de las grandes propuestas del Estudio Laterna de Eivissa este verano, y varias caracter\u00edsticas comunes en su estilo, como los colores terrosos del Mediterr\u00e1neo que visten los paisajes del padre, las composiciones abstractas de Enric. R y los lienzos florales de Isidre Enrich.<\/p>\n<p>                <img loading=\"lazy\" decoding=\"async\" data-full-src=\"https:\/\/www.lavanguardia.com\/uploads\/2025\/10\/06\/68e39d95debfb.jpeg\" alt=\"El origen de sus obras: una flor en el centro del lienzo\" width=\"449\" height=\"670\" src=\"https:\/\/www.europesays.com\/es\/wp-content\/uploads\/2025\/10\/68e39d95debfb.jpeg\" class=\"lazy\"\/><\/p>\n<p class=\"caption-title \">El origen de sus obras: una flor en el centro del lienzo<\/p>\n<p>                    Ritchie Jo<\/p>\n<p data-gtm-element-container=\"modulo-texto-link\" class=\"paragraph\">En las escenas inquietantes del padre, la luz levantina es intensa y suelen verse tambi\u00e9n edificios de car\u00e1cter industrial que recuerdan a los de Igualada. \u201cMe gusta mucho jugar con la iron\u00eda de lo que puedo construir pintando y que los arquitectos no pueden crear\u201d, afirma en un di\u00e1logo compartido con sus hijos. \u201cMis pinturas son como visiones casi on\u00edricas, sin funcionalidad, una representaci\u00f3n escenogr\u00e1fica, un trompe \u00e0 l&#8217;oeil, no son reales\u201d, detalla el artista, que ha expuesto en galer\u00edas de Nueva York, Hong Kong, Berl\u00edn, \u00c1msterdam o Roma entre otras ciudades de referencia del arte vanguardista.<\/p>\n<p data-gtm-element-container=\"modulo-texto-link\" class=\"paragraph\">Para Ram\u00f3n Enrich, lo peor que puede pasar en un cuadro es que sea c\u00f3modo, bonito e inexpresivo, y busca un punto de serenidad y, tambi\u00e9n, de \u201cmala leche\u201d, confiesa, y eso es en parte lo que ha querido traspasar a sus hijos. Padre e hijo mayor son\u00a0los Ramones\u00a0de Igualada. Ambos comparten el mismo nombre, pero Enrich. R., nacido en el 2001, renunci\u00f3 a utilizarlo para evitar confusiones y decidi\u00f3 girar apellido y nombre.\u00a0<\/p>\n<blockquote>\n<p>        Mi obra es como una ventana al mundo que no puedo poner en palabras porque el origen siempre es m\u00faltiple\u201d<\/p>\n<p>            Enrich. R<\/p>\n<\/blockquote>\n<p data-gtm-element-container=\"modulo-texto-link\" class=\"paragraph\">Enrich. R pretende decir mucho con poco, apenas unos trazos y unas l\u00edneas, una exploraci\u00f3n del movimiento a trav\u00e9s del arte m\u00e1s abstracto. \u201cLa l\u00ednea, la forma, la degradaci\u00f3n, el agua\u2026 son elementos que son excusas para crear algo que lleve a cuestionar sobre el proceso, sobre la gravedad de las cosas\u201d, describe con convicci\u00f3n.<\/p>\n<p data-gtm-element-container=\"modulo-texto-link\" class=\"paragraph\">Ramon Enrich, en sus inicios como artista, pas\u00f3 temporadas en Frankfurt y Berl\u00edn, y es conocida su escapada al desierto de Texas para ir a ver a su \u00eddolo Donald Judd y su amistad con David Hockney. Enrich. R comparte esos referentes y adem\u00e1s se inspira en Brancusi, Rothko o Hern\u00e1ndez Pijuan, pero sin renunciar a la luz mediterr\u00e1nea, intensa y profunda como su mirada, algo que tiene en com\u00fan con su padre y su hermano.<\/p>\n<p data-gtm-element-container=\"modulo-texto-link\" class=\"paragraph\">\u201cMe fui a Londres a conocer a Richard Long, le mand\u00e9 un email donde le comentaba que crecimos en nuestra familia con sus libros y que siempre hemos homenajeado su trabajo en muchas de nuestras charlas, porque es muy sublime. Le pregunt\u00e9 si pod\u00eda ir a visitarlo y me invit\u00f3 a pasar un d\u00eda con \u00e9l, me recibi\u00f3 en su casa, comimos juntos y pasamos una tarde caminando por Hampstead. Fue genial, algo con valor a\u00f1adido y al final fue como una relaci\u00f3n abuelo nieto, hubo mucha naturalidad\u201d, recuerda.<\/p>\n<p>                <img loading=\"lazy\" decoding=\"async\" data-full-src=\"https:\/\/www.lavanguardia.com\/uploads\/2025\/10\/06\/68e39ee15a299.jpeg\" alt=\"Sus referentes: Brancusi, Hern\u00e1ndez Pijuan o Rothko\" width=\"449\" height=\"599\" src=\"https:\/\/www.europesays.com\/es\/wp-content\/uploads\/2025\/10\/68e39ee15a299.jpeg\" class=\"lazy\"\/><\/p>\n<p class=\"caption-title \">Sus referentes: Brancusi, Hern\u00e1ndez Pijuan o Rothko<\/p>\n<p>                    Nacho Alegre<\/p>\n<p data-gtm-element-container=\"modulo-texto-link\" class=\"paragraph\">Enrich. R, que pese a su juventud ya ha expuesto en Nueva York, Berl\u00edn, Copenhague o Bilbao y ha participado en ferias como Art Par\u00eds o Estampa, intenta respetar la armon\u00eda y belleza de las formas mientras se plantea el misterio de la creaci\u00f3n art\u00edstica. El resultado son pinturas de formas asim\u00e9tricas y fugaces que van m\u00e1s all\u00e1 de lo superficial para adentrarse en lo que no se ve a simple vista. \u201cMi obra es como una ventana al mundo que no puedo poner en palabras porque el origen siempre es m\u00faltiple\u201d, dice.<\/p>\n<p data-gtm-element-container=\"modulo-texto-link\" class=\"paragraph\">Por su parte, Isidre Enrich (Barcelona, 2002), el peque\u00f1o de la saga familiar, trabaja en la frontera entre el arte figurativo y el abstracto o, lo que es lo mismo, a medio camino entre el formato de su padre y el de su hermano mayor. Para \u00e9l, todo comienza siempre con una flor en el centro del lienzo. A partir de esa forma reflexiona sobre el paso del tiempo y la belleza de lo ef\u00edmero. \u201cRecuerdo que una vez comenc\u00e9 pintando flores tal como son, y luego empec\u00e9 a cambiar los colores de las macetas hasta que pint\u00e9 una flor toda de azul y me dije, pues esa es su identidad, y a mi padre le gust\u00f3 mucho, y ya la dej\u00e9 as\u00ed\u201d, explica Isidre.<\/p>\n<p>                <img loading=\"lazy\" decoding=\"async\" data-full-src=\"https:\/\/www.lavanguardia.com\/uploads\/2025\/10\/06\/68e3a2fba2947.jpeg\" alt=\"Isidre Enrich: una familia de artistas\" width=\"449\" height=\"301\" src=\"https:\/\/www.europesays.com\/es\/wp-content\/uploads\/2025\/10\/68e3a2fba2947.jpeg\" class=\"lazy\"\/><\/p>\n<p class=\"caption-title \">Isidre Enrich: una familia de artistas<\/p>\n<p>                    Enrich\u00b3 F\u00e1brica de talento<\/p>\n<p data-gtm-element-container=\"modulo-texto-link\" class=\"paragraph\">Cada una de las composiciones de Isidre destaca por el equilibrio entre estructura y gesto, entre la precisi\u00f3n de las formas y la vulnerabilidad de lo que representan. De esas obras, se pueden ver algunas en el estudio de Igualada, como una de 2024 en la que predominan los tonos rosas y rojos. Isidre la ha llamado F27, pues \u201cm\u00e1s que llamarlas, las enumero\u201d, comenta mientras muestra el rinc\u00f3n de trabajo de cada uno de los Enrich. \u201cIsidre tiene mucha expresividad y es capaz de transmitir mucha emoci\u00f3n en el trazo, algo que es muy dif\u00edcil porque es una cosa de pulsi\u00f3n que no se aprende en ning\u00fan sitio y \u00e9l aprovecha este recurso\u201d, interrumpe Ramon.<\/p>\n<p data-gtm-element-container=\"modulo-texto-link\" class=\"paragraph\">Los lenguajes distintos, pero complementarios se vieron plasmados en el Estudio Laterna, en Santa Gertrudis (Eivissa), en la exposici\u00f3n Enrich\u00b3, comisariada por Luis Galliussi, que vio el escenario perfecto para reunir a los tres Enrich porque \u201cno solo es una galer\u00eda de arte, sino un universo, un espacio donde pasan cosas relacionadas con la vida, el arte y, en este caso, la familia\u201d, afirma el arquitecto que se define como antidecorador.<\/p>\n<p data-gtm-element-container=\"modulo-texto-link\" class=\"paragraph\">Esta exposici\u00f3n lleg\u00f3 de forma inesperada, como suelen aparecer las cosas importantes: \u201ca trav\u00e9s de una invitaci\u00f3n, una intuici\u00f3n y un encuentro\u201d, afirman Andrea S\u00e1nchez y Ricardo Jarpa, fundadores y directores del Estudio Laterna.\u00a0<\/p>\n<blockquote>\n<p>        \u201cVer el suelo manchado, las manos llenas de pinturas\u2026Para un ni\u00f1o es un mundo vivo\u201d<\/p>\n<p>            Enrich. R<\/p>\n<\/blockquote>\n<p data-gtm-element-container=\"modulo-texto-link\" class=\"paragraph\">\u201cCreo que ambas generaciones comparten una pasi\u00f3n por los colores del Mediterr\u00e1neo, que tambi\u00e9n vemos en Eivissa. En su estudio de Igualada (donde hasta la mugre est\u00e1 llena de exquisita belleza) pude ver c\u00f3mo el car\u00e1cter industrial de la zona les hab\u00eda influido tanto a padre como a hijos\u201d, a\u00f1ade Galliussi, que a pesar de que le encantan las obras arquitect\u00f3nicas y on\u00edricas de Ramon Enrich, cercanas al universo de Giorgio de Chirico, reconoce que sus favoritas son \u201csus m\u00e1gicas y silenciosas esculturas m\u00f3viles, que dibujan en el aire con cada vuelta que dan\u201d.<\/p>\n<p data-gtm-element-container=\"modulo-texto-link\" class=\"paragraph\">Enrich. R e Isidre desde peque\u00f1os han convivido con el arte de su padre, aunque sus primeros dibujos los viv\u00edan solo como un juego. \u201cVer el suelo manchado, las manos llenas de pinturas\u2026Para un ni\u00f1o es un mundo vivo\u201d, recuerda Isidre. \u201cS\u00ed, era como un juego, pero no lo hac\u00edan con acuarelas, sino con pinceles y brochas grandes, con telas, desde peque\u00f1os sab\u00edan lo que era hacer un cuadro de dos metros por dos metros\u201d, a\u00f1ade Ramon.<\/p>\n<p>                <img loading=\"lazy\" decoding=\"async\" data-full-src=\"https:\/\/www.lavanguardia.com\/uploads\/2025\/10\/06\/68e3a05494613.jpeg\" alt=\"En el estudio que comparten los tres\" width=\"449\" height=\"599\" src=\"https:\/\/www.europesays.com\/es\/wp-content\/uploads\/2025\/10\/68e3a05494613.jpeg\" class=\"lazy\"\/><\/p>\n<p class=\"caption-title \">En el estudio que comparten los tres<\/p>\n<p>                    Nacho Alegre<\/p>\n<p data-gtm-element-container=\"modulo-texto-link\" class=\"paragraph\">Se maravillaban tambi\u00e9n con las mezclas de pintura, la reacci\u00f3n al secarse, c\u00f3mo tensaban las telas y desde entonces conservan una devoci\u00f3n por el pigmento, la parte f\u00edsica del cuadro. El trabajo de los artistas es cada d\u00eda, porque pasan muchas cosas, seg\u00fan Enrich. R, quien est\u00e1 ultimando una exposici\u00f3n en Londres para diciembre. Isidre Enrich exhibir\u00e1 pronto en Barcelona y Ramon Enrich mostrar\u00e1 su trabajo en Nueva York y Londres.<\/p>\n<p data-gtm-element-container=\"modulo-texto-link\" class=\"paragraph\">Cada uno tiene sus galer\u00edas, contactos y clientes propios, aunque comparten log\u00edstica, pinturas, estudio en Igualada, en el barrio del Rec, lleno de f\u00e1bricas antiguas aunque algunas funcionan y todav\u00eda trabajan la piel para marcas de lujo como Gucci, Louis Vuitton o Prada. El taller de los Enrich era un almac\u00e9n de curtidos en la planta baja y una lavander\u00eda en la superior. En otra \u00e9poca el barrio fue testigo de un tejido industrial potente y ahora es un terreno donde los Enrich exploran su creatividad.<\/p>\n","protected":false},"excerpt":{"rendered":"El estudio de Ramon Enrich en el barrio del Rec de Igualada, el que durante siglos acogi\u00f3 adober\u00edas&hellip;\n","protected":false},"author":2,"featured_media":162306,"comment_status":"","ping_status":"","sticky":false,"template":"","format":"standard","meta":{"footnotes":""},"categories":[173],"tags":[229,233,231,230,232,234,146,147,25,24,23],"class_list":{"0":"post-162305","1":"post","2":"type-post","3":"status-publish","4":"format-standard","5":"has-post-thumbnail","7":"category-arte-y-diseno","8":"tag-arte","9":"tag-arte-y-diseno","10":"tag-arts","11":"tag-arts-and-design","12":"tag-design","13":"tag-diseno","14":"tag-entertainment","15":"tag-entretenimiento","16":"tag-es","17":"tag-espana","18":"tag-spain"},"share_on_mastodon":{"url":"","error":""},"_links":{"self":[{"href":"https:\/\/www.europesays.com\/es\/wp-json\/wp\/v2\/posts\/162305","targetHints":{"allow":["GET"]}}],"collection":[{"href":"https:\/\/www.europesays.com\/es\/wp-json\/wp\/v2\/posts"}],"about":[{"href":"https:\/\/www.europesays.com\/es\/wp-json\/wp\/v2\/types\/post"}],"author":[{"embeddable":true,"href":"https:\/\/www.europesays.com\/es\/wp-json\/wp\/v2\/users\/2"}],"replies":[{"embeddable":true,"href":"https:\/\/www.europesays.com\/es\/wp-json\/wp\/v2\/comments?post=162305"}],"version-history":[{"count":0,"href":"https:\/\/www.europesays.com\/es\/wp-json\/wp\/v2\/posts\/162305\/revisions"}],"wp:featuredmedia":[{"embeddable":true,"href":"https:\/\/www.europesays.com\/es\/wp-json\/wp\/v2\/media\/162306"}],"wp:attachment":[{"href":"https:\/\/www.europesays.com\/es\/wp-json\/wp\/v2\/media?parent=162305"}],"wp:term":[{"taxonomy":"category","embeddable":true,"href":"https:\/\/www.europesays.com\/es\/wp-json\/wp\/v2\/categories?post=162305"},{"taxonomy":"post_tag","embeddable":true,"href":"https:\/\/www.europesays.com\/es\/wp-json\/wp\/v2\/tags?post=162305"}],"curies":[{"name":"wp","href":"https:\/\/api.w.org\/{rel}","templated":true}]}}