{"id":162309,"date":"2025-10-08T07:16:07","date_gmt":"2025-10-08T07:16:07","guid":{"rendered":"https:\/\/www.europesays.com\/es\/162309\/"},"modified":"2025-10-08T07:16:07","modified_gmt":"2025-10-08T07:16:07","slug":"milei-el-incendio-cantado-de-argentina-la-voz-de-galicia","status":"publish","type":"post","link":"https:\/\/www.europesays.com\/es\/162309\/","title":{"rendered":"Milei, el incendio cantado de Argentina &#8211; La Voz de Galicia"},"content":{"rendered":"<ol>\n<li><a href=\"https:\/\/news.google.com\/rss\/articles\/CBMiuAFBVV95cUxNTDlPZ2UwVUVmUEJGT0t0UEI1czNUdVlMeGl0UldrNXZZaGppVWl3cWhtSVFHMElRSHlqQVh0cHl2aHhicDI0ZjVsZWh0QVcxSmh0UmFCSmJZLVhRT3d4TllROEdMQWFvMEtxeU53Zm15RzlacHNiandVYnExc0FFRWRIX0p5cGI2Zm5LdElkaXV4N0Fta3ZRSW9WUm5NY0pIaWJfbnFuR2h3TWxiZW5TUkNsWDJhZFAx0gHUAUFVX3lxTE81Y1YycngtOGl4RV9JalhKbFk0YVlTY2ZPNTRXRE9pckMxZVFHdHFETWJBR3FySjctZG5IUDE0N0hydWpfclE2amdlOFRzb3NRM0hUUm9RQkxHaHRPQkliSXFqemZuMHpTYWw5RC1WdEhoUnp4X21TNk5lOU51SWQxc09QaGl6YWxNUVI1UWZLSXYweGRKQWQ3VHVkQUhiX0tBZTgyNjg3RDNvcTRFSFJ3dkNqMFVneGFtd1YwUDdJcElVcWFVN0lPaG1GaGhfZC1YbzZF?oc=5\" target=\"_blank\" rel=\"nofollow noopener\">Milei, el incendio cantado de Argentina<\/a>&nbsp;&nbsp;La Voz de Galicia<\/li>\n<li><a href=\"https:\/\/news.google.com\/rss\/articles\/CBMivwFBVV95cUxOODcxeE5ua0xodzRlU0lGd2M0ZFBLNmJYYUdLUmVnV0tMcTBQWmVrQUl6SnhaRnRPblIyaGQyN2UwN0EwYldlODhocXVEdTF3bURLWTA4LWtvOEFIR1Q3VFNGSWdPbjJ2ZERTS3FvZk8xOHJTSTJvWGI5R2U0UGJTM0YyQ1RTN0ppcGl2ekRWNzBNRHFZc2UtcVRDMjlBQ2pXb3pSOUpWcWZQV2FBUXEwY2k1aGpJRGF6eWtac3d2bw?oc=5\" target=\"_blank\" rel=\"nofollow noopener\">Milei canta durante un mitin rodeado de esc\u00e1ndalos pol\u00edticos<\/a>&nbsp;&nbsp;RTVE.es<\/li>\n<li><a href=\"https:\/\/news.google.com\/rss\/articles\/CBMigwFBVV95cUxOa2VabUZ6Smk3VWZDeC14VHYyZGtZWHlHalNXV01LdUM0d2dXcVYzNjJoRm9UMWQ2UHJsWkc4UVc0THhqZmdqczZoZHp0Ty1OQnVKYjRSdHpFdkxlbWRadVlDNGdIcmdtMTFBaUhWY2hZaTFpaS10RFlXcWtLQ0Jtd2ZoMNIBgwFBVV95cUxQZldvZDZzTy1ITXpRR2FqQ2FkTFJlOFBjcFBydGx2aEJxZFp6VldIU0NRVmdCSmZ6ZjRaM3Q5M2JMMmNHYU4tSGVoZkwtQ2kzbzVjUThLRWx5YWwwaS1UMmx6RlVPYjBrRF9WRW5PMmd4emctWHZrSGhWZVRFVTI3MUVsWQ?oc=5\" target=\"_blank\" rel=\"nofollow noopener\">Homenaje a Charlie Kirk, Hava Nagila y bombas nucleares: Milei lleva al extremo el surrealismo libertario<\/a>&nbsp;&nbsp;El Mundo<\/li>\n<li><a href=\"https:\/\/news.google.com\/rss\/articles\/CBMiW0FVX3lxTE91ak82R2phUUNjUkdoYU5jVVNnTktpU09rbkhEbFBOZXZVZVpmYWpmcTBIajdzbkhBNDAzQmIyNWQ4Tzh5Wmtac0h1TGVhR2VieVFmZlgzeXdYb1U?oc=5\" target=\"_blank\" rel=\"nofollow noopener\">El ins\u00f3lito concierto con el que Milei busc\u00f3 \u00abrecuperar la m\u00edstica\u00bb en medio de los esc\u00e1ndalos de corrupci\u00f3n y la crisis econ\u00f3mica en Argentina<\/a>&nbsp;&nbsp;BBC<\/li>\n<\/ol>\n","protected":false},"excerpt":{"rendered":"Milei, el incendio cantado de Argentina&nbsp;&nbsp;La Voz de Galicia Milei canta durante un mitin rodeado de esc\u00e1ndalos pol\u00edticos&nbsp;&nbsp;RTVE.es&hellip;\n","protected":false},"author":2,"featured_media":162310,"comment_status":"","ping_status":"","sticky":false,"template":"","format":"standard","meta":{"footnotes":""},"categories":[170],"tags":[283,2353,146,147,25,24,3218,4245,184,185,6914,23],"class_list":{"0":"post-162309","1":"post","2":"type-post","3":"status-publish","4":"format-standard","5":"has-post-thumbnail","7":"category-musica","8":"tag-argentina","9":"tag-buenos-aires","10":"tag-entertainment","11":"tag-entretenimiento","12":"tag-es","13":"tag-espana","14":"tag-jair-bolsonaro","15":"tag-javier-milei","16":"tag-music","17":"tag-musica","18":"tag-santiago-abascal","19":"tag-spain"},"share_on_mastodon":{"url":"","error":""},"_links":{"self":[{"href":"https:\/\/www.europesays.com\/es\/wp-json\/wp\/v2\/posts\/162309","targetHints":{"allow":["GET"]}}],"collection":[{"href":"https:\/\/www.europesays.com\/es\/wp-json\/wp\/v2\/posts"}],"about":[{"href":"https:\/\/www.europesays.com\/es\/wp-json\/wp\/v2\/types\/post"}],"author":[{"embeddable":true,"href":"https:\/\/www.europesays.com\/es\/wp-json\/wp\/v2\/users\/2"}],"replies":[{"embeddable":true,"href":"https:\/\/www.europesays.com\/es\/wp-json\/wp\/v2\/comments?post=162309"}],"version-history":[{"count":0,"href":"https:\/\/www.europesays.com\/es\/wp-json\/wp\/v2\/posts\/162309\/revisions"}],"wp:featuredmedia":[{"embeddable":true,"href":"https:\/\/www.europesays.com\/es\/wp-json\/wp\/v2\/media\/162310"}],"wp:attachment":[{"href":"https:\/\/www.europesays.com\/es\/wp-json\/wp\/v2\/media?parent=162309"}],"wp:term":[{"taxonomy":"category","embeddable":true,"href":"https:\/\/www.europesays.com\/es\/wp-json\/wp\/v2\/categories?post=162309"},{"taxonomy":"post_tag","embeddable":true,"href":"https:\/\/www.europesays.com\/es\/wp-json\/wp\/v2\/tags?post=162309"}],"curies":[{"name":"wp","href":"https:\/\/api.w.org\/{rel}","templated":true}]}}