{"id":162327,"date":"2025-10-08T07:27:04","date_gmt":"2025-10-08T07:27:04","guid":{"rendered":"https:\/\/www.europesays.com\/es\/162327\/"},"modified":"2025-10-08T07:27:04","modified_gmt":"2025-10-08T07:27:04","slug":"el-porrino-con-bajas-recibe-al-reforzado-elda-prestigio","status":"publish","type":"post","link":"https:\/\/www.europesays.com\/es\/162327\/","title":{"rendered":"El Porri\u00f1o, con bajas, recibe al reforzado Elda Prestigio"},"content":{"rendered":"<p class=\"paragraph-atom &#10;        B-500-300-700-N B-550-300-700-N--md  \">El <a href=\"https:\/\/www.atlantico.net\/temas\/club-balonmano-porrino\/\" rel=\"nofollow noopener\" target=\"_blank\">Conservas Orbe Zendal Porri\u00f1o<\/a> disputa esta noche (20:30, Municipal) un nuevo encuentro de Divisi\u00f3n de Honor antes de afrontar un par\u00f3n en la competici\u00f3n que necesita la formaci\u00f3n louri\u00f1esa porque los problemas f\u00edsicos se extienden por la <strong>plantilla dirigida por Isma Mart\u00ednez. <\/strong>Aitana Santom\u00e9, Aroa Fern\u00e1ndez y Juliana Santos, todas primeras l\u00ednea, y la guardameta Ana Palomino son baja para este partido. Adem\u00e1s, la central Caro Bono est\u00e1 maltrecha por un golpe en un hombro y la lateral lanzadora Vicky Szembery est\u00e1 con problemas en un gemelo. Lleva dos d\u00edas de descanso para intentar jugar esta tarde antes de la parada que permite el calendario. De no darse, directamente no jugar\u00eda para evitar una dolencia m\u00e1s grave. <\/p>\n<p class=\"paragraph-atom &#10;        B-500-300-700-N B-550-300-700-N--md  \">Es decir, las opciones del entrenador son muy limitadas y recurre al filial para completar la convocatoria.<strong> Iria Benaches, Iria Augusto, Isis Moreno y la guardameta juvenil Raquel<\/strong> estar\u00e1n en la cita, con el agravante de que s\u00f3lo Augusto es una jugadora de primera l\u00ednea. Muchos problemas para el Porri\u00f1o en un partido que se presume duro contra un Elda que llega al duelo con cinco puntos, uno menos que la formaci\u00f3n local. <\/p>\n<p class=\"paragraph-atom &#10;        B-500-300-700-N B-550-300-700-N--md  \">Por lo tanto, ser\u00e1 un encuentro clave en la zona media de la clasificaci\u00f3n y que se presume igualado y defensivo. As\u00ed lo est\u00e1 mostrando el Porri\u00f1o en el comienzo de curso y todas las formaciones de <strong>Jos\u00e9 Ignacio Prades<\/strong> -ahora entrenador del Elda- destacan por la contenci\u00f3n.<\/p>\n<p>    Regreso de Valles y Maddi Bengoetxea<\/p>\n<p class=\"paragraph-atom &#10;        A-300-300-500-N  \">En la plantilla del Elda Prestigio se encuentran dos jugadoras que hace unos meses estaban en el Conservas Orbe Zendal Porri\u00f1o disputando el t\u00edtulo de la European Cup. Son la central Malena Valles y la lateral Maddi Bengoetxea. Ambas jugadoras optaron por cambiar la formaci\u00f3n louri\u00f1esa por la alicantina este verano. No fueron los \u00fanicos refuerzos de la escuadra eldense porque tambi\u00e9n llegaron Marina Gonz\u00e1lez, Emi Heilmann y Julia Terrado. Deportistas de calidad que se sumaron a las que ya ten\u00eda el equipo, que pas\u00f3 ciertos apuros el pasado curso para mantener la categor\u00eda, pero que mejor\u00f3 con la llegada de Jos\u00e9 Ignacio Prades con la temporada empezada. <\/p>\n","protected":false},"excerpt":{"rendered":"El Conservas Orbe Zendal Porri\u00f1o disputa esta noche (20:30, Municipal) un nuevo encuentro de Divisi\u00f3n de Honor antes&hellip;\n","protected":false},"author":2,"featured_media":162328,"comment_status":"","ping_status":"","sticky":false,"template":"","format":"standard","meta":{"footnotes":""},"categories":[278],"tags":[8917,376,168,22185,25,24,375,18368,3684,36346,23,167],"class_list":{"0":"post-162327","1":"post","2":"type-post","3":"status-publish","4":"format-standard","5":"has-post-thumbnail","7":"category-balonmano","8":"tag-bajas","9":"tag-balonmano","10":"tag-deportes","11":"tag-elda","12":"tag-es","13":"tag-espana","14":"tag-handball","15":"tag-porrino","16":"tag-recibe","17":"tag-reforzado","18":"tag-spain","19":"tag-sports"},"share_on_mastodon":{"url":"","error":""},"_links":{"self":[{"href":"https:\/\/www.europesays.com\/es\/wp-json\/wp\/v2\/posts\/162327","targetHints":{"allow":["GET"]}}],"collection":[{"href":"https:\/\/www.europesays.com\/es\/wp-json\/wp\/v2\/posts"}],"about":[{"href":"https:\/\/www.europesays.com\/es\/wp-json\/wp\/v2\/types\/post"}],"author":[{"embeddable":true,"href":"https:\/\/www.europesays.com\/es\/wp-json\/wp\/v2\/users\/2"}],"replies":[{"embeddable":true,"href":"https:\/\/www.europesays.com\/es\/wp-json\/wp\/v2\/comments?post=162327"}],"version-history":[{"count":0,"href":"https:\/\/www.europesays.com\/es\/wp-json\/wp\/v2\/posts\/162327\/revisions"}],"wp:featuredmedia":[{"embeddable":true,"href":"https:\/\/www.europesays.com\/es\/wp-json\/wp\/v2\/media\/162328"}],"wp:attachment":[{"href":"https:\/\/www.europesays.com\/es\/wp-json\/wp\/v2\/media?parent=162327"}],"wp:term":[{"taxonomy":"category","embeddable":true,"href":"https:\/\/www.europesays.com\/es\/wp-json\/wp\/v2\/categories?post=162327"},{"taxonomy":"post_tag","embeddable":true,"href":"https:\/\/www.europesays.com\/es\/wp-json\/wp\/v2\/tags?post=162327"}],"curies":[{"name":"wp","href":"https:\/\/api.w.org\/{rel}","templated":true}]}}