{"id":162343,"date":"2025-10-08T07:40:19","date_gmt":"2025-10-08T07:40:19","guid":{"rendered":"https:\/\/www.europesays.com\/es\/162343\/"},"modified":"2025-10-08T07:40:19","modified_gmt":"2025-10-08T07:40:19","slug":"cronicade-primal-fear-eleine-en-madrid-y-fotos-de-pamplona","status":"publish","type":"post","link":"https:\/\/www.europesays.com\/es\/162343\/","title":{"rendered":"Cr\u00f3nicade PRIMAL FEAR + ELEINE en Madrid y fotos de Pamplona"},"content":{"rendered":"<p>\u00a0<\/p>\n<tr>\n<td>\n<img fetchpriority=\"high\" decoding=\"async\" src=\"https:\/\/www.europesays.com\/es\/wp-content\/uploads\/2025\/10\/logo2019.png\" alt=\"PRIMAL FEAR\" width=\"300\" height=\"172\"\/>\n<\/td>\n<\/tr>\n<p><strong>+ ELEINE<\/strong><\/p>\n<p align=\"center\"><strong>Martes 30 de Septiembre 2025 \u2013 Sala Mon \u2013 Madrid<\/strong><\/p>\n<p>Hace ya bastante tiempo que no ten\u00eda la oportunidad de ver a los alemanes <strong>PRIMAL FEAR<\/strong> en acci\u00f3n, concretamente desde su paso por el GRANITO ROCK en el 2018. Por motivos varios, la gira de \u00abMetal Commando\u00bb nos la perdimos\u2026 tambi\u00e9n la de \u00abCode Red\u00bb, y ahora, con un reci\u00e9n lanzado \u00abDomination\u00bb, las ganas de ver a la banda de <strong>Ralf Scheepers<\/strong> y <strong>Mat Sinner<\/strong> hab\u00edan crecido exponencialmente, especialmente poseyendo en su discograf\u00eda tres nuevos bloques de puro heavy metal en forma de \u00e1lbum sin presentar a\u00fan por nuestro pa\u00eds. Creo que est\u00e1n en un momento muy dulce, lanzando discos de mucho nivel que avalan los casi 30 a\u00f1os de banda. Claro que les hemos visto en infinidad de ocasiones, de todas las formas posibles, pero sucede que cuando te acostumbras a algo, a algo bueno de verdad, y de repente se corta de ra\u00edz, lo echas de menos\u2026\u00a1eso me hab\u00eda ocurrido con una de las mejores bandas de heavy metal de alemania!. Si a todo ello le sumamos la expectaci\u00f3n que suponen varios cambios en la alineaci\u00f3n, y la recuperaci\u00f3n de <strong>Mat<\/strong>, la curiosidad por ver qu\u00e9 nos pueden ofrecer <strong>PRIMAL FEAR<\/strong> en directo, en pleno 2025, se multiplican. <strong>Andr\u00e9 Hilgers<\/strong> siempre me pareci\u00f3 un bater\u00eda excelente, y por lo que hab\u00eda podido ver en v\u00eddeos de este verano, <strong>Thal\u00eca Bellazecca<\/strong> no es una instrumentista de bajas facultades\u2026 tampoco me cab\u00eda la menor duda de que \u00ablos jefes\u00bb no van a andarse con medias tintas a la hora de escoger miembros para una banda del nivel de la suya. Por fin lo comprobar\u00edamos de primera mano en la capital, en una animad\u00edsima Sala Mon.<\/p>\n<p>A la banda sueca <strong>ELEINE<\/strong> ya hab\u00eda tenido oportunidad de verles en acci\u00f3n, en un gran show all\u00e1 por el 2023 teloneando a PAIN, y he de decir que, a\u00fan teniendo en cuenta que la formaci\u00f3n ha pasado alguna etapa desagradable desde entonces, teniendo que expulsar a su bajista <strong>Filip St\u00e5lberg<\/strong> y a su bater\u00eda <strong>Jesper Sunnhagen<\/strong>, el hecho de verles sin ning\u00fan adorno de escenario, sin bajista y con un sonido muy inferior al de aquella ocasi\u00f3n, hizo que esta vez no llegasen a impactarme como s\u00ed lo hicieron hace dos a\u00f1os. Capitaneados por <strong>Madeleine Liljestam<\/strong>, la banda empez\u00f3 duro y fuerte con \u00abEnemies\u00bb de \u00abDancing in Hell\u00bb, su tercer trabajo de estudio. El sonido no era del todo cristalino, la bater\u00eda sonaba quiz\u00e1s demasiado, siendo protagonistas las aplastantes guitarras de <strong>Victor Jonasson<\/strong> y <strong>Rikard Ekberg<\/strong>, qui\u00e9n se marc\u00f3 algunos guturales muy definidos y bien incrustados. Ese muro que generan entre los dos, fue el atractivo del concierto, y lo que gener\u00f3 headbanging por doquier, ya que la voz de <strong>Madeleine<\/strong>, al menos desde mi posici\u00f3n, no se escuchaba con la calidad que s\u00ed son\u00f3 en la anterior ocasi\u00f3n que pude disfrutar de uno de sus conciertos. Elementos pre-grabados, y una sensaci\u00f3n extra\u00f1a al no ver a un bajista en el escenario, no impidieron que la banda se dejase la piel en ofrecer entretenimiento y un buen espect\u00e1culo.<\/p>\n<p>Ya lo dije anteriormente, pero es que el riff de \u00abNever Forget\u00bb, podr\u00eda pertenecer a alguno de los discos de AMON AMARTH cl\u00e1sicos. El tema, uno de los mejores de su cat\u00e1logo, no dej\u00f3 que escuch\u00e1semos la gran voz de <strong>Madeleine<\/strong> como nos gustar\u00eda, pero no fue impedimento para cantar el buen\u00edsimo estribillo junto a ellos, dando f\u00e9, adem\u00e1s, de que hubo gente por las primeras filas que iba a verles exclusivamente a ellos, y que se lo pasaron en grande. \u00abAva of Death\u00bb sigue con esa t\u00f3nica de afinaci\u00f3n baja, gran riff, la banda moviendo sus cuellos, dando cancha a su tercer trabajo discogr\u00e1fico, al que parecen tenerle mucha estima, si no, a las pruebas me remito, pues tambi\u00e9n cay\u00f3 \u00abAs I Breath\u00bb del mismo trabajo, con una buen\u00edsima recepci\u00f3n, la banda \u00abon fire\u00bb, a\u00fan sin contar con el mejor de los sonidos y un p\u00fablico entre el que parec\u00eda haber personal muy conforme con lo que <strong>ELEINE<\/strong> nos proponen. \u00abWe Are Legion\u00bb de su \u00faltimo \u00e1lbum, \u00abWe Shall Remain\u00bb, vuelve a traerme a la cabeza a AMON AMARTH y su \u00abPursuit of Vikings\u00bb en su riff principal, que provoca una batidora de melenas girando sobre el escenario. Uno de los himnos de <strong>ELEINE<\/strong>\u00a0 que parece tener buena recepci\u00f3n en su comunidad de fans. \u00abWar Das Alles\u00bb supuso un respiro que se disfrut\u00f3, pero la no presencia de un bajo que deber\u00eda estar especialmente presente dada la naturaleza del tema, volv\u00eda a resultar extra\u00f1o\u2026 no obstante, la atm\u00f3sfera del tema aporta variedad al show, y podemos escuchar con m\u00e1s claridad la potente voz de <strong>Madeleine<\/strong>.<\/p>\n<p>\u00abDancing in Hell\u00bb fue de nuevo protagonista con uno de esos cortes m\u00e1s atmosf\u00e9ricos y sinf\u00f3nicos de aquel disco, \u00abWhere Your Rotting Corpse Lie (W.Y.R.C.L.)\u00bb, y se llega as\u00ed a \u00abWe Stand United\u00bb, en la que, bandera en mano, la vocalista vivi\u00f3 e hizo vivir un nuevo himno para ELEINE, perteneciente a su reci\u00e9n estrenado nuevo EP. El interludio \u00abVemod\u00bb, fue el inicio del fin con \u00abAll Shall Burn\u00bb y su melodiosidad por bandera, y, por supuesto \u00abWe Shall Remain\u00bb, uno de los inamovibles de la banda, que gracias a la dupla guitarrera son\u00f3 atronador, finalizando un show que, a\u00fan con algunas fisuras, pudo disfrutarse y volvi\u00f3 a servir como buena carta de presentaci\u00f3n para los curiosos. El tema de cierre es un gran hit, que despidi\u00f3 Mon dejando buenas sensaciones en unos asistentes que acogieron muy bien su forma de mostrarse. Esperaremos a verles de nuevo con un espect\u00e1culo m\u00e1s completo, un bajista y, a ser posible, un teclista al que al menos veamos disparar orquestaciones y dem\u00e1s elementos.<\/p>\n<p>Algo se hicieron esperar <strong>PRIMAL FEAR<\/strong> con el cambio de atrezo, teniendo en cuenta que <strong>ELEINE<\/strong> hab\u00edan salido con retraso anteriormente. Dos telones laterales con motivos de \u00abDomination\u00bb, la portada del \u00faltimo \u00e1lbum como reclamo central en las pantallas, as\u00ed como algunas peque\u00f1as plataformas, fueron la artiller\u00eda que utiliz\u00f3 el panzer alem\u00e1n, m\u00e1s que suficiente, para arrasarlo todo a su paso. Esos parches de bater\u00eda que rezan \u00abPrimal Fear \u2013 Germany\u00bb amenazan sin titubeos con que no perdonar\u2026esos a\u00f1os de espera no han sido en vano, y la banda, renovada, viene a demostrar el por qu\u00e9 Espa\u00f1a siempre ha sido una segunda residencia para ellos. Fue sonar la intro (recordando el monstruoso \u00abRulebreaker\u00bb), y el esp\u00edritu del verdadero heavy metal se apoder\u00f3 de Mon tan pronto como la banda asalt\u00f3 el escenario, miembro a miembro. \u00abDestroyer\u00bb cay\u00f3 con un ob\u00fas en el centro de la sala, y el sonido fue notable desde que se distinguieron las primeras notas.<\/p>\n<p><strong>Ralf<\/strong>, raya en ojo, tan en forma como siempre y con una sonrisa inmensa, empieza a provocarnos para cantar el intenso estribillo con \u00e9l, mientras que <strong>Mat<\/strong>, que luce una camiseta con su nombre de guerra, se marca una actitud a lo <strong>Ian Hill<\/strong>, en segundo plano, sin sobresaltos, provocado, imagino, por el delicado estado de salud que ha pasado desde la pandemia. A\u00fan con todo, nos sonr\u00ede, y lanza gestos de complicidad a sus compa\u00f1eros. El incre\u00edble guitarrista que es <strong>Magnus Karlsson<\/strong>, hil\u00f3 muy fino a las seis cuerdas, y <strong>Thal\u00eda<\/strong>, la chica nueva del equipo, demostr\u00f3 ser la elecci\u00f3n perfecta, ataviada por una indumentaria muy heavy, y mostr\u00e1ndose simp\u00e1tica, cargada de destreza, haciendo unos coros incre\u00edbles\u2026se le ve\u00eda cantar cada estrofa de cada tema, con una sonrisa en la cara, pero lo m\u00e1s importante\u2026\u00a1su guitarra echa humo!. Se ha ganado el puesto. Qu\u00e9 decir del preciso y tit\u00e1n <strong>Andr\u00e9 Hilgers<\/strong>, que complementa el trabajo de <strong>Sinner<\/strong> de modo brillante. Menudo estallido el inicio del show, que continu\u00f3 con el que para servidor fue uno de lo grandes himnos de la noche. Un \u00abI Am The Primal Fear\u00bb en el que no solo escuchamos a un mel\u00f3dico <strong>Ralf<\/strong> que se estaba saliendo por todos los sitios, sino a un p\u00fablico que cant\u00f3 el tema casi de principio a fin, teniendo en cuenta su reciente incorporaci\u00f3n al repertorio, perteneciendo a su nuevo \u00e1lbum. Emocionante el ver c\u00f3mo un tema como este cala con semejante rapidez entre los fans. Inmejorable ambiente, conexi\u00f3n banda-fans, sonido y actitud\u2026<\/p>\n<p>Entramos en zona roja. Esa en la que si pasas la franja, has conseguido tu objetivo, y cuando <strong>Ralf<\/strong> anuncia que tocar\u00e1n un tema de \u00abJaws of Death\u00bb, la victoria est\u00e1 cantada. \u00abFinal Embrace\u00bb es y ser\u00e1 eterno, un tema de esos \u00abone in a million\u00bb que gritamos a pleno pulm\u00f3n junto a la banda, y aqu\u00ed se escucho al p\u00fablico cantar cada palabra\u2026cada verso. Realmente emocionante el ver c\u00f3mo han logrado dejar huella en tantos metalheads de un par de generaciones\u2026\u00a1muy grandes!. Si al momentazo generado por tal magno \u00e9xito, sumas que empez\u00f3 a sonar el tema m\u00e1s coreable de toda su carrera, como es \u00abNuclear Fire\u00bb, con todo el personal cantando el punteo inicial, pues qu\u00e9 quer\u00e9is que os diga\u2026\u00a1pelos como escarpias, aunque sea un t\u00f3pico!. La dupla guitarrera lo borda, y <strong>Scheepers<\/strong> sigue manteniendo una voz tan solo digna de los m\u00fasicos excelsos. Incre\u00edble qu\u00edmica con su gente la que es capaz de generar como frontman, y profesional como pocos. Igual \u00abSeven Seals\u00bb baj\u00f3 la intensidad, pero hasta los gigantes necesitan un respiro. Aquel disco, m\u00e1s experimental, es muy valorado a d\u00eda de hoy, pero a\u00fan recuerdo las cr\u00edticas tan dispares en su a\u00f1o de edici\u00f3n. La muestra clara de respeto que se le muestra en la actualidad, es la gran acogida del tema. Como tambi\u00e9n se la llev\u00f3, merecidamente,\u00bbThe Hunter\u00bb, de su \u00faltimo trabajo, que tiene una sensacional melod\u00eda inicial y un estribillo que hizo retumbar Mon, como si fuese un cl\u00e1sico de los de toda la vida.<\/p>\n<tr>\n<td width=\"50%\">\n<a href=\"https:\/\/www.europesays.com\/es\/wp-content\/uploads\/2025\/10\/1759909218_440_13.jpg\" title=\"PRIMAL FEAR - Sala Mon - Madrid\" rel=\"lightbox[PrimalFear]\" data-slb-active=\"1\" data-slb-asset=\"1862225546\" data-slb-internal=\"0\" data-slb-group=\"178527\"><img decoding=\"async\" src=\"https:\/\/www.europesays.com\/es\/wp-content\/uploads\/2025\/10\/1759909218_440_13.jpg\" alt=\"PRIMAL FEAR - Sala Mon - Madrid\" width=\"150\"\/><\/a>\n<\/td>\n<td width=\"50%\">\n<a href=\"https:\/\/www.europesays.com\/es\/wp-content\/uploads\/2025\/10\/1759909219_586_14.jpg\" title=\"PRIMAL FEAR - Sala Mon - Madrid\" rel=\"lightbox[PrimalFear]\" data-slb-active=\"1\" data-slb-asset=\"1773263712\" data-slb-internal=\"0\" data-slb-group=\"178527\"><img decoding=\"async\" src=\"https:\/\/www.europesays.com\/es\/wp-content\/uploads\/2025\/10\/1759909219_586_14.jpg\" alt=\"PRIMAL FEAR - Sala Mon - Madrid\" width=\"200\"\/><\/a>\n<\/td>\n<\/tr>\n<p>La reacci\u00f3n ante temas de los primeros \u00e1lbumes, respecto a las de este \u00faltimo, no fue demasiado diferente, claro que el buen estado de forma de la banda y la actitud, hacen mucho, y esta noche <strong>PRIMAL FEAR<\/strong> se lo estaban comiendo todo\u2026 no dejan ni los huesos. \u00abTears of Fire\u00bb es otro de los grandes temas de \u00abDomination\u00bb, y as\u00ed nos lo hizo saber <strong>Ralf<\/strong>, con una interpretaci\u00f3n de esc\u00e1ndalo, y una banda sonando como un torpedo\u2026\u00a1muy top!. Como \u00fanico acercamiento a \u00abApocalyspse\u00bb de 2018, nos avasallaron con un mel\u00f3dico \u00abKing of Mandness\u00bb que me encant\u00f3, siendo la confirmaci\u00f3n de que la banda apuesta, y mucho, por sus \u00faltimos y grand\u00edsimos discos de estudio. De uno de ellos, el genial \u00abRulebreaker\u00bb (uno de mis favoritos), cay\u00f3 uno de los temas de <strong>PRIMAL FEAR<\/strong> que siempre est\u00e1n en mis playlist. El riff de \u00abThe End Is Near\u00bb, sumado a la bater\u00eda estratosf\u00e9rica de Andr\u00e9, hicieron, literalmente, que temblase el suelo\u2026\u00a1qu\u00e9 incre\u00edble tema de puro heavy metal, amigos!. Lo de <strong>Ralf<\/strong> en el estribillo es de otro planeta, y aunque el tono y color vocal en el resto del trallazo no es exacto al del disco, no pierde ni\u00a0 un \u00e1pice de fuerza y eficiencia. Una barbaridad.<\/p>\n<p>Algunas malas lenguas tachan a \u00abHallucinations\u00bb como un sobrante, un patito feo en el \u00faltimo \u00e1lbum, al ser una composici\u00f3n instrumental, pero yo, como amante de estas piezas, la vi perfecta para que la banda se luciese en una tesitura menos saturada, y as\u00ed dar un respiro a la voz de <strong>Ralf<\/strong>\u2026 el tema son\u00f3 delicado, t\u00e9cnico, cargado de feeling y realmente din\u00e1mico. Una perfecta carta de presentaci\u00f3n de <strong>Thal\u00eca<\/strong>, que junto a <strong>Magnus<\/strong> hicieron algunas filigranas de muy agradable asimilaci\u00f3n. Me sorprendi\u00f3 que incluyesen en el set \u00abFighting the Darkness\u00bb de \u00abNew Religion\u00bb, que con su forma de medio tiempo, fue pre\u00e1mbulo de un final apote\u00f3sico. De su primer disco podr\u00edan haber escogido cualquier tema para tocar nuestro coraz\u00f3n met\u00e1lico. Un \u00abSilver &amp; Gold\u00bb o un \u00abBatallions of Hate\u00bb no hubiesen estado de m\u00e1s, pero no nos quejamos si es \u00abChainbreaker\u00bb la elegida, con su destructor estribillo, que todos disfrutamos sobremanera, bajando <strong>Ralf<\/strong> al foso a saludar mientras escup\u00eda cada estrofa\u2026pero es que la banda parecen gozarlo tanto como nosotros, o m\u00e1s incluso. La fiesta no cesaba. Otra descarga emocional nos provoc\u00f3 el grito inicial, todo un hito en su historia, de \u00abMetal Is Forever\u00bb, single estrella del famoso \u00abDevil\u2019s Ground\u00bb, siendo otro de los temas m\u00e1s queridos de <strong>PRIMAL FEAR<\/strong>, que nos acercaba peligrosamente a una despedida inminente.<\/p>\n<p>No sin antes regalarnos alg\u00fan momento de deleite m\u00e1s, como en \u00abHands of Time\u00bb, generando un bonito momento con la banda al completo sentados en la tarima de bater\u00eda (a <strong>Mat<\/strong> le cost\u00f3 un gran esfuerzo el simple hecho de agacharse para coger posici\u00f3n), Andr\u00e9 llevando ritmo golpeando baqueta contra baqueta, y cantando un fragmento cada uno de ellos. Gran fest\u00edn de emotividad antes de la hecatombe final marcada por un h\u00edmnico, cl\u00e1sico y querido \u00abRunning in the Dust\u00bb, con el que todos alzamos el pu\u00f1o de uno de los brazos, diciendo hasta la pr\u00f3xima a los chicos germanos con la mano del otro. Visiblemente satisfechos con su espect\u00e1culo (no me extra\u00f1a), <strong>PRIMAL FEAR<\/strong> se retiraban del escenario habiendo sembrado un caos controlado que esperamos se repita m\u00e1s pronto que tarde. Llegaron y arrasaron. Conciertos como este marcan el estatus de una banda.<\/p>\n<p><strong>Texto: Jos\u00e9 Rojo<\/strong><\/p>\n<p><strong>Fotos: <\/strong><strong>Peifer<\/strong> Correspondientes al concierto del (Sabado 4 de Octubre, Sala Totem Villava, Pamplona)<\/p>\n<p><strong>Para ver las fotos a mayor tama\u00f1o, pinchar sobre ellas.<\/strong><\/p>\n<p>\u00a0<\/p>\n<p>\u00a0<\/p>\n<p>\u00a0<\/p>\n","protected":false},"excerpt":{"rendered":"\u00a0 + ELEINE Martes 30 de Septiembre 2025 \u2013 Sala Mon \u2013 Madrid Hace ya bastante tiempo que&hellip;\n","protected":false},"author":2,"featured_media":162344,"comment_status":"","ping_status":"","sticky":false,"template":"","format":"standard","meta":{"footnotes":""},"categories":[170],"tags":[36697,146,147,25,24,184,185,33771,23],"class_list":{"0":"post-162343","1":"post","2":"type-post","3":"status-publish","4":"format-standard","5":"has-post-thumbnail","7":"category-musica","8":"tag-eleine","9":"tag-entertainment","10":"tag-entretenimiento","11":"tag-es","12":"tag-espana","13":"tag-music","14":"tag-musica","15":"tag-primal-fear","16":"tag-spain"},"share_on_mastodon":{"url":"","error":""},"_links":{"self":[{"href":"https:\/\/www.europesays.com\/es\/wp-json\/wp\/v2\/posts\/162343","targetHints":{"allow":["GET"]}}],"collection":[{"href":"https:\/\/www.europesays.com\/es\/wp-json\/wp\/v2\/posts"}],"about":[{"href":"https:\/\/www.europesays.com\/es\/wp-json\/wp\/v2\/types\/post"}],"author":[{"embeddable":true,"href":"https:\/\/www.europesays.com\/es\/wp-json\/wp\/v2\/users\/2"}],"replies":[{"embeddable":true,"href":"https:\/\/www.europesays.com\/es\/wp-json\/wp\/v2\/comments?post=162343"}],"version-history":[{"count":0,"href":"https:\/\/www.europesays.com\/es\/wp-json\/wp\/v2\/posts\/162343\/revisions"}],"wp:featuredmedia":[{"embeddable":true,"href":"https:\/\/www.europesays.com\/es\/wp-json\/wp\/v2\/media\/162344"}],"wp:attachment":[{"href":"https:\/\/www.europesays.com\/es\/wp-json\/wp\/v2\/media?parent=162343"}],"wp:term":[{"taxonomy":"category","embeddable":true,"href":"https:\/\/www.europesays.com\/es\/wp-json\/wp\/v2\/categories?post=162343"},{"taxonomy":"post_tag","embeddable":true,"href":"https:\/\/www.europesays.com\/es\/wp-json\/wp\/v2\/tags?post=162343"}],"curies":[{"name":"wp","href":"https:\/\/api.w.org\/{rel}","templated":true}]}}