{"id":162345,"date":"2025-10-08T07:41:07","date_gmt":"2025-10-08T07:41:07","guid":{"rendered":"https:\/\/www.europesays.com\/es\/162345\/"},"modified":"2025-10-08T07:41:07","modified_gmt":"2025-10-08T07:41:07","slug":"un-emocionado-matthew-mcconaughey-vuelve-a-la-casa-de-cooper-en-interstellar-y-confiesa-lo-que-hizo-al-final-del-rodaje","status":"publish","type":"post","link":"https:\/\/www.europesays.com\/es\/162345\/","title":{"rendered":"Un emocionado Matthew McConaughey vuelve a la casa de Cooper en \u2018Interstellar\u2019 y confiesa lo que hizo al final del rodaje"},"content":{"rendered":"<p class=\"\">Tiene cerca de <a href=\"https:\/\/www.imdb.com\/es-es\/name\/nm0000190\/\" target=\"_blank\" rel=\"noreferrer nofollow noopener\" title=\"https:\/\/www.imdb.com\/es-es\/name\/nm0000190\/\">60 pel\u00edculas a sus espaldas<\/a>, pero <b>a Matthew McConaughey siempre le perseguir\u00e1 \u2018Intersellar\u2019<\/b>. El actor ha admitido m\u00e1s de una vez que es <a href=\"https:\/\/as.com\/meristation\/cine\/matthew-mcconaughey-explica-por-que-vemos-interstellar-una-y-otra-vez-mucha-gente-se-me-acerca-y-n\/\" target=\"_blank\" rel=\"noreferrer nofollow noopener\" title=\"https:\/\/as.com\/meristation\/cine\/matthew-mcconaughey-explica-por-que-vemos-interstellar-una-y-otra-vez-mucha-gente-se-me-acerca-y-n\/\">aquella por la que m\u00e1s gente se le acerca<\/a>. \u201cHa ido ganando importancia con el tiempo. Muchos me dicen que <b>les ha cambiado la vida<\/b> y que la han visto cuatro veces\u00bb. Se ha vuelto igual de importante para \u00e9l y por eso ha sido tan bonito verle volver a la casa de Cooper en <a href=\"https:\/\/www.youtube.com\/@ChrisWillx\/videos\" target=\"_blank\" rel=\"noreferrer nofollow noopener\" title=\"https:\/\/www.youtube.com\/@ChrisWillx\/videos\">el p\u00f3dcast de Chris Williamson<\/a>. Nada m\u00e1s arrancar el programa, el muro de LED que hace de fondo se ha transformado en el set de grabaci\u00f3n donde tantas horas pas\u00f3 y <b>McConaughey <\/b><b>no ha podido contener una sonrisa, la emoci\u00f3n y las ganas de compartir sus recuerdos de la experiencia<\/b>.<\/p>\n<p class=\"\">\u201cAh, la casa de Cooper&#8230; en Alberta, Canad\u00e1, donde rodamos. Producci\u00f3n <b>plant\u00f3 todos los campos de ma\u00edz que se ven<\/b>. Llegan hasta donde alcanza la vista. Este es el camino por el que Cooper conduce mientras suena la cuenta atr\u00e1s de Hans Zimmer de fondo. Todo mientras deja a sus hijos para perseguir un sue\u00f1o. <b>Christopher Nolan reflej\u00f3 a la perfecci\u00f3n el drama humano de un padre<\/b> que tiene que abandonar a los suyos para hacer aquello que est\u00e1 destinado a hacer\u201d.<\/p>\n<p class=\"\">\u201cAl final del rodaje, cuando no hab\u00eda m\u00e1s tomas ni escenas en esta localizaci\u00f3n, <b>mi familia y yo nos quedamos unos d\u00edas extra en ella<\/b>. Para caminar por los alrededores y pasar algo de tiempo juntos. Uno de mis recuerdos m\u00e1s divertidos es cuando <b>dej\u00e9 a mi hijo de siete u ocho a\u00f1os conducir mi camioneta a trav\u00e9s de los campos de ma\u00edz<\/b>. En c\u00edrculos; tan r\u00e1pido como quisiera. Tengo algunos v\u00eddeos e im\u00e1genes. <b>Fue un momento top<\/b>\u201d.<\/p>\n<p class=\"\">Como curiosidad, y antes de dejaros como cierre con la escena de la que habla el actor, decir que <b>al equipo le cost\u00f3 100.000 d\u00f3lares plantar los dichosos campos de ma\u00edz<\/b>. Una inversi\u00f3n de la que recuper\u00f3 69.000 d\u00f3lares cuando terminaron de grabar y vendieron la plantaci\u00f3n (o al menos, aquella que no hab\u00eda arrasado el hijo de McConaughey).<\/p>\n<p>Noticias relacionadas<\/p>\n<p class=\"\">Suscr\u00edbete al <a href=\"https:\/\/www.youtube.com\/@meristation\" target=\"_self\" rel=\"nofollow noopener\" title=\"https:\/\/www.youtube.com\/@meristation\">canal de MeriStation en YouTube<\/a>, tu web de videojuegos y entretenimiento para conocer todas las noticias y novedades sobre el mundo del videojuego, cine, series, manga y anime. An\u00e1lisis, entrevistas, tr\u00e1ileres, gameplays, p\u00f3dcast y mucho m\u00e1s. Tambi\u00e9n te animamos a seguir <a href=\"https:\/\/www.tiktok.com\/@meristation\" rel=\"nofollow noopener\" title=\"https:\/\/www.tiktok.com\/@meristation\" target=\"_blank\">nuestra cuenta de TikTok<\/a>. <\/p>\n<p class=\"\">\u00a1S\u00edguenos en ambas y, si est\u00e1s interesado en licenciar este contenido, pincha <a href=\"https:\/\/profesional.elpais.com\/soluciones-sindicacion?utm_medium=interno&amp;utm_source=crosslinking&amp;utm_campaign=sindicacion_as_pie_articulos\" target=\"_blank\" rel=\"nofollow noopener\" title=\"https:\/\/profesional.elpais.com\/soluciones-sindicacion?utm_medium=interno&amp;utm_source=crosslinking&amp;utm_campaign=sindicacion_as_pie_articulos\">aqu\u00ed<\/a>!<\/p>\n<p><script async src=\"\/\/www.tiktok.com\/embed.js\"><\/script><\/p>\n","protected":false},"excerpt":{"rendered":"Tiene cerca de 60 pel\u00edculas a sus espaldas, pero a Matthew McConaughey siempre le perseguir\u00e1 \u2018Intersellar\u2019. El actor&hellip;\n","protected":false},"author":2,"featured_media":162346,"comment_status":"","ping_status":"","sticky":false,"template":"","format":"standard","meta":{"footnotes":""},"categories":[169],"tags":[177,146,147,25,24,176,175,23],"class_list":{"0":"post-162345","1":"post","2":"type-post","3":"status-publish","4":"format-standard","5":"has-post-thumbnail","7":"category-cine","8":"tag-cine","9":"tag-entertainment","10":"tag-entretenimiento","11":"tag-es","12":"tag-espana","13":"tag-film","14":"tag-movies","15":"tag-spain"},"share_on_mastodon":{"url":"","error":""},"_links":{"self":[{"href":"https:\/\/www.europesays.com\/es\/wp-json\/wp\/v2\/posts\/162345","targetHints":{"allow":["GET"]}}],"collection":[{"href":"https:\/\/www.europesays.com\/es\/wp-json\/wp\/v2\/posts"}],"about":[{"href":"https:\/\/www.europesays.com\/es\/wp-json\/wp\/v2\/types\/post"}],"author":[{"embeddable":true,"href":"https:\/\/www.europesays.com\/es\/wp-json\/wp\/v2\/users\/2"}],"replies":[{"embeddable":true,"href":"https:\/\/www.europesays.com\/es\/wp-json\/wp\/v2\/comments?post=162345"}],"version-history":[{"count":0,"href":"https:\/\/www.europesays.com\/es\/wp-json\/wp\/v2\/posts\/162345\/revisions"}],"wp:featuredmedia":[{"embeddable":true,"href":"https:\/\/www.europesays.com\/es\/wp-json\/wp\/v2\/media\/162346"}],"wp:attachment":[{"href":"https:\/\/www.europesays.com\/es\/wp-json\/wp\/v2\/media?parent=162345"}],"wp:term":[{"taxonomy":"category","embeddable":true,"href":"https:\/\/www.europesays.com\/es\/wp-json\/wp\/v2\/categories?post=162345"},{"taxonomy":"post_tag","embeddable":true,"href":"https:\/\/www.europesays.com\/es\/wp-json\/wp\/v2\/tags?post=162345"}],"curies":[{"name":"wp","href":"https:\/\/api.w.org\/{rel}","templated":true}]}}