{"id":162356,"date":"2025-10-08T07:47:07","date_gmt":"2025-10-08T07:47:07","guid":{"rendered":"https:\/\/www.europesays.com\/es\/162356\/"},"modified":"2025-10-08T07:47:07","modified_gmt":"2025-10-08T07:47:07","slug":"benoit-pellistrandi-historiador-frances-macron-no-dimitira","status":"publish","type":"post","link":"https:\/\/www.europesays.com\/es\/162356\/","title":{"rendered":"Beno\u00eet Pellistrandi, historiador franc\u00e9s: \u00abMacron no dimitir\u00e1\u00bb"},"content":{"rendered":"<p> En Francia se acaba el tiempo para buscar una salida a su crisis institucional tras la <strong>dimisi\u00f3n del hasta ahora primer ministro, S\u00e9bastien Lecornu<\/strong>. Parece que se abre una posible v\u00eda con un nuevo Gobierno que estar\u00eda m\u00e1s inclinado hacia la izquierda. Sobre esta posible situaci\u00f3n preguntamos al <strong>historiador franc\u00e9s, Beno\u00eet Pellistrandi<\/strong>, quien ha se\u00f1alado que \u00abMacron lo que est\u00e1 buscando desesperadamente es sacar el Partido Socialista del nuevo Frente Popular y agregar a los socialistas a la mayor\u00eda centrista de su partido\u00bb, pero si lo hace perder\u00eda el bloque derechista. <\/p>\n<p>Los \u00faltimos sondeos en el pa\u00eds sit\u00faan al presidente de la Rep\u00fablica<strong>, Emmanuel Macron<\/strong>, en el <strong>16% de la aprobaci\u00f3n <\/strong>por parte de los franceses, un porcentaje \u00abbaj\u00edsimo\u00bb. \u00abMacron no dimitir\u00e1\u00bb, asegura Pellistrandi, \u00ab<strong>la \u00fanica opci\u00f3n institucional es la disoluci\u00f3n del Parlamento<\/strong>, pero con el enorme riesgo de que gane la extrema derecha y eso para Macron ser\u00eda un fracaso hist\u00f3rico y pol\u00edtico\u00bb, sentencia. Por lo que Francia se encuentra en una<strong> crisis pol\u00edtica \u00abmuy honda<\/strong>\u00bb que puede convertirse en \u00abuna crisis de r\u00e9gimen\u00bb y se muestran unas maniobras a la \u00abdesesperada\u00bb.<\/p>\n","protected":false},"excerpt":{"rendered":"En Francia se acaba el tiempo para buscar una salida a su crisis institucional tras la dimisi\u00f3n del&hellip;\n","protected":false},"author":2,"featured_media":162357,"comment_status":"","ping_status":"","sticky":false,"template":"","format":"standard","meta":{"footnotes":""},"categories":[42],"tags":[48098,17,18,13,14,11,48099,61,62,63,64,33005,19,20,9,10,15,16,133,1448,1986,1987,12,21,22,65,66,67],"class_list":{"0":"post-162356","1":"post","2":"type-post","3":"status-publish","4":"format-standard","5":"has-post-thumbnail","7":"category-internacional","8":"tag-benoit-pellistrandi","9":"tag-breaking-news","10":"tag-breakingnews","11":"tag-featured-news","12":"tag-featurednews","13":"tag-headlines","14":"tag-historiador-frances-macron-no-dimitira","15":"tag-internacional","16":"tag-international","17":"tag-international-news","18":"tag-internationalnews","19":"tag-las-mananas-de-rne","20":"tag-latest-news","21":"tag-latestnews","22":"tag-news","23":"tag-noticias","24":"tag-noticias-destacadas","25":"tag-noticiasdestacadas","26":"tag-online","27":"tag-radio","28":"tag-rne","29":"tag-rtve-play","30":"tag-titulares","31":"tag-ultimas-noticias","32":"tag-ultimasnoticias","33":"tag-world","34":"tag-world-news","35":"tag-worldnews"},"share_on_mastodon":{"url":"","error":""},"_links":{"self":[{"href":"https:\/\/www.europesays.com\/es\/wp-json\/wp\/v2\/posts\/162356","targetHints":{"allow":["GET"]}}],"collection":[{"href":"https:\/\/www.europesays.com\/es\/wp-json\/wp\/v2\/posts"}],"about":[{"href":"https:\/\/www.europesays.com\/es\/wp-json\/wp\/v2\/types\/post"}],"author":[{"embeddable":true,"href":"https:\/\/www.europesays.com\/es\/wp-json\/wp\/v2\/users\/2"}],"replies":[{"embeddable":true,"href":"https:\/\/www.europesays.com\/es\/wp-json\/wp\/v2\/comments?post=162356"}],"version-history":[{"count":0,"href":"https:\/\/www.europesays.com\/es\/wp-json\/wp\/v2\/posts\/162356\/revisions"}],"wp:featuredmedia":[{"embeddable":true,"href":"https:\/\/www.europesays.com\/es\/wp-json\/wp\/v2\/media\/162357"}],"wp:attachment":[{"href":"https:\/\/www.europesays.com\/es\/wp-json\/wp\/v2\/media?parent=162356"}],"wp:term":[{"taxonomy":"category","embeddable":true,"href":"https:\/\/www.europesays.com\/es\/wp-json\/wp\/v2\/categories?post=162356"},{"taxonomy":"post_tag","embeddable":true,"href":"https:\/\/www.europesays.com\/es\/wp-json\/wp\/v2\/tags?post=162356"}],"curies":[{"name":"wp","href":"https:\/\/api.w.org\/{rel}","templated":true}]}}