{"id":162358,"date":"2025-10-08T07:48:08","date_gmt":"2025-10-08T07:48:08","guid":{"rendered":"https:\/\/www.europesays.com\/es\/162358\/"},"modified":"2025-10-08T07:48:08","modified_gmt":"2025-10-08T07:48:08","slug":"feijoo-anuncia-ante-sanchez-que-sera-citado-este-mes-en-la-comision-de-investigacion-del-senado","status":"publish","type":"post","link":"https:\/\/www.europesays.com\/es\/162358\/","title":{"rendered":"Feij\u00f3o anuncia ante S\u00e1nchez que ser\u00e1 citado este mes en la comisi\u00f3n de investigaci\u00f3n del Senado"},"content":{"rendered":"<p>08\/10\/2025<br \/>\n<br \/><strong><br \/>\nActualizado a las 09:29h.<br \/>\n<\/strong><\/p>\n<p class=\"voc-p\" style=\"\">El l\u00edder de la oposici\u00f3n, Alberto N\u00fa\u00f1ez Feij\u00f3o, ha hecho este mi\u00e9rcoles un anuncio que parec\u00eda que no iba a llegar nunca. El presidente del Gobierno, Pedro S\u00e1nchez, tendr\u00e1 que comparecer este mes en la comisi\u00f3n de investigaci\u00f3n del Senado por el caso Koldo. Tras  &#8230; detallar el \u00faltimo informe de la Unidad Central Operativa (UCO) de la Guardia Civil los pagos en efectivo que recib\u00eda en Ferraz el exministro Jos\u00e9 Luis \u00c1balos, en concepto de gastos del partido, el jefe de filas de los populares cree que es el momento. \u00abEs el responsable de todo, est\u00e1 tan pringado como ellos\u00bb, le ha espetado Feij\u00f3o a S\u00e1nchez, en la sesi\u00f3n de control del Congreso. <\/p>\n<p class=\"voc-p\" style=\"\">El mi\u00e9rcoles ha amanecido repleto de incertidumbre, con la suerte del Ejecutivo en manos de Podemos, que esta tarde podr\u00eda tumbar el real decreto ley para aplicar un embargo de armas a Israel, que ha tachado de \u00ab&#8217;fake&#8217;\u00bb, y la Ley de Movilidad Sostenible, que ve \u00abhip\u00f3crita\u00bb, entre otras cosas, por promoverse a la vez que se impulsan macroproyectos como la ampliaci\u00f3n del aeropuerto de El Prat, en Barcelona, y del puerto de Valencia. Pero Feij\u00f3o, a primera hora de la ma\u00f1ana, ha logrado girar el tim\u00f3n hacia un asunto que el Gobierno hab\u00eda logrado orillar en el debate p\u00fablico: la corrupci\u00f3n que rodea al entorno del presidente y al PSOE.<\/p>\n<p class=\"voc-p\" style=\"\">Como acostumbra, la pregunta oral registrada por Feij\u00f3o era lo suficientemente ambigua para despu\u00e9s discurrir por los cauces m\u00e1s apropiados para sus intereses. \u00ab\u00bfA qu\u00e9 intereses responde su Gobierno?\u00bb. Ya en su primera intervenci\u00f3n, el presidente del PP ha dado pistas de por d\u00f3nde iba a dirigir su diatriba contra el jefe del Ejecutivo. \u00abUn presidente limpio y decente, con la informaci\u00f3n que hemos tenido estos d\u00edas, habr\u00eda hecho dos cosas, trasladarse a Ferraz y preguntar qu\u00e9 son eso de las &#8216;chistorras&#8217; [como seg\u00fan el informe de la UCO se refer\u00edan \u00c1balos y su exasesor Koldo Garc\u00eda a los billetes de quinientos euros] y llamar a su ministro de Pol\u00edtica Territorial para preguntarle si es cierto lo que se est\u00e1 publicando\u00bb.<\/p>\n<p class=\"voc-p\" style=\"\">[INFORMACI\u00d3N EN DESARROLLO]<\/p>\n<p><img loading=\"lazy\" decoding=\"async\" width=\"530\" height=\"64\" class=\"logo-premium\" src=\"data:image\/gif;base64,R0lGODlhAQABAAAAACH5BAEKAAEALAAAAAABAAEAAAICTAEAOw==\" alt=\"ABC Premium\"\/><br \/>\nL\u00edmite de sesiones alcanzadas<\/p>\n<ul class=\"listado\">\n<li>El acceso al contenido Premium est\u00e1 abierto por cortes\u00eda del establecimiento donde te encuentras, pero ahora mismo hay demasiados usuarios conectados a la vez. Por favor, int\u00e9ntalo pasados unos minutos.<\/li>\n<\/ul>\n<p>Volver a intentar<\/p>\n<p><img loading=\"lazy\" decoding=\"async\" width=\"530\" height=\"64\" class=\"logo-premium\" src=\"data:image\/gif;base64,R0lGODlhAQABAAAAACH5BAEKAAEALAAAAAABAAEAAAICTAEAOw==\" alt=\"ABC Premium\"\/><br \/>\nHas superado el l\u00edmite de sesiones<\/p>\n<ul class=\"listado\">\n<li>S\u00f3lo puedes tener tres sesiones iniciadas a la vez. Hemos cerrado la sesi\u00f3n m\u00e1s antigua para que sigas navegando sin l\u00edmites en el resto.<\/li>\n<\/ul>\n<p>Sigue navegando<\/p>\n<p>\nArt\u00edculo solo para suscriptores\n<\/p>\n<p>Reportar un error<\/p>\n","protected":false},"excerpt":{"rendered":"08\/10\/2025 Actualizado a las 09:29h. El l\u00edder de la oposici\u00f3n, Alberto N\u00fa\u00f1ez Feij\u00f3o, ha hecho este mi\u00e9rcoles un&hellip;\n","protected":false},"author":2,"featured_media":162359,"comment_status":"","ping_status":"","sticky":false,"template":"","format":"standard","meta":{"footnotes":""},"categories":[8],"tags":[1575,4187,17,18,48100,7553,25,24,13,14,9860,11,1294,4164,19,20,1970,9,10,15,16,199,6912,23,12,21,22],"class_list":{"0":"post-162358","1":"post","2":"type-post","3":"status-publish","4":"format-standard","5":"has-post-thumbnail","7":"category-espana","8":"tag-ante","9":"tag-anuncia","10":"tag-breaking-news","11":"tag-breakingnews","12":"tag-citado","13":"tag-comision","14":"tag-es","15":"tag-espana","16":"tag-featured-news","17":"tag-featurednews","18":"tag-feijoo","19":"tag-headlines","20":"tag-investigacion","21":"tag-koldo","22":"tag-latest-news","23":"tag-latestnews","24":"tag-mes","25":"tag-news","26":"tag-noticias","27":"tag-noticias-destacadas","28":"tag-noticiasdestacadas","29":"tag-sanchez","30":"tag-senado","31":"tag-spain","32":"tag-titulares","33":"tag-ultimas-noticias","34":"tag-ultimasnoticias"},"share_on_mastodon":{"url":"","error":""},"_links":{"self":[{"href":"https:\/\/www.europesays.com\/es\/wp-json\/wp\/v2\/posts\/162358","targetHints":{"allow":["GET"]}}],"collection":[{"href":"https:\/\/www.europesays.com\/es\/wp-json\/wp\/v2\/posts"}],"about":[{"href":"https:\/\/www.europesays.com\/es\/wp-json\/wp\/v2\/types\/post"}],"author":[{"embeddable":true,"href":"https:\/\/www.europesays.com\/es\/wp-json\/wp\/v2\/users\/2"}],"replies":[{"embeddable":true,"href":"https:\/\/www.europesays.com\/es\/wp-json\/wp\/v2\/comments?post=162358"}],"version-history":[{"count":0,"href":"https:\/\/www.europesays.com\/es\/wp-json\/wp\/v2\/posts\/162358\/revisions"}],"wp:featuredmedia":[{"embeddable":true,"href":"https:\/\/www.europesays.com\/es\/wp-json\/wp\/v2\/media\/162359"}],"wp:attachment":[{"href":"https:\/\/www.europesays.com\/es\/wp-json\/wp\/v2\/media?parent=162358"}],"wp:term":[{"taxonomy":"category","embeddable":true,"href":"https:\/\/www.europesays.com\/es\/wp-json\/wp\/v2\/categories?post=162358"},{"taxonomy":"post_tag","embeddable":true,"href":"https:\/\/www.europesays.com\/es\/wp-json\/wp\/v2\/tags?post=162358"}],"curies":[{"name":"wp","href":"https:\/\/api.w.org\/{rel}","templated":true}]}}