{"id":162373,"date":"2025-10-08T08:03:13","date_gmt":"2025-10-08T08:03:13","guid":{"rendered":"https:\/\/www.europesays.com\/es\/162373\/"},"modified":"2025-10-08T08:03:13","modified_gmt":"2025-10-08T08:03:13","slug":"karmento-arrasa-en-los-premios-musicas-2025","status":"publish","type":"post","link":"https:\/\/www.europesays.com\/es\/162373\/","title":{"rendered":"Karmento arrasa en los Premios +M\u00fasicas 2025"},"content":{"rendered":"<p>La noche del 6 de octubre en el Museo Nacional Centro de Arte Reina Sof\u00eda tuvo un nombre propio: Karmento. La artista albacete\u00f1a fue una de las grandes protagonistas de los Premios +M\u00fasicas 2025, donde se alz\u00f3 con dos reconocimientos que consolidan su posici\u00f3n como una de las voces m\u00e1s aut\u00e9nticas y poderosas de la escena actual.<\/p>\n<p>El Premio a Mejor Videoclip fue para &#8216;Canto al cansancio&#8217;, una obra de fuerte carga simb\u00f3lica y po\u00e9tica realizada junto a Bewis de la Rosa. Bajo la direcci\u00f3n de Aroha Morales, la pieza, que combina narrativa visual, ra\u00edz popular y una mirada profundamente contempor\u00e1nea, se impuso a producciones de gran proyecci\u00f3n nacional, destacando por su mensaje de resistencia y sororidad.<\/p>\n<p>Por su parte, el \u00e1lbum La Serrana obtuvo el galard\u00f3n a Mejor Grabaci\u00f3n de M\u00fasicas del Mundo y Fusi\u00f3n, reconociendo la capacidad de Karmento para tejer un lenguaje sonoro propio en el que confluyen tradici\u00f3n, emoci\u00f3n y experimentaci\u00f3n. Este trabajo, aplaudido por cr\u00edtica y p\u00fablico, ha sido celebrado por su honestidad, su fuerza l\u00edrica y su apuesta por una identidad musical sin etiquetas. Un nuevo \u00e9xito de un trabajo que recientemente gan\u00f3 el premio a Mejor \u00c1lbum Folcl\u00f3rico en los Premios de la Academia de la M\u00fasica.<\/p>\n<p>La gala, que reuni\u00f3 a artistas, medios y profesionales del panorama musical espa\u00f1ol, convirti\u00f3 la capital en un vibrante escaparate de diversidad, innovaci\u00f3n y talento femenino. Con estos dos galardones, Karmento reafirma su lugar en la canci\u00f3n contempor\u00e1nea y confirma a La Serrana como una de las obras m\u00e1s significativas y valientes de la temporada.<\/p>\n","protected":false},"excerpt":{"rendered":"La noche del 6 de octubre en el Museo Nacional Centro de Arte Reina Sof\u00eda tuvo un nombre&hellip;\n","protected":false},"author":2,"featured_media":162374,"comment_status":"","ping_status":"","sticky":false,"template":"","format":"standard","meta":{"footnotes":""},"categories":[170],"tags":[146,147,25,24,1816,48102,3023,184,185,23],"class_list":{"0":"post-162373","1":"post","2":"type-post","3":"status-publish","4":"format-standard","5":"has-post-thumbnail","7":"category-musica","8":"tag-entertainment","9":"tag-entretenimiento","10":"tag-es","11":"tag-espana","12":"tag-innovacion","13":"tag-karmento","14":"tag-lenguaje","15":"tag-music","16":"tag-musica","17":"tag-spain"},"share_on_mastodon":{"url":"","error":""},"_links":{"self":[{"href":"https:\/\/www.europesays.com\/es\/wp-json\/wp\/v2\/posts\/162373","targetHints":{"allow":["GET"]}}],"collection":[{"href":"https:\/\/www.europesays.com\/es\/wp-json\/wp\/v2\/posts"}],"about":[{"href":"https:\/\/www.europesays.com\/es\/wp-json\/wp\/v2\/types\/post"}],"author":[{"embeddable":true,"href":"https:\/\/www.europesays.com\/es\/wp-json\/wp\/v2\/users\/2"}],"replies":[{"embeddable":true,"href":"https:\/\/www.europesays.com\/es\/wp-json\/wp\/v2\/comments?post=162373"}],"version-history":[{"count":0,"href":"https:\/\/www.europesays.com\/es\/wp-json\/wp\/v2\/posts\/162373\/revisions"}],"wp:featuredmedia":[{"embeddable":true,"href":"https:\/\/www.europesays.com\/es\/wp-json\/wp\/v2\/media\/162374"}],"wp:attachment":[{"href":"https:\/\/www.europesays.com\/es\/wp-json\/wp\/v2\/media?parent=162373"}],"wp:term":[{"taxonomy":"category","embeddable":true,"href":"https:\/\/www.europesays.com\/es\/wp-json\/wp\/v2\/categories?post=162373"},{"taxonomy":"post_tag","embeddable":true,"href":"https:\/\/www.europesays.com\/es\/wp-json\/wp\/v2\/tags?post=162373"}],"curies":[{"name":"wp","href":"https:\/\/api.w.org\/{rel}","templated":true}]}}