{"id":162413,"date":"2025-10-08T08:27:10","date_gmt":"2025-10-08T08:27:10","guid":{"rendered":"https:\/\/www.europesays.com\/es\/162413\/"},"modified":"2025-10-08T08:27:10","modified_gmt":"2025-10-08T08:27:10","slug":"critica-de-la-pelicula-la-sospecha-de-sofia-el-gemelo-espia","status":"publish","type":"post","link":"https:\/\/www.europesays.com\/es\/162413\/","title":{"rendered":"Cr\u00edtica de la pel\u00edcula &#8216;La sospecha de Sof\u00eda&#8217;: El gemelo esp\u00eda"},"content":{"rendered":"<p>            Cr\u00edtica de la pel\u00edcula &#8216;La sospecha de Sof\u00eda&#8217;: El gemelo esp\u00eda                <\/p>\n<p>Cr\u00edtica de la pel\u00edcula &#8216;La sospecha de Sof\u00eda&#8217;: El gemelo esp\u00eda<\/p>\n<p>                    Exclusivo suscriptoresOPINI\u00d3N<\/p>\n<p class=\"paragraph\">El hermano gemelo que suplanta al otro remite a una situaci\u00f3n cl\u00e1sica de la ficci\u00f3n. \u2018La sospecha de Sof\u00eda\u2019, adaptaci\u00f3n de la novela hom\u00f3nima de Paloma S\u00e1nchez-Garnica, vincula esa sustituci\u00f3n con el espionaje y con los movimientos subterr\u00e1neos de la Stasi y del KGB en la Espa\u00f1a franquista. A pesar de la tem\u00e1tica introducida, esta historia sobre un informante obligado a trabajar para la Rep\u00fablica Democr\u00e1tica Alemana<b> es un drama sobre la vida perdida,<\/b> la lucha por recuperar lo que queda y los sentimientos que activa el papel desempe\u00f1ado.\u00a0<\/p>\n<p>            Conforme a los criterios de<br \/>\n            <a class=\"trustproject_img\" id=\"trustproject_img\" href=\"https:\/\/thetrustproject.org\/\" target=\"_blank\" rel=\"nofollow noopener\" aria-label=\"Trust Project\"><img decoding=\"async\" loading=\"lazy\" src=\"https:\/\/www.heraldo.es\/images\/Trust-Logo-Horizontal.svg\" alt=\"Logo Trust Project\" width=\"200\" height=\"34\"\/><\/a><\/p>\n<p>        <a href=\"https:\/\/www.henneo.com\/\" title=\"Grupo Henneo\" class=\"logo\" rel=\"nofollow noopener\" target=\"_blank\"><br \/>\n            <img decoding=\"async\" src=\"https:\/\/www.heraldo.es\/images\/logo_henneo_gris.svg\" alt=\"Logo Henneo\" width=\"559\" height=\"389\" loading=\"lazy\"\/><br \/>\n        <\/a><\/p>\n<p>\u00a9 HERALDO DE ARAGON EDITORA, S.L.U.<br \/>Tel\u00e9fono 976 765 000 \/ &#8211; P\u00ba. Independencia, 29, 50001 Zaragoza &#8211; CIF: B99288763 &#8211; Inscrita en el Registro Mercantil de Zaragoza al Tomo 3796, Libro 0, Folio 177, Secci\u00f3n 8, Hoja Z-50564<br \/>Queda prohibida toda reproducci\u00f3n sin permiso escrito de la empresa a los efectos del art\u00edculo 32.1, p\u00e1rrafo segundo, de la Ley de Propiedad Intelectual<\/p>\n<p>\n                P\u00ba Independencia, 29, 50001 Zaragoza<br \/> Tel\u00e9fono 976 765 000\n            <\/p>\n<p>                    Actualmente tu navegador no permite ejecutar JavaScript. Para poder disfrutar de nuestro contenido es necesario que lo permita.<br \/>\n                                        <img decoding=\"async\" loading=\"lazy\" alt=\"Heraldo logo\" src=\"https:\/\/dkumiip2e9ary.cloudfront.net\/xalok\/heraldo\/especiales\/hola-de-nuevo\/logo-heraldo.svg\" width=\"215\" height=\"43\"\/><\/p>\n","protected":false},"excerpt":{"rendered":"Cr\u00edtica de la pel\u00edcula &#8216;La sospecha de Sof\u00eda&#8217;: El gemelo esp\u00eda Cr\u00edtica de la pel\u00edcula &#8216;La sospecha de&hellip;\n","protected":false},"author":2,"featured_media":162414,"comment_status":"","ping_status":"","sticky":false,"template":"","format":"standard","meta":{"footnotes":""},"categories":[169],"tags":[177,1497,146,147,25,24,176,48107,175,23],"class_list":{"0":"post-162413","1":"post","2":"type-post","3":"status-publish","4":"format-standard","5":"has-post-thumbnail","7":"category-cine","8":"tag-cine","9":"tag-critica","10":"tag-entertainment","11":"tag-entretenimiento","12":"tag-es","13":"tag-espana","14":"tag-film","15":"tag-la-sospecha-de-sofia","16":"tag-movies","17":"tag-spain"},"share_on_mastodon":{"url":"","error":""},"_links":{"self":[{"href":"https:\/\/www.europesays.com\/es\/wp-json\/wp\/v2\/posts\/162413","targetHints":{"allow":["GET"]}}],"collection":[{"href":"https:\/\/www.europesays.com\/es\/wp-json\/wp\/v2\/posts"}],"about":[{"href":"https:\/\/www.europesays.com\/es\/wp-json\/wp\/v2\/types\/post"}],"author":[{"embeddable":true,"href":"https:\/\/www.europesays.com\/es\/wp-json\/wp\/v2\/users\/2"}],"replies":[{"embeddable":true,"href":"https:\/\/www.europesays.com\/es\/wp-json\/wp\/v2\/comments?post=162413"}],"version-history":[{"count":0,"href":"https:\/\/www.europesays.com\/es\/wp-json\/wp\/v2\/posts\/162413\/revisions"}],"wp:featuredmedia":[{"embeddable":true,"href":"https:\/\/www.europesays.com\/es\/wp-json\/wp\/v2\/media\/162414"}],"wp:attachment":[{"href":"https:\/\/www.europesays.com\/es\/wp-json\/wp\/v2\/media?parent=162413"}],"wp:term":[{"taxonomy":"category","embeddable":true,"href":"https:\/\/www.europesays.com\/es\/wp-json\/wp\/v2\/categories?post=162413"},{"taxonomy":"post_tag","embeddable":true,"href":"https:\/\/www.europesays.com\/es\/wp-json\/wp\/v2\/tags?post=162413"}],"curies":[{"name":"wp","href":"https:\/\/api.w.org\/{rel}","templated":true}]}}