{"id":162415,"date":"2025-10-08T08:28:13","date_gmt":"2025-10-08T08:28:13","guid":{"rendered":"https:\/\/www.europesays.com\/es\/162415\/"},"modified":"2025-10-08T08:28:13","modified_gmt":"2025-10-08T08:28:13","slug":"voces-criticas-en-el-vestuario-del-barca","status":"publish","type":"post","link":"https:\/\/www.europesays.com\/es\/162415\/","title":{"rendered":"Voces cr\u00edticas en el vestuario del Bar\u00e7a"},"content":{"rendered":"<p class=\"ft-text\">Dice el refr\u00e1n que \u00abcuando el r\u00edo suena, agua lleva\u00bb. Y el r\u00edo blaugrana, \u00faltimamente, hace mucho ruido. <strong>Las dos derrotas consecutivas del Bar\u00e7a ante PSG en la Champions y ante el Sevilla en la Liga<\/strong>, justo antes de un nuevo par\u00f3n de selecciones, han provocado que el vestuario alce la voz p\u00fablicamente, pero tambi\u00e9n que lo haga de forma privada. Para mejorar, lo primero es detectar el problema, y en el equipo parecen tener claro que hay cosas que esta temporada no funcionan como lo hac\u00edan la pasada. <a class=\"ft-link ft-link--decoration\" href=\"https:\/\/www.sport.es\/es\/noticias\/opinion\/cambio-tactica-flick-derrota-sevilla-122347762\" rel=\"nofollow noopener\" target=\"_blank\">Flick est\u00e1 preocupado<\/a>, pero tambi\u00e9n la plantilla muestra signos de inquietud ante un inicio de campa\u00f1a algo err\u00e1tico y, sobre todo, irregular.<\/p>\n<p><img decoding=\"async\" src=\"https:\/\/www.europesays.com\/es\/wp-content\/uploads\/2025\/10\/59b1baa1-f5f3-4bc5-a074-d0fadba006e4_alta-libre-aspect-ratio_default_0.jpg\" width=\"1200\" height=\"800\" alt=\"Flick acab\u00f3 desesperado con el juego de su equipo y el arbitraje en Sevilla\" class=\"ft-helper-img-rd\" loading=\"lazy\" hasdataaida=\"true\"\/><\/p>\n<p class=\"ft-helper-fontColor-quaternary ft-helper-fontSize-body-S ft-helper-spacer-t-xxs\">Flick acab\u00f3 desesperado con el juego de su equipo y el arbitraje en Sevilla  \/ Dani Barbeito<\/p>\n<p class=\"ft-text\">Lo m\u00e1s positivo es que acaba de arrancar el mes de octubre y est\u00e1 todo por hacer y, por lo tanto, todo es posible. Lo ha repetido el t\u00e9cnico alem\u00e1n siempre que tiene un micro delante: \u00ab<strong>Tras el par\u00f3n lucharemos por todos los t\u00edtulos<\/strong>\u00ab. Una declaraci\u00f3n de intenciones para la que, antes, deber\u00e1 haber una reflexi\u00f3n interna que ya ha empezado. De hecho, tambi\u00e9n son algunas las voces en la directiva que apuntan a algunos jugadores, aunque esa, aunque parecida, es otra historia porque los futbolistas, por s\u00ed mismos, est\u00e1n dispuestos a revertir la situaci\u00f3n y que lo visto ante <strong>PSG <\/strong>y <strong>Sevilla <\/strong>no se repita.<\/p>\n<p class=\"ft-text\">Lo dijo, por ejemplo, <a class=\"ft-link ft-link--decoration\" href=\"https:\/\/www.sport.es\/es\/noticias\/barca\/toque-atencion-cubarsi-delanteros-barca-122316694\" rel=\"nofollow noopener\" target=\"_blank\">Pau Cubars\u00ed nada m\u00e1s acabar el encuentro en el S\u00e1nchez Pizju\u00e1n<\/a>: \u00abLas ocasiones empiezan arriba&#8230; Hemos salido dormidos, no con la intensidad que requer\u00eda el partido\u00bb. Pero tambi\u00e9n <strong>Pedri <\/strong>hab\u00eda argumentado algo similar: \u00abTenemos que hacer autocr\u00edtica, nos ha faltado intensidad y calidad con el bal\u00f3n\u00bb. Tampoco se mordi\u00f3 la lengua <strong>Alejandro Balde<\/strong>: \u00abHicimos muchas cosas mal, tenemos mucho que mejorar\u00bb.<\/p>\n<p class=\"ft-text\">Por supuesto, <strong>Hansi Flick<\/strong> es el primero que habla sin matices de los problemas colectivos: \u00abHay que jugar como equipo\u00bb, dijo el d\u00eda en el que a\u00f1adi\u00f3 la ya famosa frase \u00ab<a class=\"ft-link ft-link--decoration\" href=\"https:\/\/www.sport.es\/es\/noticias\/barca\/palo-flick-vestuario-egos-matan-121109699\" rel=\"nofollow noopener\" target=\"_blank\">los egos matan el \u00e9xito<\/a>\u00ab, tras el empate ante el Rayo Vallecano a inicios de septiembre. Tras el PSG, reiter\u00f3 que \u00abconf\u00edo en mi equipo\u00bb, pero tambi\u00e9n que \u00ab<strong>hoy no mostramos nuestro mejor nivel. Despu\u00e9s de 35 minutos, el PSG tom\u00f3 el control<\/strong>\u00ab, lo que supon\u00eda \u00abdefender, atacar, jugar a un alto nivel con bal\u00f3n, como equipo, aprovechar los espacios, participar en la posesi\u00f3n. En el PSG se vio que todos quer\u00edan el bal\u00f3n\u00bb. Vio cosas que no le gustaron nada.<\/p>\n<p>\u00bfUn tema f\u00edsico?<\/p>\n<p class=\"ft-text\">Pero no se trata solo de algo futbol\u00edstico, seg\u00fan explican los mismos protagonistas. Para algunos de los integrantes de la plantilla blaugrana sorprende que, a nivel f\u00edsico, no est\u00e9n dando la talla. <strong>El propio Flick, en la misma rueda de prensa tras caer ante los de Luis Enrique en la Champions, coment\u00f3 que \u00abhay que aguantar los noventa minutos\u00bb<\/strong>.<\/p>\n<p><img decoding=\"async\" src=\"https:\/\/www.europesays.com\/es\/wp-content\/uploads\/2025\/10\/7e135e32-f93e-4f02-b3d9-34397540537e_alta-libre-aspect-ratio_default_0.jpg\" width=\"1200\" height=\"799\" alt=\"El centrocampista del Barcelona Frenkie de Jong durante el partido de la primera fase de la Liga de Campeones que FC Barcelona y PSG disputaron en el estadio ol\u00edmpico Lluis Companys. EFE\/Siu Wu. (Barcelona)\" class=\"ft-helper-img-rd\" loading=\"lazy\" hasdataaida=\"true\"\/><\/p>\n<p class=\"ft-helper-fontColor-quaternary ft-helper-fontSize-body-S ft-helper-spacer-t-xxs\">El centrocampista del Barcelona Frenkie de Jong durante el partido de la primera fase de la Liga de Campeones que FC Barcelona y PSG disputaron en el estadio ol\u00edmpico Lluis Companys. EFE\/Siu Wu. (Barcelona)  \/ EFE<\/p>\n<p class=\"ft-text\">No fue el \u00fanico: \u00ab<a class=\"ft-link ft-link--decoration\" href=\"https:\/\/www.sport.es\/es\/noticias\/barca\/jong-sido-buen-partido-ver-122176375\" rel=\"nofollow noopener\" target=\"_blank\">Creo que es la acumulaci\u00f3n de cansancio<\/a>. Es lo que hay. Hemos jugado siete partidos en 21 d\u00edas, pero a veces correr detr\u00e1s del bal\u00f3n te cansa m\u00e1s que cualquier cosa\u00bb, confesaba <strong>De Jong<\/strong>, que apunta, tambi\u00e9n en parte, a un tema futbol\u00edstico que obliga a correr m\u00e1s a la plantilla blaugrana cuando no tiene el control.<\/p>\n<p class=\"ft-text\">Sin embargo, Flick sigue apuntando hacia la misma direcci\u00f3n: \u00ab<strong>En la segunda parte se not\u00f3 que algunos jugadores estaban muy cansados<\/strong>. Cuando est\u00e1s un poco cansado, se nota en el campo, pero todos lo dieron todo. Con el 1-1 en el marcador, hay que tener una mejor estructura defensiva\u00bb.<\/p>\n<p><img decoding=\"async\" src=\"https:\/\/www.europesays.com\/es\/wp-content\/uploads\/2025\/10\/27baee56-b432-4d9b-a3f6-04cfcb503bf0_alta-libre-aspect-ratio_default_0.jpg\" width=\"1200\" height=\"675\" alt=\"Pedri se mostr\u00f3 dolido tras perder contra el Sevilla\" class=\"ft-helper-img-rd\" loading=\"lazy\" hasdataaida=\"true\"\/><\/p>\n<p class=\"ft-helper-fontColor-quaternary ft-helper-fontSize-body-S ft-helper-spacer-t-xxs\">Pedri se mostr\u00f3 dolido tras perder contra el Sevilla  \/ Dani Barbeito<\/p>\n<p class=\"ft-text\">Sorprende que tras un verano en el que los blaugrana han tenido m\u00e1s vacaciones que, por ejemplo, <a class=\"ft-link ft-link--decoration\" href=\"https:\/\/www.sport.es\/es\/noticias\/deportes\/cronica-psg-chelsea-final-mundial-clubes-119663989\" rel=\"nofollow noopener\" target=\"_blank\">el PSG, que jug\u00f3 la final del Mundial de Clubs<\/a>, en el duelo ante los parisinos, acabara fundido, algo que pareci\u00f3 repetirse ante el Sevilla. No se trata de una percepci\u00f3n, sino de una realidad confesada por quienes forman el primer equipo del <strong>Bar\u00e7a<\/strong>, incluido su entrenador. Una explicaci\u00f3n podr\u00eda ser la carga que acumulan los futbolistas y que, como pas\u00f3 la temporada pasada, en este tramo de temporada las piernas est\u00e9n m\u00e1s cansadas, algo, por lo tanto, circunstancil que se superar\u00eda con el tiempo.<\/p>\n","protected":false},"excerpt":{"rendered":"Dice el refr\u00e1n que \u00abcuando el r\u00edo suena, agua lleva\u00bb. Y el r\u00edo blaugrana, \u00faltimamente, hace mucho ruido.&hellip;\n","protected":false},"author":2,"featured_media":162416,"comment_status":"","ping_status":"","sticky":false,"template":"","format":"standard","meta":{"footnotes":""},"categories":[93],"tags":[27573,48108,26426,168,25,24,881,4970,16809,23,167],"class_list":{"0":"post-162415","1":"post","2":"type-post","3":"status-publish","4":"format-standard","5":"has-post-thumbnail","7":"category-deportes","8":"tag-balde","9":"tag-cubarsi","10":"tag-de-jong","11":"tag-deportes","12":"tag-es","13":"tag-espana","14":"tag-fc-barcelona","15":"tag-flick","16":"tag-pedri","17":"tag-spain","18":"tag-sports"},"share_on_mastodon":{"url":"","error":""},"_links":{"self":[{"href":"https:\/\/www.europesays.com\/es\/wp-json\/wp\/v2\/posts\/162415","targetHints":{"allow":["GET"]}}],"collection":[{"href":"https:\/\/www.europesays.com\/es\/wp-json\/wp\/v2\/posts"}],"about":[{"href":"https:\/\/www.europesays.com\/es\/wp-json\/wp\/v2\/types\/post"}],"author":[{"embeddable":true,"href":"https:\/\/www.europesays.com\/es\/wp-json\/wp\/v2\/users\/2"}],"replies":[{"embeddable":true,"href":"https:\/\/www.europesays.com\/es\/wp-json\/wp\/v2\/comments?post=162415"}],"version-history":[{"count":0,"href":"https:\/\/www.europesays.com\/es\/wp-json\/wp\/v2\/posts\/162415\/revisions"}],"wp:featuredmedia":[{"embeddable":true,"href":"https:\/\/www.europesays.com\/es\/wp-json\/wp\/v2\/media\/162416"}],"wp:attachment":[{"href":"https:\/\/www.europesays.com\/es\/wp-json\/wp\/v2\/media?parent=162415"}],"wp:term":[{"taxonomy":"category","embeddable":true,"href":"https:\/\/www.europesays.com\/es\/wp-json\/wp\/v2\/categories?post=162415"},{"taxonomy":"post_tag","embeddable":true,"href":"https:\/\/www.europesays.com\/es\/wp-json\/wp\/v2\/tags?post=162415"}],"curies":[{"name":"wp","href":"https:\/\/api.w.org\/{rel}","templated":true}]}}