{"id":162446,"date":"2025-10-08T08:47:08","date_gmt":"2025-10-08T08:47:08","guid":{"rendered":"https:\/\/www.europesays.com\/es\/162446\/"},"modified":"2025-10-08T08:47:08","modified_gmt":"2025-10-08T08:47:08","slug":"lupillo-rivera-revelo-en-su-libro-tragos-amargos-que-belinda-le-preparaba-el-desayuno","status":"publish","type":"post","link":"https:\/\/www.europesays.com\/es\/162446\/","title":{"rendered":"Lupillo Rivera revel\u00f3 en su libro \u201cTragos amargos\u201d que Belinda le preparaba el desayuno"},"content":{"rendered":"<p><img alt=\"El cantante caus\u00f3 pol\u00e9mica al\" class=\"global-image\" decoding=\"async\" fetchpriority=\"high\" height=\"1080\" loading=\"eager\" src=\"https:\/\/www.europesays.com\/es\/wp-content\/uploads\/2025\/10\/LAC2EVNNJRBJFKEOQKKIQDWBFE.jpg\" width=\"1920\"\/>El cantante caus\u00f3 pol\u00e9mica al narrar su versi\u00f3n sobre la relaci\u00f3n que presuntamente sostuvo con la actriz.<\/p>\n<p class=\"paragraph\">La publicaci\u00f3n del libro <b>Tragos amargos<\/b>, por <b>Lupillo Rivera<\/b>, reaviva la controversia sobre una de las relaciones m\u00e1s comentadas de la far\u00e1ndula mexicana. En el volumen, el cantante narra por primera vez desde su propia perspectiva el supuesto acercamiento sentimental que experiment\u00f3 con <b>Belinda<\/b> durante su participaci\u00f3n en un exitoso programa de televisi\u00f3n. <\/p>\n<p class=\"paragraph\">La obra detalla los momentos clave del inicio, desarrollo y ruptura de esta relaci\u00f3n, aportando fragmentos \u00edntimos y testimonios in\u00e9ditos sobre el v\u00ednculo. De acuerdo a fragmentos que ya circulan en redes sociales y que han sido le\u00eddos por reporteros en entrevistas con el cantante, es precisamente en el cap\u00edtulo veinticinco donde recoge el momento en que Rivera, al acudir a una junta de producci\u00f3n acompa\u00f1ado de su hermano <b>Juan Rivera<\/b>, tuvo su primer encuentro con Belinda. <\/p>\n<p class=\"paragraph\">La artista luc\u00eda \u201cmuy guapa, vestida con un blue jean, una chamarra blanca plateada y un peinado espectacular\u201d, seg\u00fan describi\u00f3 el propio cantante. Rivera reconoci\u00f3 que no identific\u00f3 a la int\u00e9rprete en ese instante, hasta que su hermano le indic\u00f3 que se trataba de la famosa artista. El saludo inicial marc\u00f3 el tono: \u201c<b>Not\u00e9 que agarraba mi mano con fuerza y no la soltaba<\/b>\u201d, cita el libro. \u201cVolte\u00e9 hacia Juan con una frase en ingl\u00e9s: \u2018I\u2019m gonna have trouble\u2019\u201d.<\/p>\n<p><img alt=\"Lupillo Rivera y Belinda se\" class=\"global-image\" decoding=\"async\" fetchpriority=\"low\" height=\"405\" loading=\"lazy\" src=\"https:\/\/www.europesays.com\/es\/wp-content\/uploads\/2025\/10\/D2W4745CQBDARPQ5T7PMOLH3J4.jpeg\" width=\"720\"\/>Lupillo Rivera y Belinda se conocieron durante las grabaciones de \u00abLa Voz M\u00e9xico\u00bb<br \/>\n(Foto: captura de pantalla de YouTube)<\/p>\n<p class=\"paragraph\">La narraci\u00f3n avanza hacia los primeros d\u00edas del reality, cuando la int\u00e9rprete de \u201cLuz sin gravedad\u201d habr\u00eda adoptado una actitud distante tras la visita de la entonces pareja de Rivera. El libro revela el di\u00e1logo directo entre ambos: \u201cOye, Beli, \u00bfte he ofendido en algo? O nada m\u00e1s dime. Disc\u00falpame por lo que fuera\u201d. Belinda respondi\u00f3: \u201cNo, nada. Es que nada m\u00e1s no quiero hablar contigo\u201d. <\/p>\n<p class=\"paragraph\">Dicha respuesta anticip\u00f3 el giro en la relaci\u00f3n pocas semanas despu\u00e9s: un encuentro casual en la calle propici\u00f3 un acercamiento. De acuerdo con el libro, <b>Belinda habr\u00eda invitado a Rivera<\/b> a salir con su equipo, y en ese entorno le pidi\u00f3 que reservara un espacio privado. Durante esa velada, la cantante expres\u00f3 sus sentimientos abiertamente y admiti\u00f3 sentir celos. <\/p>\n<p class=\"paragraph\">El relato se\u00f1ala como punto decisivo el beso que la cantante le habr\u00eda dado a Lupillo. \u201c<b>Si es verdad que yo te gusto, pues dame un beso, a ver si es cierto<\/b>\u201d, narra el libro. Seg\u00fan el cantante mexicano, ese instante transform\u00f3 su v\u00ednculo, hasta consolidar una relaci\u00f3n discreta ante la producci\u00f3n y los medios. <\/p>\n<p class=\"paragraph\">El libro tambi\u00e9n abunda en detalles de la convivencia, incluyendo el episodio del <b>desayuno supuestamente preparado por<\/b> <b>Belinda<\/b> en su propia casa. \u201cTienen estrictamente prohibido darle cualquier cosa a \u00e9l. <b>Lo que \u00e9l pida, yo personalmente se lo voy a traer<\/b>\u201d, orden\u00f3 la cantante a su personal dom\u00e9stico, seg\u00fan Lupillo Rivera. Al regresar,<b> la actriz sirvi\u00f3 huevos a la mexicana<\/b>, pollo, caf\u00e9, tortillas, fruta cortada y jugo de naranja, certificando la autenticidad de su gesto con un video grabado en su tel\u00e9fono.<\/p>\n<p><img alt=\"Hasta el momento, Belinda no\" class=\"global-image\" decoding=\"async\" fetchpriority=\"low\" height=\"1079\" loading=\"lazy\" src=\"https:\/\/www.europesays.com\/es\/wp-content\/uploads\/2025\/10\/GS72S6VLIBELZHIU6Z3CHYJOKA.jpg\" width=\"1920\"\/>Hasta el momento, Belinda no ha confirmado o desmentido la versi\u00f3n de Rivera.<\/p>\n<p class=\"paragraph\">\u201cUna vez se me acerc\u00f3 una de las empleadas y me pregunt\u00f3 si me ofrec\u00eda algo para desayunar. Cuando le dije que s\u00ed, Beli me par\u00f3 en seco y se dirigi\u00f3 a la sirvienta: \u2018<b>Tienen estrictamente prohibido darle cualquier cosa a \u00e9l. Lo que \u00e9l pida, yo personalmente se lo voy a traer\u2019. \u2018\u00bfQuieres algo, mi amor?\u2019<\/b> Respond\u00ed yo at\u00f3nito: \u2018Ah, pues s\u00ed, quer\u00eda un jugo\u2019. \u2018\u00bfY no tienes hambre? \u00bfNo quieres unos huevitos?\u2019 \u2018S\u00ed, claro, mi amor, s\u00ed, claro que s\u00ed\u2019. Se fue y al rato regres\u00f3 con unos huevos a la mexicana que ella misma cocin\u00f3. Un pedazo de pollo, caf\u00e9, tortillas, fruta cortada y un jugo de naranja\u00bb, narra Lupillo en su libro. <\/p>\n<p class=\"paragraph\">M\u00e1s all\u00e1 de revelar estos momentos privados, Lupillo Rivera reflexion\u00f3 sobre la percepci\u00f3n p\u00fablica de su expareja. El int\u00e9rprete sostiene en su texto que \u201ces absurdo suponer que una mujer como Belinda solo se relaciona por inter\u00e9s econ\u00f3mico\u201d, y recalca la autenticidad de su v\u00ednculo. <\/p>\n<blockquote class=\"color_figcaption\"><p>\u201cMuy a mi pesar, lleg\u00f3 el d\u00eda en que me di cuenta que con Belinda no hab\u00eda seguridad. Fue el principio del fin de una bonita historia de amor de los dos\u201d.<\/p><\/blockquote>\n<p class=\"paragraph\">El libro cierra con la declaraci\u00f3n de un recuerdo perdurable y el deseo de bienestar para la cantante, encapsulando esa etapa como una historia significativa en la vida del cantante.<\/p>\n<p class=\"paragraph\">Por otro lado en entrevista para Los \u00c1ngeles Times en espa\u00f1ol, Rivera fue cuestionado sobre el saz\u00f3n de Belinda. \u00bfQu\u00e9 tal cocinaba Belinda? a lo que el cantante respondi\u00f3: \u201cMuy sabroso, muy rico. <b>Se aventaba buena cocina la muchacha<\/b>. Muy buena mujer va a ser\u201d.<\/p>\n","protected":false},"excerpt":{"rendered":"El cantante caus\u00f3 pol\u00e9mica al narrar su versi\u00f3n sobre la relaci\u00f3n que presuntamente sostuvo con la actriz. La&hellip;\n","protected":false},"author":2,"featured_media":162447,"comment_status":"","ping_status":"","sticky":false,"template":"","format":"standard","meta":{"footnotes":""},"categories":[172],"tags":[224,146,147,25,24,225,23],"class_list":{"0":"post-162446","1":"post","2":"type-post","3":"status-publish","4":"format-standard","5":"has-post-thumbnail","7":"category-libros","8":"tag-books","9":"tag-entertainment","10":"tag-entretenimiento","11":"tag-es","12":"tag-espana","13":"tag-libros","14":"tag-spain"},"share_on_mastodon":{"url":"","error":""},"_links":{"self":[{"href":"https:\/\/www.europesays.com\/es\/wp-json\/wp\/v2\/posts\/162446","targetHints":{"allow":["GET"]}}],"collection":[{"href":"https:\/\/www.europesays.com\/es\/wp-json\/wp\/v2\/posts"}],"about":[{"href":"https:\/\/www.europesays.com\/es\/wp-json\/wp\/v2\/types\/post"}],"author":[{"embeddable":true,"href":"https:\/\/www.europesays.com\/es\/wp-json\/wp\/v2\/users\/2"}],"replies":[{"embeddable":true,"href":"https:\/\/www.europesays.com\/es\/wp-json\/wp\/v2\/comments?post=162446"}],"version-history":[{"count":0,"href":"https:\/\/www.europesays.com\/es\/wp-json\/wp\/v2\/posts\/162446\/revisions"}],"wp:featuredmedia":[{"embeddable":true,"href":"https:\/\/www.europesays.com\/es\/wp-json\/wp\/v2\/media\/162447"}],"wp:attachment":[{"href":"https:\/\/www.europesays.com\/es\/wp-json\/wp\/v2\/media?parent=162446"}],"wp:term":[{"taxonomy":"category","embeddable":true,"href":"https:\/\/www.europesays.com\/es\/wp-json\/wp\/v2\/categories?post=162446"},{"taxonomy":"post_tag","embeddable":true,"href":"https:\/\/www.europesays.com\/es\/wp-json\/wp\/v2\/tags?post=162446"}],"curies":[{"name":"wp","href":"https:\/\/api.w.org\/{rel}","templated":true}]}}