{"id":162456,"date":"2025-10-08T08:52:13","date_gmt":"2025-10-08T08:52:13","guid":{"rendered":"https:\/\/www.europesays.com\/es\/162456\/"},"modified":"2025-10-08T08:52:13","modified_gmt":"2025-10-08T08:52:13","slug":"cuestionan-la-eficacia-del-tramadol-frente-al-dolor-cronico","status":"publish","type":"post","link":"https:\/\/www.europesays.com\/es\/162456\/","title":{"rendered":"Cuestionan la eficacia del tramadol frente al dolor cr\u00f3nico."},"content":{"rendered":"<p lang=\"ES-ES\" xml:lang=\"ES-ES\">Esta revisi\u00f3n presenta un an\u00e1lisis de datos propio de una publicaci\u00f3n cient\u00edfica de alto nivel, y por ello reconocen que casi todos los estudios que incluyen tienen un alto riesgo de sesgo y que los resultados obtenidos fueron muy heterog\u00e9neos.\u00a0<\/p>\n<p lang=\"ES-ES\" xml:lang=\"ES-ES\">Es conocido que tramadol tiene una potencia analg\u00e9sica moderada y que, como el resto de los analg\u00e9sicos opioides, aumenta la probabilidad de experimentar eventos graves (adicci\u00f3n, tolerancia, conductas aberrantes&#8230;) en comparaci\u00f3n con placebo.\u00a0<\/p>\n<p lang=\"ES-ES\" xml:lang=\"ES-ES\">Sin embargo, lo que reduce la fiabilidad de los resultados es el hecho de que los ensayos incluidos en el an\u00e1lisis tuvieron un seguimiento m\u00e1ximo de 12 semanas, con una duraci\u00f3n de entre 2 y 16 semanas, lo que limita la capacidad de establecer causalidad entre el uso de tramadol y el desarrollo de c\u00e1ncer. Se trata de un periodo demasiado corto para que se desarrollen neoplasias inducidas por f\u00e1rmacos. Las neoplasias podr\u00edan haber sido preexistentes, coincidentes o influenciadas por otros factores no controlados en los estudios.\u00a0<\/p>\n<p lang=\"ES-ES\" xml:lang=\"ES-ES\">Con los datos disponibles hasta la actualidad, ning\u00fan estudio publicado puede concluir que tramadol cause c\u00e1ncer. Los resultados de este estudio fueron considerados de riesgo alto de sesgo, por lo que se deben ajustar las conclusiones en consecuencia.\u00a0<\/p>\n","protected":false},"excerpt":{"rendered":"Esta revisi\u00f3n presenta un an\u00e1lisis de datos propio de una publicaci\u00f3n cient\u00edfica de alto nivel, y por ello&hellip;\n","protected":false},"author":2,"featured_media":162457,"comment_status":"","ping_status":"","sticky":false,"template":"","format":"standard","meta":{"footnotes":""},"categories":[92],"tags":[7752,25,24,11291,165,166,23],"class_list":{"0":"post-162456","1":"post","2":"type-post","3":"status-publish","4":"format-standard","5":"has-post-thumbnail","7":"category-salud","8":"tag-dolor","9":"tag-es","10":"tag-espana","11":"tag-farmacologia","12":"tag-health","13":"tag-salud","14":"tag-spain"},"share_on_mastodon":{"url":"","error":""},"_links":{"self":[{"href":"https:\/\/www.europesays.com\/es\/wp-json\/wp\/v2\/posts\/162456","targetHints":{"allow":["GET"]}}],"collection":[{"href":"https:\/\/www.europesays.com\/es\/wp-json\/wp\/v2\/posts"}],"about":[{"href":"https:\/\/www.europesays.com\/es\/wp-json\/wp\/v2\/types\/post"}],"author":[{"embeddable":true,"href":"https:\/\/www.europesays.com\/es\/wp-json\/wp\/v2\/users\/2"}],"replies":[{"embeddable":true,"href":"https:\/\/www.europesays.com\/es\/wp-json\/wp\/v2\/comments?post=162456"}],"version-history":[{"count":0,"href":"https:\/\/www.europesays.com\/es\/wp-json\/wp\/v2\/posts\/162456\/revisions"}],"wp:featuredmedia":[{"embeddable":true,"href":"https:\/\/www.europesays.com\/es\/wp-json\/wp\/v2\/media\/162457"}],"wp:attachment":[{"href":"https:\/\/www.europesays.com\/es\/wp-json\/wp\/v2\/media?parent=162456"}],"wp:term":[{"taxonomy":"category","embeddable":true,"href":"https:\/\/www.europesays.com\/es\/wp-json\/wp\/v2\/categories?post=162456"},{"taxonomy":"post_tag","embeddable":true,"href":"https:\/\/www.europesays.com\/es\/wp-json\/wp\/v2\/tags?post=162456"}],"curies":[{"name":"wp","href":"https:\/\/api.w.org\/{rel}","templated":true}]}}