{"id":162458,"date":"2025-10-08T08:53:07","date_gmt":"2025-10-08T08:53:07","guid":{"rendered":"https:\/\/www.europesays.com\/es\/162458\/"},"modified":"2025-10-08T08:53:07","modified_gmt":"2025-10-08T08:53:07","slug":"bruno-gomez-acebo-y-barbara-cano-confirman-su-separacion-tras-20-anos-de-matrimonio","status":"publish","type":"post","link":"https:\/\/www.europesays.com\/es\/162458\/","title":{"rendered":"Bruno G\u00f3mez-Acebo y B\u00e1rbara Cano confirman su separaci\u00f3n tras 20 a\u00f1os de matrimonio"},"content":{"rendered":"<p style=\"\">Tras m\u00e1s de veinte a\u00f1os de matrimonio y tres hijos en com\u00fan, Bruno G\u00f3mez-Acebo de Borb\u00f3n y B\u00e1rbara Cano de la Plaza han confirmado que viven separados desde hace algo m\u00e1s de un a\u00f1o. <strong>No habr\u00e1 divorcio, ni titulares sonoros, ni reproches<\/strong>. Lo  &#8230; suyo, como siempre, ha sido un cambio tranquilo, gestionado con esa discreci\u00f3n que los ha caracterizado desde el principio.<\/p>\n<p class=\"voc-p\" style=\"\">\u00abEl comienzo fue muy doloroso y dif\u00edcil, pero ha pasado un a\u00f1o y ahora lo veo todo con perspectiva. Afrontar el final de un proyecto de vida de tres d\u00e9cadas y con tres hijos no es f\u00e1cil, pero <strong>lo que queda hoy es una relaci\u00f3n cordial<\/strong>, basada en el respeto y en el compromiso com\u00fan con los hijos\u00bb, explicaba B\u00e1rbara en conversaci\u00f3n telef\u00f3nica con Hola!<\/p>\n<p>\nCaminos separados\n<\/p>\n<p class=\"voc-p\" style=\"\">Bruno, nacido en 1971, vive en Miami (Florida), donde es vicepresidente de la consultora financiera Boreal Capital. Aun as\u00ed, cada mes viaja a Madrid para reunirse con sus tres hijos: Alejandro (2004), Guillermo (2005) y \u00c1lvaro (2011). Ellos siguen siendo su motor y su centro.<\/p>\n<p class=\"voc-p\" style=\"\">Por su parte, B\u00e1rbara, formada en Direcci\u00f3n de Empresas y Marketing, ha decidido reinventarse profesionalmente con la creaci\u00f3n de su propio estudio de paisajismo, que lleva su nombre. \u00abEra un paso que llevaba tiempo queriendo dar y decid\u00ed que este era el momento adecuado. <strong>Lo vivo como un regalo y una oportunidad<\/strong> para unir mi experiencia con mi pasi\u00f3n por el paisajismo\u00bb, afirma con ilusi\u00f3n a la revista.<\/p>\n<p class=\"voc-p\" style=\"\">Instalada en la vivienda familiar junto a sus hijos, tambi\u00e9n ha cerrado una etapa muy importante: la de la Fundaci\u00f3n ATIENDE, dedicada durante una d\u00e9cada a la inclusi\u00f3n social de ni\u00f1os con autismo. Sus fondos se destinaron a la Fundaci\u00f3n Querer, asegurando la continuidad de su esp\u00edritu solidario.<\/p>\n<p>\nA\u00f1os complicados\n<\/p>\n<p class=\"voc-p\" style=\"\"><a href=\"https:\/\/www.abc.es\/estilo\/gente\/abci-familia-real-asistio-madrid-boda-bruno-gomez-acebo-y-barbara-cano-200210050300-134248_noticia.html\" target=\"_self\" data-voc-vtm-id=\"in-text-traffic\" title=\"La pareja se cas\u00f3 en 2002\" data-mrf-link=\"www.abc.es\" rel=\"nofollow noopener\">La pareja se cas\u00f3 en 2002<\/a>, en una ceremonia celebrada en el Monasterio de la Encarnaci\u00f3n de Madrid, con la Familia Real entre los invitados. Desde entonces, siempre se mantuvieron al margen del ruido medi\u00e1tico, convertidos en s\u00edmbolo de estabilidad dentro de la familia Borb\u00f3n.<\/p>\n<p class=\"voc-p\" style=\"\">La noticia de su separaci\u00f3n llega tras a\u00f1os especialmente duros para los G\u00f3mez-Acebo. En 2020 falleci\u00f3 la infanta Pilar de Borb\u00f3n, y en 2024 la familia <strong>sufri\u00f3 la p\u00e9rdida de Fernando y Juan, hermanos de Bruno<\/strong>, con solo cinco meses de diferencia.<\/p>\n","protected":false},"excerpt":{"rendered":"Tras m\u00e1s de veinte a\u00f1os de matrimonio y tres hijos en com\u00fan, Bruno G\u00f3mez-Acebo de Borb\u00f3n y B\u00e1rbara&hellip;\n","protected":false},"author":2,"featured_media":162459,"comment_status":"","ping_status":"","sticky":false,"template":"","format":"standard","meta":{"footnotes":""},"categories":[91],"tags":[1611,38503,34181,15377,146,147,25,24,48114,9160,48115,23],"class_list":{"0":"post-162458","1":"post","2":"type-post","3":"status-publish","4":"format-standard","5":"has-post-thumbnail","7":"category-entretenimiento","8":"tag-ano","9":"tag-barbara","10":"tag-bruno","11":"tag-cano","12":"tag-entertainment","13":"tag-entretenimiento","14":"tag-es","15":"tag-espana","16":"tag-gomezacebo","17":"tag-llevan","18":"tag-separados","19":"tag-spain"},"share_on_mastodon":{"url":"","error":""},"_links":{"self":[{"href":"https:\/\/www.europesays.com\/es\/wp-json\/wp\/v2\/posts\/162458","targetHints":{"allow":["GET"]}}],"collection":[{"href":"https:\/\/www.europesays.com\/es\/wp-json\/wp\/v2\/posts"}],"about":[{"href":"https:\/\/www.europesays.com\/es\/wp-json\/wp\/v2\/types\/post"}],"author":[{"embeddable":true,"href":"https:\/\/www.europesays.com\/es\/wp-json\/wp\/v2\/users\/2"}],"replies":[{"embeddable":true,"href":"https:\/\/www.europesays.com\/es\/wp-json\/wp\/v2\/comments?post=162458"}],"version-history":[{"count":0,"href":"https:\/\/www.europesays.com\/es\/wp-json\/wp\/v2\/posts\/162458\/revisions"}],"wp:featuredmedia":[{"embeddable":true,"href":"https:\/\/www.europesays.com\/es\/wp-json\/wp\/v2\/media\/162459"}],"wp:attachment":[{"href":"https:\/\/www.europesays.com\/es\/wp-json\/wp\/v2\/media?parent=162458"}],"wp:term":[{"taxonomy":"category","embeddable":true,"href":"https:\/\/www.europesays.com\/es\/wp-json\/wp\/v2\/categories?post=162458"},{"taxonomy":"post_tag","embeddable":true,"href":"https:\/\/www.europesays.com\/es\/wp-json\/wp\/v2\/tags?post=162458"}],"curies":[{"name":"wp","href":"https:\/\/api.w.org\/{rel}","templated":true}]}}