{"id":162474,"date":"2025-10-08T09:01:08","date_gmt":"2025-10-08T09:01:08","guid":{"rendered":"https:\/\/www.europesays.com\/es\/162474\/"},"modified":"2025-10-08T09:01:08","modified_gmt":"2025-10-08T09:01:08","slug":"hemos-llegado-al-punto-en-que-tus-victorias-parecen-casi-normales","status":"publish","type":"post","link":"https:\/\/www.europesays.com\/es\/162474\/","title":{"rendered":"Hemos llegado al punto en que tus victorias parecen casi normales"},"content":{"rendered":"<p class=\"c-paragraph\"><b\/>UFC 320 ha despejado dos dudas importantes: que Alex Pereira sigue siendo una m\u00e1quina casi imparable de noquear rivales y, sobre todo, que <b>Merab Dvalishvili es uno de los luchadores m\u00e1s s\u00f3lidos que se hayan visto en UFC<\/b>. El georgiano se enfrentaba este fin de semana a Cory Sandhagen, uno de los luchadores m\u00e1s complejos y completos de UFC, y aprob\u00f3 el examen con una victoria incontestable.<\/p>\n<p class=\"c-paragraph\">El nivel de Dvalishvili es tal, que el propio Ilia Topuria ha querido reconocerlo en una emotiva dedicatoria en X. \u00abHermano, hemos llegado al punto en que tus victorias parecen casi normales. Pero todos sabemos lo dif\u00edcil que es llegar ah\u00ed. Lo digo con orgullo<b>: \u00a1eres una leyenda viviente! Un ejemplo de trabajo duro, sacrificio y coraz\u00f3n\u00bb<\/b>, ha se\u00f1alado el campe\u00f3n del peso ligero.<\/p>\n<p class=\"c-paragraph\">Ilia Topuria y Merab Dvalishvili han entrenado juntos y ya son m\u00e1s amigos que compa\u00f1eros, as\u00ed que \u00abel matador\u00bb ha querido reconocer tambi\u00e9n el lado m\u00e1s personal de Dvalishvili: \u00ab<b>M\u00e1s all\u00e1 de ser un luchador, eres una persona incre\u00edble, con un alma inmenso<\/b>. Te queremos, te apoyamos y te acompa\u00f1amos en cada paso del camino\u00bb.<\/p>\n<p class=\"c-paragraph\">El luchador georgiano empez\u00f3 con dos derrotas en UFC, pero lleva una racha impresionante de 14 victorias consecutivas. Entre sus oponentes vencidos han estado<b> Jos\u00e9 Aldo, Umar Nurmagomedov, Henry Cejudo, Sean O&#8217;Malley y Petr Yan<\/b>. No hay muchos luchadores que puedan presumir de un curr\u00edculum de este calibre.<\/p>\n<p class=\"c-paragraph\">Petr Yan, por cierto, suena como el pr\u00f3ximo rival del georgiano. Todav\u00eda no hay confirmaci\u00f3n de UFC, pero<b> el propio luchador se ha abierto a una segunda pelea a finales de a\u00f1o<\/b>. El ruso lleva tres victorias consecutivas y es, sin duda, uno de los rivales m\u00e1s completos a los que se puede enfrentar.<\/p>\n","protected":false},"excerpt":{"rendered":"UFC 320 ha despejado dos dudas importantes: que Alex Pereira sigue siendo una m\u00e1quina casi imparable de noquear&hellip;\n","protected":false},"author":2,"featured_media":162475,"comment_status":"","ping_status":"","sticky":false,"template":"","format":"standard","meta":{"footnotes":""},"categories":[276],"tags":[168,25,24,743,267,23,167,348,343],"class_list":{"0":"post-162474","1":"post","2":"type-post","3":"status-publish","4":"format-standard","5":"has-post-thumbnail","7":"category-ufc","8":"tag-deportes","9":"tag-es","10":"tag-espana","11":"tag-mma","12":"tag-planseo","13":"tag-spain","14":"tag-sports","15":"tag-topuria","16":"tag-ufc"},"share_on_mastodon":{"url":"","error":""},"_links":{"self":[{"href":"https:\/\/www.europesays.com\/es\/wp-json\/wp\/v2\/posts\/162474","targetHints":{"allow":["GET"]}}],"collection":[{"href":"https:\/\/www.europesays.com\/es\/wp-json\/wp\/v2\/posts"}],"about":[{"href":"https:\/\/www.europesays.com\/es\/wp-json\/wp\/v2\/types\/post"}],"author":[{"embeddable":true,"href":"https:\/\/www.europesays.com\/es\/wp-json\/wp\/v2\/users\/2"}],"replies":[{"embeddable":true,"href":"https:\/\/www.europesays.com\/es\/wp-json\/wp\/v2\/comments?post=162474"}],"version-history":[{"count":0,"href":"https:\/\/www.europesays.com\/es\/wp-json\/wp\/v2\/posts\/162474\/revisions"}],"wp:featuredmedia":[{"embeddable":true,"href":"https:\/\/www.europesays.com\/es\/wp-json\/wp\/v2\/media\/162475"}],"wp:attachment":[{"href":"https:\/\/www.europesays.com\/es\/wp-json\/wp\/v2\/media?parent=162474"}],"wp:term":[{"taxonomy":"category","embeddable":true,"href":"https:\/\/www.europesays.com\/es\/wp-json\/wp\/v2\/categories?post=162474"},{"taxonomy":"post_tag","embeddable":true,"href":"https:\/\/www.europesays.com\/es\/wp-json\/wp\/v2\/tags?post=162474"}],"curies":[{"name":"wp","href":"https:\/\/api.w.org\/{rel}","templated":true}]}}