{"id":162494,"date":"2025-10-08T09:14:09","date_gmt":"2025-10-08T09:14:09","guid":{"rendered":"https:\/\/www.europesays.com\/es\/162494\/"},"modified":"2025-10-08T09:14:09","modified_gmt":"2025-10-08T09:14:09","slug":"carlos-sainz-se-moja-y-habla-como-nunca-de-como-ve-la-situacion-politica-que-hay-en-espana","status":"publish","type":"post","link":"https:\/\/www.europesays.com\/es\/162494\/","title":{"rendered":"Carlos S\u00e1inz se moja y habla como nunca de c\u00f3mo ve la situaci\u00f3n pol\u00edtica que hay en Espa\u00f1a"},"content":{"rendered":"<p>El piloto madrile\u00f1o de F\u00f3rmula 1, <b>Carlos Sainz, ha opinado sobre la situaci\u00f3n pol\u00edtica y social<\/b> que, en su opini\u00f3n, se vive hoy en d\u00eda en Espa\u00f1a durante una entrevista que ha dado a <a href=\"https:\/\/www.cope.es\/programas\/el-partidazo-de-cope\/entrevistas-de-juanma-castano\/episodios\/carlos-sainz-entrevistas-juanma-castano-20251008_3228087.html\" target=\"_blank\" rel=\"nofollow noopener\">Juanma Casta\u00f1o para El Partidazo de la Cadena Cope.\u00a0<\/a><\/p>\n<p>Sainz, que ha reconocido estar motivado y con ganas para seguir en la escuder\u00eda Williams, ha confesado que<b> la \u00faltima vez que estuvo en Espa\u00f1a fue el pasado 1 de septiembre<\/b>, para celebrar su cumplea\u00f1os, y fue cuando aprovech\u00f3 para ver a amigos y familiares.\u00a0<\/p>\n<p>Entonces, Casta\u00f1o ha preguntado al piloto madrile\u00f1o por si est\u00e1 al d\u00eda de la situaci\u00f3n en Espa\u00f1a y de todo lo que va pasando. \u00c9l ha mostrado su desencanto: \u00ab<b>Estoy tan disgustado con lo que veo con la situaci\u00f3n tanto pol\u00edtica como social<\/b> que me pon\u00eda un poco de mal humor cada vez que intentaba seguir la actualidad y, desde entonces, he intentado desconectar un poco\u00bb.\u00a0<\/p>\n<p>\u00abAhora, con el tema de Israel y Palestina, el revuelo que se mont\u00f3 en La Vuelta, s\u00ed que he intentado leer e informarme para entender lo que est\u00e1 pasando y por qu\u00e9 est\u00e1 pasando, <b>intentar entender las dos posiciones para poder tener en el d\u00eda de ma\u00f1ana una opini\u00f3n <\/b>y el punto de vista y poco m\u00e1s\u00bb, ha a\u00f1adido.\u00a0<\/p>\n<p>Finalmente, Sainz ha insistido en que <b>\u00abel tema pol\u00edtico espa\u00f1ol lo tengo abandonado<\/b> porque me pone de muy mal humor\u00bb.<\/p>\n<p>Adem\u00e1s, el madrile\u00f1o tambi\u00e9n ha comentado que de todo lo que es el deporte espa\u00f1ol el f\u00fatbol, por ejemplo, lo sige menos y <b>al Real Madrid, su equipo, lo ve m\u00e1s en Champions y menos en Liga<\/b>, aunque ha descartado que esto sea por un tema estrictamente arbitral. Finalmente, ha apuntado que lo que m\u00e1s sigue \u00faltimamente es otro deporte de motor como Moto GP y la reciente victoria de Marc M\u00e1rquez, el ciclismo con los continuos triunfos de Tadej Pogacar y el golf.\u00a0<\/p>\n","protected":false},"excerpt":{"rendered":"El piloto madrile\u00f1o de F\u00f3rmula 1, Carlos Sainz, ha opinado sobre la situaci\u00f3n pol\u00edtica y social que, en&hellip;\n","protected":false},"author":2,"featured_media":162495,"comment_status":"","ping_status":"","sticky":false,"template":"","format":"standard","meta":{"footnotes":""},"categories":[93],"tags":[307,168,25,24,952,23,167],"class_list":{"0":"post-162494","1":"post","2":"type-post","3":"status-publish","4":"format-standard","5":"has-post-thumbnail","7":"category-deportes","8":"tag-carlos-sainz","9":"tag-deportes","10":"tag-es","11":"tag-espana","12":"tag-politica","13":"tag-spain","14":"tag-sports"},"share_on_mastodon":{"url":"","error":""},"_links":{"self":[{"href":"https:\/\/www.europesays.com\/es\/wp-json\/wp\/v2\/posts\/162494","targetHints":{"allow":["GET"]}}],"collection":[{"href":"https:\/\/www.europesays.com\/es\/wp-json\/wp\/v2\/posts"}],"about":[{"href":"https:\/\/www.europesays.com\/es\/wp-json\/wp\/v2\/types\/post"}],"author":[{"embeddable":true,"href":"https:\/\/www.europesays.com\/es\/wp-json\/wp\/v2\/users\/2"}],"replies":[{"embeddable":true,"href":"https:\/\/www.europesays.com\/es\/wp-json\/wp\/v2\/comments?post=162494"}],"version-history":[{"count":0,"href":"https:\/\/www.europesays.com\/es\/wp-json\/wp\/v2\/posts\/162494\/revisions"}],"wp:featuredmedia":[{"embeddable":true,"href":"https:\/\/www.europesays.com\/es\/wp-json\/wp\/v2\/media\/162495"}],"wp:attachment":[{"href":"https:\/\/www.europesays.com\/es\/wp-json\/wp\/v2\/media?parent=162494"}],"wp:term":[{"taxonomy":"category","embeddable":true,"href":"https:\/\/www.europesays.com\/es\/wp-json\/wp\/v2\/categories?post=162494"},{"taxonomy":"post_tag","embeddable":true,"href":"https:\/\/www.europesays.com\/es\/wp-json\/wp\/v2\/tags?post=162494"}],"curies":[{"name":"wp","href":"https:\/\/api.w.org\/{rel}","templated":true}]}}