{"id":162498,"date":"2025-10-08T09:16:09","date_gmt":"2025-10-08T09:16:09","guid":{"rendered":"https:\/\/www.europesays.com\/es\/162498\/"},"modified":"2025-10-08T09:16:09","modified_gmt":"2025-10-08T09:16:09","slug":"las-imagenes-que-hacen-saltar-todas-las-alarmas","status":"publish","type":"post","link":"https:\/\/www.europesays.com\/es\/162498\/","title":{"rendered":"las im\u00e1genes que hacen saltar todas las alarmas"},"content":{"rendered":"<p style=\"\">Han pasado tres a\u00f1os desde que <a href=\"https:\/\/www.abc.es\/gente\/nuevo-proyectos-eva-gonzalez-2025-20241218122111-nt.html\" target=\"_self\" data-voc-vtm-id=\"in-text-traffic\" title=\"Eva Gonz\u00e1lez\" data-mrf-link=\"www.abc.es\" rel=\"nofollow noopener\">Eva Gonz\u00e1lez<\/a> (44 a\u00f1os) y Cayetano Rivera (48 a\u00f1os) pusieron fin a su matrimonio, y durante todo este tiempo la presentadora ha mantenido una <strong>vida discreta<\/strong>,<strong> alejada del foco medi\u00e1tico<\/strong>, <strong>centrada en su hijo<\/strong>  &#8230; y en su trabajo. Pero ahora, unas im\u00e1genes han bastado para que el coraz\u00f3n de la sevillana vuelva a acaparar titulares.<\/p>\n<p class=\"voc-p\" style=\"\">La revista &#8216;Lecturas&#8217; ha publicado esta semana las fotograf\u00edas m\u00e1s comentadas del momento: Eva Gonz\u00e1lez, disfrutando de una ma\u00f1ana en Sevilla junto a un <strong>atractivo acompa\u00f1ante.<\/strong> En las instant\u00e1neas se les ve charlando animadamente en una terraza, compartiendo caf\u00e9 y confidencias. La complicidad entre ambos era evidente. Despu\u00e9s, seg\u00fan detalla el citado medio, se marcharon en el coche de ella y, antes de despedirse, <strong>se fundieron en un beso.<\/strong><\/p>\n<p class=\"voc-p\" style=\"\">\u00abHay fotograf\u00edas donde est\u00e1n muy, muy cari\u00f1osos. Ella sali\u00f3 de su hogar en coche, condujo a un barrio en las afueras de Sevilla y se encontr\u00f3 con \u00e9l\u00bb, adelant\u00f3 Luis Pliego, director de &#8216;Lecturas\u00bb, en el programa &#8216;El tiempo justo&#8217;, confirmando que la presentadora \u00abse la ve feliz, felic\u00edsima\u00bb.<\/p>\n<p class=\"voc-p\" style=\"\">Se trata, seg\u00fan la publicaci\u00f3n, del primer amor que se le conoce a Eva desde que en 2022 pusiera fin a su historia con el torero Cayetano Rivera. Una relaci\u00f3n que comenz\u00f3 en 2009, culmin\u00f3 en boda en 2015 y termin\u00f3 tras varios rumores de crisis. Desde entonces, la sevillana ha insistido en que <strong>se sent\u00eda plena sin pareja<\/strong>. \u00ab\u00bfQu\u00e9 m\u00e1s le puedo pedir a la vida? Tengo salud, tengo trabajo, tengo amistades, a mi ni\u00f1o, que para m\u00ed es lo m\u00e1s importante. <strong>No echo de menos tener pareja<\/strong>. Si llega algo que convenga, bien, \u00a1pero muy bueno tiene que ser!\u00bb, dec\u00eda hace unos meses.<\/p>\n<p class=\"voc-p\" style=\"\">Sin embargo, estas nuevas im\u00e1genes parecen contradecir esa calma sentimental. El reportaje ha despertado una gran expectaci\u00f3n, tanto por la naturalidad con la que se muestran como por el hermetismo que rodea la identidad del hombre. De momento, se trata de un <strong>personaje an\u00f3nimo<\/strong>, ajeno al mundo del espect\u00e1culo, con quien la presentadora <strong>habr\u00eda compartido varias citas.<\/strong><\/p>\n<p class=\"voc-p\" style=\"\">Aun as\u00ed, la historia ha dado un nuevo giro en cuesti\u00f3n de horas. Seg\u00fan ha revelado la revista &#8216;\u00a1Hola!&#8217;, el misterioso acompa\u00f1ante de Eva <strong>no ser\u00eda su nueva pareja<\/strong>, sino \u00absolo un amigo especial\u00bb. Fuentes cercanas a la presentadora aseguran que \u00abentre ellos no existe ning\u00fan tipo de relaci\u00f3n sentimental\u00bb y que, aunque hay evidente complicidad, \u00abno hay nada m\u00e1s detr\u00e1s de esas fotos\u00bb. \u00abEva est\u00e1 feliz, centrada en su hijo y en su trabajo\u00bb, puntualizan.<\/p>\n<p class=\"voc-p\" style=\"\">Lo cierto es que la ex Miss Espa\u00f1a lleva a\u00f1os defendiendo su independencia emocional y la estabilidad que ha encontrado tras su separaci\u00f3n. \u00abEstoy tan bien y tan tranquila as\u00ed, te acostumbras a tener tu vida, tu tranquilidad y tu paz\u00bb, confes\u00f3 recientemente, dejando claro que su prioridad sigue siendo su hijo y su bienestar.<\/p>\n<p class=\"voc-p\" style=\"\">Pese a las aclaraciones, el revuelo medi\u00e1tico est\u00e1 servido. La sevillana, que ha aprendido a convivir con el inter\u00e9s constante por su vida privada, vuelve a ser protagonista de las portadas, aunque con la serenidad de quien ya ha pasado por el hurac\u00e1n. <\/p>\n","protected":false},"excerpt":{"rendered":"Han pasado tres a\u00f1os desde que Eva Gonz\u00e1lez (44 a\u00f1os) y Cayetano Rivera (48 a\u00f1os) pusieron fin a&hellip;\n","protected":false},"author":2,"featured_media":162499,"comment_status":"","ping_status":"","sticky":false,"template":"","format":"standard","meta":{"footnotes":""},"categories":[91],"tags":[17419,7612,146,147,25,24,519,5976,1641,1853,15459,6924,23],"class_list":{"0":"post-162498","1":"post","2":"type-post","3":"status-publish","4":"format-standard","5":"has-post-thumbnail","7":"category-entretenimiento","8":"tag-acompanante","9":"tag-alarmas","10":"tag-entertainment","11":"tag-entretenimiento","12":"tag-es","13":"tag-espana","14":"tag-eva","15":"tag-gonzalez","16":"tag-imagenes","17":"tag-misterioso","18":"tag-saltar","19":"tag-sorprende","20":"tag-spain"},"share_on_mastodon":{"url":"","error":""},"_links":{"self":[{"href":"https:\/\/www.europesays.com\/es\/wp-json\/wp\/v2\/posts\/162498","targetHints":{"allow":["GET"]}}],"collection":[{"href":"https:\/\/www.europesays.com\/es\/wp-json\/wp\/v2\/posts"}],"about":[{"href":"https:\/\/www.europesays.com\/es\/wp-json\/wp\/v2\/types\/post"}],"author":[{"embeddable":true,"href":"https:\/\/www.europesays.com\/es\/wp-json\/wp\/v2\/users\/2"}],"replies":[{"embeddable":true,"href":"https:\/\/www.europesays.com\/es\/wp-json\/wp\/v2\/comments?post=162498"}],"version-history":[{"count":0,"href":"https:\/\/www.europesays.com\/es\/wp-json\/wp\/v2\/posts\/162498\/revisions"}],"wp:featuredmedia":[{"embeddable":true,"href":"https:\/\/www.europesays.com\/es\/wp-json\/wp\/v2\/media\/162499"}],"wp:attachment":[{"href":"https:\/\/www.europesays.com\/es\/wp-json\/wp\/v2\/media?parent=162498"}],"wp:term":[{"taxonomy":"category","embeddable":true,"href":"https:\/\/www.europesays.com\/es\/wp-json\/wp\/v2\/categories?post=162498"},{"taxonomy":"post_tag","embeddable":true,"href":"https:\/\/www.europesays.com\/es\/wp-json\/wp\/v2\/tags?post=162498"}],"curies":[{"name":"wp","href":"https:\/\/api.w.org\/{rel}","templated":true}]}}